{"id":83764,"date":"2018-03-10T00:07:55","date_gmt":"2018-03-10T00:07:55","guid":{"rendered":"https:\/\/www.deberes.net\/tesis\/sin-categoria\/valoracion-de-la-salud-oral-en-pacientes-con-deficiencia-intelectual\/"},"modified":"2018-03-10T00:07:55","modified_gmt":"2018-03-10T00:07:55","slug":"valoracion-de-la-salud-oral-en-pacientes-con-deficiencia-intelectual","status":"publish","type":"post","link":"https:\/\/www.deberes.net\/tesis\/ciencias-medicas\/valoracion-de-la-salud-oral-en-pacientes-con-deficiencia-intelectual\/","title":{"rendered":"Valoraci\u00f3n de la salud oral en pacientes con deficiencia intelectual"},"content":{"rendered":"<h2>Tesis doctoral de <strong> Est\u00edbaliz Ramila S\u00e1nchez <\/strong><\/h2>\n<p>Son personas con deficiencia intelectual todas aquellas cuyo grado de inteligencia, dentro de un amplio margen, tiene un valor situado por debajo de lso l\u00edmites establecidos como normales. Este grupo de pacientes especiales est\u00e1 inegrado por individuos muy dispares: son muchos los s\u00edndromes y procesos patol\u00f3gicos en los que el retraso mental forma parte de la cl\u00ednica; desde alteraciones gen\u00e9ticas a procesos infecciosos, pasando por traumatismo, comprtiendo todos ellos un s\u00edntoma com\u00fan: la deficiencia intelectual.  la variabilidad es aun mayor considerando que la propia discapacidad lo puede ser en diferentes grados, cada uno de ellos determinado en funci\u00f3n del cociente intelectual y otras pruebas que estiman la capacidad de adaptaci\u00f3n a las exigencias ambientales y sociales.  ante tanta diversidad, es fundamental tener en cuenta las manifestaciones cl\u00ednicas originadas por los s\u00edndromes o patolog\u00edas de base, junto conlos procesos secundarios a \u00e9stos o a la necesidad de instauraci\u00f3n de un tratameinto farmacol\u00f3gico. Todo ello puede presentar repercusiones a nivel orofacila de mayor o mendor gravedad.  con respecto a las afecciones maxilofaciales en concreto, se analizan los tejidos que puedieran estar implicados en ellas, describiendo diferentes tipos de manifestaciones: anomal\u00edas \u00f3seas (de tama\u00f1o, de forma &#8230;), Alteraciones de tejidos blandos (labios, lengua, &#8230;), Afecciones dentarias (de tama\u00f1o, forma, n\u00famero, caries, &#8230;), Incluyendo h\u00e1bitos an\u00f3malos (respiraci\u00f3noral, interposici\u00f3n lingual y\/o labial).  del an\u00e1lisis de todos estos aspectos en cada uno de los integrantes de una muestra aleatoria de personas con retraso mental de grados moderado y leve, los resutlados obtenidos muestran una elevada preValencia de determinadas patolog\u00edas, lo cual deja traslucir una mayor susceptibilidad de algunos de estos pacientes a cierto afecciones, siendo de considerable improtancia la gran falta de atenci\u00f3n personal y p<\/p>\n<p>&nbsp;<\/p>\n<h3>Datos acad\u00e9micos de la tesis doctoral \u00ab<strong>Valoraci\u00f3n de la salud oral en pacientes con deficiencia intelectual<\/strong>\u00ab<\/h3>\n<ul>\n<li><strong>T\u00edtulo de la tesis:<\/strong>\u00a0 Valoraci\u00f3n de la salud oral en pacientes con deficiencia intelectual <\/li>\n<li><strong>Autor:<\/strong>\u00a0 Est\u00edbaliz Ramila S\u00e1nchez <\/li>\n<li><strong>Universidad:<\/strong>\u00a0 Pa\u00eds vasco\/euskal herriko unibertsitatea<\/li>\n<li><strong>Fecha de lectura de la tesis:<\/strong>\u00a0 14\/03\/2000<\/li>\n<\/ul>\n<p>&nbsp;<\/p>\n<h3>Direcci\u00f3n y tribunal<\/h3>\n<ul>\n<li><strong>Director de la tesis<\/strong>\n<ul>\n<li> Goiriena De Gandarias Gandarias Francisco Javier<\/li>\n<\/ul>\n<\/li>\n<li><strong>Tribunal<\/strong>\n<ul>\n<li>Presidente del tribunal: montserrat Barranquero arola <\/li>\n<li>leonor Perez lajarin (vocal)<\/li>\n<li>Elena Barber\u00eda leache (vocal)<\/li>\n<li>Miguel Lopez valverde (vocal)<\/li>\n<\/ul>\n<\/li>\n<\/ul>\n<p>&nbsp;<\/p>\n","protected":false},"excerpt":{"rendered":"<p>Tesis doctoral de Est\u00edbaliz Ramila S\u00e1nchez Son personas con deficiencia intelectual todas aquellas cuyo grado de inteligencia, dentro de un [&hellip;]<\/p>\n","protected":false},"author":1,"featured_media":0,"comment_status":"open","ping_status":"open","sticky":false,"template":"","format":"standard","meta":{"site-sidebar-layout":"default","site-content-layout":"","ast-site-content-layout":"","site-content-style":"default","site-sidebar-style":"default","ast-global-header-display":"","ast-banner-title-visibility":"","ast-main-header-display":"","ast-hfb-above-header-display":"","ast-hfb-below-header-display":"","ast-hfb-mobile-header-display":"","site-post-title":"","ast-breadcrumbs-content":"","ast-featured-img":"","footer-sml-layout":"","theme-transparent-header-meta":"","adv-header-id-meta":"","stick-header-meta":"","header-above-stick-meta":"","header-main-stick-meta":"","header-below-stick-meta":"","astra-migrate-meta-layouts":"default","ast-page-background-enabled":"default","ast-page-background-meta":{"desktop":{"background-color":"var(--ast-global-color-4)","background-image":"","background-repeat":"repeat","background-position":"center center","background-size":"auto","background-attachment":"scroll","background-type":"","background-media":"","overlay-type":"","overlay-color":"","overlay-gradient":""},"tablet":{"background-color":"","background-image":"","background-repeat":"repeat","background-position":"center center","background-size":"auto","background-attachment":"scroll","background-type":"","background-media":"","overlay-type":"","overlay-color":"","overlay-gradient":""},"mobile":{"background-color":"","background-image":"","background-repeat":"repeat","background-position":"center center","background-size":"auto","background-attachment":"scroll","background-type":"","background-media":"","overlay-type":"","overlay-color":"","overlay-gradient":""}},"ast-content-background-meta":{"desktop":{"background-color":"var(--ast-global-color-5)","background-image":"","background-repeat":"repeat","background-position":"center center","background-size":"auto","background-attachment":"scroll","background-type":"","background-media":"","overlay-type":"","overlay-color":"","overlay-gradient":""},"tablet":{"background-color":"var(--ast-global-color-5)","background-image":"","background-repeat":"repeat","background-position":"center center","background-size":"auto","background-attachment":"scroll","background-type":"","background-media":"","overlay-type":"","overlay-color":"","overlay-gradient":""},"mobile":{"background-color":"var(--ast-global-color-5)","background-image":"","background-repeat":"repeat","background-position":"center center","background-size":"auto","background-attachment":"scroll","background-type":"","background-media":"","overlay-type":"","overlay-color":"","overlay-gradient":""}},"footnotes":""},"categories":[9,141,15568,140,12909,324,961],"tags":[4995,177347,95644,25152,13265,28238],"class_list":["post-83764","post","type-post","status-publish","format-standard","hentry","category-ciencias-medicas","category-cirugia","category-deficiencia-mental","category-estomatologia-y-ortodoncia","category-pais-vasco-euskal-herriko-unibertsitatea","category-psicologia","category-psicologia-de-la-anormalidad","tag-elena-barberia-leache","tag-estibaliz-ramila-sanchez","tag-goiriena-de-gandarias-gandarias-francisco-javier","tag-leonor-perez-lajarin","tag-miguel-lopez-valverde","tag-montserrat-barranquero-arola"],"_links":{"self":[{"href":"https:\/\/www.deberes.net\/tesis\/wp-json\/wp\/v2\/posts\/83764","targetHints":{"allow":["GET"]}}],"collection":[{"href":"https:\/\/www.deberes.net\/tesis\/wp-json\/wp\/v2\/posts"}],"about":[{"href":"https:\/\/www.deberes.net\/tesis\/wp-json\/wp\/v2\/types\/post"}],"author":[{"embeddable":true,"href":"https:\/\/www.deberes.net\/tesis\/wp-json\/wp\/v2\/users\/1"}],"replies":[{"embeddable":true,"href":"https:\/\/www.deberes.net\/tesis\/wp-json\/wp\/v2\/comments?post=83764"}],"version-history":[{"count":0,"href":"https:\/\/www.deberes.net\/tesis\/wp-json\/wp\/v2\/posts\/83764\/revisions"}],"wp:attachment":[{"href":"https:\/\/www.deberes.net\/tesis\/wp-json\/wp\/v2\/media?parent=83764"}],"wp:term":[{"taxonomy":"category","embeddable":true,"href":"https:\/\/www.deberes.net\/tesis\/wp-json\/wp\/v2\/categories?post=83764"},{"taxonomy":"post_tag","embeddable":true,"href":"https:\/\/www.deberes.net\/tesis\/wp-json\/wp\/v2\/tags?post=83764"}],"curies":[{"name":"wp","href":"https:\/\/api.w.org\/{rel}","templated":true}]}}