{"id":83830,"date":"2018-03-10T00:08:00","date_gmt":"2018-03-10T00:08:00","guid":{"rendered":"https:\/\/www.deberes.net\/tesis\/sin-categoria\/sindicalismo-vertical-franquista-en-la-provincia-de-leon-1938-1977\/"},"modified":"2018-03-10T00:08:00","modified_gmt":"2018-03-10T00:08:00","slug":"sindicalismo-vertical-franquista-en-la-provincia-de-leon-1938-1977","status":"publish","type":"post","link":"https:\/\/www.deberes.net\/tesis\/historia\/sindicalismo-vertical-franquista-en-la-provincia-de-leon-1938-1977\/","title":{"rendered":"Sindicalismo vertical franquista en la provincia de leon, 1938-1977"},"content":{"rendered":"<h2>Tesis doctoral de <strong> Pedro Victor Fernandez  Fernandez <\/strong><\/h2>\n<p>En 1938 se asienta la estructura sindical franquista en la provincia de le\u00f3n, sobre la base del ideario falangista, con el objeto de superar la lucha de clases y asegurar la paz social. Se pretend\u00eda crear un gigantesco sindicato de intereses comunes entre empresarios y obreros. En le\u00f3n se asienta una central nacional-sindicalista que pone en marcha sus entidades verticales: hermandades de labradores y ganaderos, el sindicato del combustible(miner\u00eda), redes comarcales y locales, la vertiente asistencial y las ramas econ\u00f3micas de producci\u00f3n. Tambi\u00e9n se encarga de elementos internos: cuota sindical y elecciones sindicales. la institucionalizaci\u00f3n del verticalismo pasar\u00e1 por las fases econ\u00f3micas de la autarqu\u00eda y el desarrollismo provinciales. Tras 1958 comienza una nueva etapa con elementos sindicales renovadores, que hacen abandonar la ideolog\u00eda falangista a favor de tareas asesoras y de encuadramiento de la masa trabajadora: los convenios colectivos y los jurados de empresa. Comenzar\u00e1n por ello los brotes de oposici\u00f3n sindical obrera(cc.Oo. Y hoac). Tras la crisis de 1973, el le\u00f3n agrario y el le\u00f3n minero tomar\u00e1n sus propias iniciativas fuera del sindicato, hasta que en 1977 se produce su desaparici\u00f3n a favor del sindicalismo de clase.<\/p>\n<p>&nbsp;<\/p>\n<h3>Datos acad\u00e9micos de la tesis doctoral \u00ab<strong>Sindicalismo vertical franquista en la provincia de leon, 1938-1977<\/strong>\u00ab<\/h3>\n<ul>\n<li><strong>T\u00edtulo de la tesis:<\/strong>\u00a0 Sindicalismo vertical franquista en la provincia de leon, 1938-1977 <\/li>\n<li><strong>Autor:<\/strong>\u00a0 Pedro Victor Fernandez  Fernandez <\/li>\n<li><strong>Universidad:<\/strong>\u00a0 Le\u00f3n<\/li>\n<li><strong>Fecha de lectura de la tesis:<\/strong>\u00a0 20\/03\/2000<\/li>\n<\/ul>\n<p>&nbsp;<\/p>\n<h3>Direcci\u00f3n y tribunal<\/h3>\n<ul>\n<li><strong>Director de la tesis<\/strong>\n<ul>\n<li>Francisco Caranto\u00f1a Alvarez<\/li>\n<\/ul>\n<\/li>\n<li><strong>Tribunal<\/strong>\n<ul>\n<li>Presidente del tribunal: david Ruiz gonzalez <\/li>\n<li>Francisco Erice sebares (vocal)<\/li>\n<li>encarna Nicolas marin (vocal)<\/li>\n<li>Manuel Redero san roman (vocal)<\/li>\n<\/ul>\n<\/li>\n<\/ul>\n<p>&nbsp;<\/p>\n","protected":false},"excerpt":{"rendered":"<p>Tesis doctoral de Pedro Victor Fernandez Fernandez En 1938 se asienta la estructura sindical franquista en la provincia de le\u00f3n, [&hellip;]<\/p>\n","protected":false},"author":1,"featured_media":0,"comment_status":"open","ping_status":"open","sticky":false,"template":"","format":"standard","meta":{"site-sidebar-layout":"default","site-content-layout":"","ast-site-content-layout":"","site-content-style":"default","site-sidebar-style":"default","ast-global-header-display":"","ast-banner-title-visibility":"","ast-main-header-display":"","ast-hfb-above-header-display":"","ast-hfb-below-header-display":"","ast-hfb-mobile-header-display":"","site-post-title":"","ast-breadcrumbs-content":"","ast-featured-img":"","footer-sml-layout":"","theme-transparent-header-meta":"","adv-header-id-meta":"","stick-header-meta":"","header-above-stick-meta":"","header-main-stick-meta":"","header-below-stick-meta":"","astra-migrate-meta-layouts":"default","ast-page-background-enabled":"default","ast-page-background-meta":{"desktop":{"background-color":"var(--ast-global-color-4)","background-image":"","background-repeat":"repeat","background-position":"center center","background-size":"auto","background-attachment":"scroll","background-type":"","background-media":"","overlay-type":"","overlay-color":"","overlay-gradient":""},"tablet":{"background-color":"","background-image":"","background-repeat":"repeat","background-position":"center center","background-size":"auto","background-attachment":"scroll","background-type":"","background-media":"","overlay-type":"","overlay-color":"","overlay-gradient":""},"mobile":{"background-color":"","background-image":"","background-repeat":"repeat","background-position":"center center","background-size":"auto","background-attachment":"scroll","background-type":"","background-media":"","overlay-type":"","overlay-color":"","overlay-gradient":""}},"ast-content-background-meta":{"desktop":{"background-color":"var(--ast-global-color-5)","background-image":"","background-repeat":"repeat","background-position":"center center","background-size":"auto","background-attachment":"scroll","background-type":"","background-media":"","overlay-type":"","overlay-color":"","overlay-gradient":""},"tablet":{"background-color":"var(--ast-global-color-5)","background-image":"","background-repeat":"repeat","background-position":"center center","background-size":"auto","background-attachment":"scroll","background-type":"","background-media":"","overlay-type":"","overlay-color":"","overlay-gradient":""},"mobile":{"background-color":"var(--ast-global-color-5)","background-image":"","background-repeat":"repeat","background-position":"center center","background-size":"auto","background-attachment":"scroll","background-type":"","background-media":"","overlay-type":"","overlay-color":"","overlay-gradient":""}},"footnotes":""},"categories":[104,3538,220,222,4430],"tags":[16818,28708,42659,103126,25832,177443],"class_list":["post-83830","post","type-post","status-publish","format-standard","hentry","category-historia","category-historia-de-las-ideas-politicas","category-historia-por-epocas","category-historias-especializadas","category-leon","tag-david-ruiz-gonzalez","tag-encarna-nicolas-marin","tag-francisco-carantona-alvarez","tag-francisco-erice-sebares","tag-manuel-redero-san-roman","tag-pedro-victor-fernandez-fernandez"],"_links":{"self":[{"href":"https:\/\/www.deberes.net\/tesis\/wp-json\/wp\/v2\/posts\/83830","targetHints":{"allow":["GET"]}}],"collection":[{"href":"https:\/\/www.deberes.net\/tesis\/wp-json\/wp\/v2\/posts"}],"about":[{"href":"https:\/\/www.deberes.net\/tesis\/wp-json\/wp\/v2\/types\/post"}],"author":[{"embeddable":true,"href":"https:\/\/www.deberes.net\/tesis\/wp-json\/wp\/v2\/users\/1"}],"replies":[{"embeddable":true,"href":"https:\/\/www.deberes.net\/tesis\/wp-json\/wp\/v2\/comments?post=83830"}],"version-history":[{"count":0,"href":"https:\/\/www.deberes.net\/tesis\/wp-json\/wp\/v2\/posts\/83830\/revisions"}],"wp:attachment":[{"href":"https:\/\/www.deberes.net\/tesis\/wp-json\/wp\/v2\/media?parent=83830"}],"wp:term":[{"taxonomy":"category","embeddable":true,"href":"https:\/\/www.deberes.net\/tesis\/wp-json\/wp\/v2\/categories?post=83830"},{"taxonomy":"post_tag","embeddable":true,"href":"https:\/\/www.deberes.net\/tesis\/wp-json\/wp\/v2\/tags?post=83830"}],"curies":[{"name":"wp","href":"https:\/\/api.w.org\/{rel}","templated":true}]}}