{"id":83846,"date":"2018-03-10T00:08:00","date_gmt":"2018-03-10T00:08:00","guid":{"rendered":"https:\/\/www.deberes.net\/tesis\/sin-categoria\/para-que-nos-nombraran-nos-negamos-el-nombre-construcciones-discursivas-sobre-el-ejercito-zapatista-de-liberacion-nacional-de-enero-a-marzo-de-1994\/"},"modified":"2018-03-10T00:08:00","modified_gmt":"2018-03-10T00:08:00","slug":"para-que-nos-nombraran-nos-negamos-el-nombre-construcciones-discursivas-sobre-el-ejercito-zapatista-de-liberacion-nacional-de-enero-a-marzo-de-1994","status":"publish","type":"post","link":"https:\/\/www.deberes.net\/tesis\/sociologia\/para-que-nos-nombraran-nos-negamos-el-nombre-construcciones-discursivas-sobre-el-ejercito-zapatista-de-liberacion-nacional-de-enero-a-marzo-de-1994\/","title":{"rendered":"Para que nos nombraran nos negamos el nombre construcciones discursivas sobre el ej\u00e9rcito zapatista de liberaci\u00f3n nacional de enero a marzo de 1994"},"content":{"rendered":"<h2>Tesis doctoral de <strong> Raquel Ribeiro Toral <\/strong><\/h2>\n<p>Desde la perspectiva de la psicolog\u00eda social cr\u00edtica y del socioconstruccionismo, analizo art\u00edculos de opini\u00f3n y editoriales de la prensa mexicana as\u00ed como comunicados del exln, a fin de interpretar las diversas construcciones discrusivas que hicieron sobre la caracterizaci\u00f3n de los zapatistas.  el discruso es una construcci\u00f3n social cuyo objetivo es convencer sobre una determinada realidad, argumentando su postura ideol\u00f3gica mediante una organizaci\u00f3n ling\u00ed\u00bcistica, por ello, el an\u00e1lisis del discurso es la metodolog\u00eda adecuada para investigarlo, al permitir desentra\u00f1ar esa organizaci\u00f3n discursiva para mostrar c\u00f3mo ha sido construido, cuales son sus funciones y qu\u00e9 efectos psicosociales provoca.<\/p>\n<p>&nbsp;<\/p>\n<h3>Datos acad\u00e9micos de la tesis doctoral \u00ab<strong>Para que nos nombraran nos negamos el nombre construcciones discursivas sobre el ej\u00e9rcito zapatista de liberaci\u00f3n nacional de enero a marzo de 1994<\/strong>\u00ab<\/h3>\n<ul>\n<li><strong>T\u00edtulo de la tesis:<\/strong>\u00a0 Para que nos nombraran nos negamos el nombre construcciones discursivas sobre el ej\u00e9rcito zapatista de liberaci\u00f3n nacional de enero a marzo de 1994 <\/li>\n<li><strong>Autor:<\/strong>\u00a0 Raquel Ribeiro Toral <\/li>\n<li><strong>Universidad:<\/strong>\u00a0 Aut\u00f3noma de barcelona<\/li>\n<li><strong>Fecha de lectura de la tesis:<\/strong>\u00a0 21\/03\/2000<\/li>\n<\/ul>\n<p>&nbsp;<\/p>\n<h3>Direcci\u00f3n y tribunal<\/h3>\n<ul>\n<li><strong>Director de la tesis<\/strong>\n<ul>\n<li>Lupicinio I\u00f1iguez Rueda<\/li>\n<\/ul>\n<\/li>\n<li><strong>Tribunal<\/strong>\n<ul>\n<li>Presidente del tribunal: tom\u00e1s Iba\u00f1ez gracia <\/li>\n<li>Mar\u00eda Luisa Mart\u00edn rojo (vocal)<\/li>\n<li>teun Van dijk (vocal)<\/li>\n<li>agnes Vayreda duran (vocal)<\/li>\n<\/ul>\n<\/li>\n<\/ul>\n<p>&nbsp;<\/p>\n","protected":false},"excerpt":{"rendered":"<p>Tesis doctoral de Raquel Ribeiro Toral Desde la perspectiva de la psicolog\u00eda social cr\u00edtica y del socioconstruccionismo, analizo art\u00edculos de [&hellip;]<\/p>\n","protected":false},"author":1,"featured_media":0,"comment_status":"open","ping_status":"open","sticky":false,"template":"","format":"standard","meta":{"site-sidebar-layout":"default","site-content-layout":"","ast-site-content-layout":"","site-content-style":"default","site-sidebar-style":"default","ast-global-header-display":"","ast-banner-title-visibility":"","ast-main-header-display":"","ast-hfb-above-header-display":"","ast-hfb-below-header-display":"","ast-hfb-mobile-header-display":"","site-post-title":"","ast-breadcrumbs-content":"","ast-featured-img":"","footer-sml-layout":"","theme-transparent-header-meta":"","adv-header-id-meta":"","stick-header-meta":"","header-above-stick-meta":"","header-main-stick-meta":"","header-below-stick-meta":"","astra-migrate-meta-layouts":"default","ast-page-background-enabled":"default","ast-page-background-meta":{"desktop":{"background-color":"var(--ast-global-color-4)","background-image":"","background-repeat":"repeat","background-position":"center center","background-size":"auto","background-attachment":"scroll","background-type":"","background-media":"","overlay-type":"","overlay-color":"","overlay-gradient":""},"tablet":{"background-color":"","background-image":"","background-repeat":"repeat","background-position":"center center","background-size":"auto","background-attachment":"scroll","background-type":"","background-media":"","overlay-type":"","overlay-color":"","overlay-gradient":""},"mobile":{"background-color":"","background-image":"","background-repeat":"repeat","background-position":"center center","background-size":"auto","background-attachment":"scroll","background-type":"","background-media":"","overlay-type":"","overlay-color":"","overlay-gradient":""}},"ast-content-background-meta":{"desktop":{"background-color":"var(--ast-global-color-5)","background-image":"","background-repeat":"repeat","background-position":"center center","background-size":"auto","background-attachment":"scroll","background-type":"","background-media":"","overlay-type":"","overlay-color":"","overlay-gradient":""},"tablet":{"background-color":"var(--ast-global-color-5)","background-image":"","background-repeat":"repeat","background-position":"center center","background-size":"auto","background-attachment":"scroll","background-type":"","background-media":"","overlay-type":"","overlay-color":"","overlay-gradient":""},"mobile":{"background-color":"var(--ast-global-color-5)","background-image":"","background-repeat":"repeat","background-position":"center center","background-size":"auto","background-attachment":"scroll","background-type":"","background-media":"","overlay-type":"","overlay-color":"","overlay-gradient":""}},"footnotes":""},"categories":[42876,6025,324,996,269,32761],"tags":[172966,1171,78473,177464,140660,6711],"class_list":["post-83846","post","type-post","status-publish","format-standard","hentry","category-diseno-de-encuestas-sociales","category-estudio-psicologico-de-cuestiones-sociales","category-psicologia","category-psicologia-social","category-sociologia","category-sociologia-experimental","tag-agnes-vayreda-duran","tag-lupicinio-iniguez-rueda","tag-maria-luisa-martin-rojo","tag-raquel-ribeiro-toral","tag-teun-van-dijk","tag-tomas-ibanez-gracia"],"_links":{"self":[{"href":"https:\/\/www.deberes.net\/tesis\/wp-json\/wp\/v2\/posts\/83846","targetHints":{"allow":["GET"]}}],"collection":[{"href":"https:\/\/www.deberes.net\/tesis\/wp-json\/wp\/v2\/posts"}],"about":[{"href":"https:\/\/www.deberes.net\/tesis\/wp-json\/wp\/v2\/types\/post"}],"author":[{"embeddable":true,"href":"https:\/\/www.deberes.net\/tesis\/wp-json\/wp\/v2\/users\/1"}],"replies":[{"embeddable":true,"href":"https:\/\/www.deberes.net\/tesis\/wp-json\/wp\/v2\/comments?post=83846"}],"version-history":[{"count":0,"href":"https:\/\/www.deberes.net\/tesis\/wp-json\/wp\/v2\/posts\/83846\/revisions"}],"wp:attachment":[{"href":"https:\/\/www.deberes.net\/tesis\/wp-json\/wp\/v2\/media?parent=83846"}],"wp:term":[{"taxonomy":"category","embeddable":true,"href":"https:\/\/www.deberes.net\/tesis\/wp-json\/wp\/v2\/categories?post=83846"},{"taxonomy":"post_tag","embeddable":true,"href":"https:\/\/www.deberes.net\/tesis\/wp-json\/wp\/v2\/tags?post=83846"}],"curies":[{"name":"wp","href":"https:\/\/api.w.org\/{rel}","templated":true}]}}