{"id":83859,"date":"2018-03-10T00:08:03","date_gmt":"2018-03-10T00:08:03","guid":{"rendered":"https:\/\/www.deberes.net\/tesis\/sin-categoria\/idea-y-vivencia-de-europa-en-la-espana-del-siglo-xviii\/"},"modified":"2018-03-10T00:08:03","modified_gmt":"2018-03-10T00:08:03","slug":"idea-y-vivencia-de-europa-en-la-espana-del-siglo-xviii","status":"publish","type":"post","link":"https:\/\/www.deberes.net\/tesis\/historia\/idea-y-vivencia-de-europa-en-la-espana-del-siglo-xviii\/","title":{"rendered":"Idea y vivencia de europa en la espa\u00f1a del siglo xviii"},"content":{"rendered":"<h2>Tesis doctoral de <strong> Alejandro Diz Gomez <\/strong><\/h2>\n<p>Estudio acerca de la idea de europa que se configura en el siglo xviii, cuando toma plena conciencia de s\u00ed misma, y c\u00f3mo espa\u00f1a particip\u00f3 en esa configuraci\u00f3n y tuvo la vivencia de esa nueva europa en sincron\u00eda con otros pueblos europeos.  an\u00e1lisis de c\u00f3mo la espa\u00f1a de la iustraci\u00f3n recepcion\u00f3 y manej\u00f3 el mismo utillaje mental y dispuso del mismo transfondo mental que la europa de su tiempo.  espa\u00f1a en el siglo xviii, especialmente en su segunda mitad, tuvo conciencia del europe\u00edmo, entendido por entonces como un nuevo espacio mental y cultural.  en la tesis se analizan las diversas caracter\u00edsticas que conformaron la nueva idea de europa, y c\u00f3mo se asumiejron o fueron pensadas en espa\u00f1a: los conceptos de civilizaci\u00f3n y cultura; nuevos usos y costubmres; el reconocimiento y el inter\u00e9s por los otros, la historizaci\u00f3n de la naci\u00f3n como parte de la historia de europa; la pol\u00e9mica antiguos y modernos, el principo de tolerancia; los modelos ut\u00f3picos; los cuerpos nacionales y el principo del equilibrio europeo; el derecho de gentes y la elaboraci\u00f3n te\u00f3rica de unos sistemas de organizaci\u00f3n internacionales; la idea de decadencia; la estructura de mercado y la idea de una sociedad abierta; la ciencia y la t\u00e9cnia; la unidad cultural de europa y la rep\u00fablica de las letras, la formaci\u00f3n de un p\u00fablico lector y de una opini\u00f3n p\u00fablica; la vivencia del cosmopolitismo y de los viajes; una nueva axiolog\u00eda y un nuevo papel de la smujeres en la sociedad; el papel de espa\u00f1a como potencia dentro del cuerpo pol\u00edtico europeo, y el fen\u00f3meno de la formaci\u00f3n de la naci\u00f3n en su acepci\u00f3n moderan en el contexto erupeo, y el fen\u00f3meno de la formaci\u00f3n de la naci\u00f3n en su acepci\u00f3n moderna en el contexto europeo.  tambi\u00e9n se analiza la pol\u00e9mica de las apolog\u00edas y contraapolog\u00edas que se desarroll\u00f3 en el siglo xviii acerca de las cr\u00edticas extranjeras a espa\u00f1a, en la perspectiva de una aportaci\u00f3n precoz a la visi\u00f3n de plur<\/p>\n<p>&nbsp;<\/p>\n<h3>Datos acad\u00e9micos de la tesis doctoral \u00ab<strong>Idea y vivencia de europa en la espa\u00f1a del siglo xviii<\/strong>\u00ab<\/h3>\n<ul>\n<li><strong>T\u00edtulo de la tesis:<\/strong>\u00a0 Idea y vivencia de europa en la espa\u00f1a del siglo xviii <\/li>\n<li><strong>Autor:<\/strong>\u00a0 Alejandro Diz Gomez <\/li>\n<li><strong>Universidad:<\/strong>\u00a0 Complutense de Madrid<\/li>\n<li><strong>Fecha de lectura de la tesis:<\/strong>\u00a0 23\/03\/2000<\/li>\n<\/ul>\n<p>&nbsp;<\/p>\n<h3>Direcci\u00f3n y tribunal<\/h3>\n<ul>\n<li><strong>Director de la tesis<\/strong>\n<ul>\n<li>Carmen Iglesias Cano<\/li>\n<\/ul>\n<\/li>\n<li><strong>Tribunal<\/strong>\n<ul>\n<li>Presidente del tribunal: gonzalo Anes alvarez <\/li>\n<li>pedro \u00e1lvarez de miranda (vocal)<\/li>\n<li>Mar\u00eda  victoria Lopez-cordon cortezo (vocal)<\/li>\n<li>agostino Borromeo (vocal)<\/li>\n<\/ul>\n<\/li>\n<\/ul>\n<p>&nbsp;<\/p>\n","protected":false},"excerpt":{"rendered":"<p>Tesis doctoral de Alejandro Diz Gomez Estudio acerca de la idea de europa que se configura en el siglo xviii, [&hellip;]<\/p>\n","protected":false},"author":1,"featured_media":0,"comment_status":"open","ping_status":"open","sticky":false,"template":"","format":"standard","meta":{"site-sidebar-layout":"default","site-content-layout":"","ast-site-content-layout":"","site-content-style":"default","site-sidebar-style":"default","ast-global-header-display":"","ast-banner-title-visibility":"","ast-main-header-display":"","ast-hfb-above-header-display":"","ast-hfb-below-header-display":"","ast-hfb-mobile-header-display":"","site-post-title":"","ast-breadcrumbs-content":"","ast-featured-img":"","footer-sml-layout":"","theme-transparent-header-meta":"","adv-header-id-meta":"","stick-header-meta":"","header-above-stick-meta":"","header-main-stick-meta":"","header-below-stick-meta":"","astra-migrate-meta-layouts":"default","ast-page-background-enabled":"default","ast-page-background-meta":{"desktop":{"background-color":"var(--ast-global-color-4)","background-image":"","background-repeat":"repeat","background-position":"center center","background-size":"auto","background-attachment":"scroll","background-type":"","background-media":"","overlay-type":"","overlay-color":"","overlay-gradient":""},"tablet":{"background-color":"","background-image":"","background-repeat":"repeat","background-position":"center center","background-size":"auto","background-attachment":"scroll","background-type":"","background-media":"","overlay-type":"","overlay-color":"","overlay-gradient":""},"mobile":{"background-color":"","background-image":"","background-repeat":"repeat","background-position":"center center","background-size":"auto","background-attachment":"scroll","background-type":"","background-media":"","overlay-type":"","overlay-color":"","overlay-gradient":""}},"ast-content-background-meta":{"desktop":{"background-color":"var(--ast-global-color-5)","background-image":"","background-repeat":"repeat","background-position":"center center","background-size":"auto","background-attachment":"scroll","background-type":"","background-media":"","overlay-type":"","overlay-color":"","overlay-gradient":""},"tablet":{"background-color":"var(--ast-global-color-5)","background-image":"","background-repeat":"repeat","background-position":"center center","background-size":"auto","background-attachment":"scroll","background-type":"","background-media":"","overlay-type":"","overlay-color":"","overlay-gradient":""},"mobile":{"background-color":"var(--ast-global-color-5)","background-image":"","background-repeat":"repeat","background-position":"center center","background-size":"auto","background-attachment":"scroll","background-type":"","background-media":"","overlay-type":"","overlay-color":"","overlay-gradient":""}},"footnotes":""},"categories":[104,106,989,220],"tags":[177482,177481,18570,92610,5360,6427],"class_list":["post-83859","post","type-post","status-publish","format-standard","hentry","category-historia","category-historia-general","category-historia-moderna","category-historia-por-epocas","tag-agostino-borromeo","tag-alejandro-diz-gomez","tag-carmen-iglesias-cano","tag-gonzalo-anes-alvarez","tag-maria-victoria-lopez-cordon-cortezo","tag-pedro-alvarez-de-miranda"],"_links":{"self":[{"href":"https:\/\/www.deberes.net\/tesis\/wp-json\/wp\/v2\/posts\/83859","targetHints":{"allow":["GET"]}}],"collection":[{"href":"https:\/\/www.deberes.net\/tesis\/wp-json\/wp\/v2\/posts"}],"about":[{"href":"https:\/\/www.deberes.net\/tesis\/wp-json\/wp\/v2\/types\/post"}],"author":[{"embeddable":true,"href":"https:\/\/www.deberes.net\/tesis\/wp-json\/wp\/v2\/users\/1"}],"replies":[{"embeddable":true,"href":"https:\/\/www.deberes.net\/tesis\/wp-json\/wp\/v2\/comments?post=83859"}],"version-history":[{"count":0,"href":"https:\/\/www.deberes.net\/tesis\/wp-json\/wp\/v2\/posts\/83859\/revisions"}],"wp:attachment":[{"href":"https:\/\/www.deberes.net\/tesis\/wp-json\/wp\/v2\/media?parent=83859"}],"wp:term":[{"taxonomy":"category","embeddable":true,"href":"https:\/\/www.deberes.net\/tesis\/wp-json\/wp\/v2\/categories?post=83859"},{"taxonomy":"post_tag","embeddable":true,"href":"https:\/\/www.deberes.net\/tesis\/wp-json\/wp\/v2\/tags?post=83859"}],"curies":[{"name":"wp","href":"https:\/\/api.w.org\/{rel}","templated":true}]}}