{"id":83903,"date":"2018-03-10T00:08:03","date_gmt":"2018-03-10T00:08:03","guid":{"rendered":"https:\/\/www.deberes.net\/tesis\/sin-categoria\/el-asiento-de-cancelacion-negocial-del-crecito-hipotecario\/"},"modified":"2018-03-10T00:08:03","modified_gmt":"2018-03-10T00:08:03","slug":"el-asiento-de-cancelacion-negocial-del-crecito-hipotecario","status":"publish","type":"post","link":"https:\/\/www.deberes.net\/tesis\/ciencias-juridicas-y-derecho\/el-asiento-de-cancelacion-negocial-del-crecito-hipotecario\/","title":{"rendered":"\u00abel asiento de cancelacion negocial del crecito hipotecario\u00bb"},"content":{"rendered":"<h2>Tesis doctoral de <strong> Mar\u00eda Go\u00f1i Rodriguez De Almeida <\/strong><\/h2>\n<p>El objetivo del presente trabajo es estudiar el asiento de cancelacion registral, que se lleva a cabo a trav\u00e9s del negocio cancelatorio, y que pone fin a la inscripci\u00f3n del credito hipotecario. Para ello, se dedica una primera parte al estudio general del asiento de cancelacion: sus caracteristicas, requisitos y efectos. En la segunda parte se analiza el concreto asiento de cancelacion negocial, referido unicamente como medio de poner fin definitivamente a la inscripci\u00f3n de credito hipotecario. En particular, se estudian los requisitos negociales (del propio negocio cancelatorio) del mismo, es decir, los sujetos, objeto, causa y forma de ese consentimiento cancelatorio; y, asimismo, sus requisitos registrales, que no son m\u00e1s que las exigencias derivadas de la aplicaci\u00f3n de los principios hipotecarios a ese asiento de cancelaci\u00f3n. Por \u00faltimo, se dedica especial atenci\u00f3n al desarrollo de los efectos de dicho asiento, en concreto, a su posible eficacia constitutiva, precisamente, por el objeto de la inscripci\u00f3n cancelada.<\/p>\n<p>&nbsp;<\/p>\n<h3>Datos acad\u00e9micos de la tesis doctoral \u00ab<strong>\u00abel asiento de cancelacion negocial del crecito hipotecario\u00bb<\/strong>\u00ab<\/h3>\n<ul>\n<li><strong>T\u00edtulo de la tesis:<\/strong>\u00a0 \u00abel asiento de cancelacion negocial del crecito hipotecario\u00bb <\/li>\n<li><strong>Autor:<\/strong>\u00a0 Mar\u00eda Go\u00f1i Rodriguez De Almeida <\/li>\n<li><strong>Universidad:<\/strong>\u00a0 Navarra<\/li>\n<li><strong>Fecha de lectura de la tesis:<\/strong>\u00a0 24\/03\/2000<\/li>\n<\/ul>\n<p>&nbsp;<\/p>\n<h3>Direcci\u00f3n y tribunal<\/h3>\n<ul>\n<li><strong>Director de la tesis<\/strong>\n<ul>\n<li>Luis Ignacio Arechederra Aranzadi<\/li>\n<\/ul>\n<\/li>\n<li><strong>Tribunal<\/strong>\n<ul>\n<li>Presidente del tribunal: Jos\u00e9 Antonio Doral garcia de pazos <\/li>\n<li>Jos\u00e9 Antonio \u00e1lvarez caperochipi (vocal)<\/li>\n<li>ramon Duran rivacoba (vocal)<\/li>\n<li>camino Sanci\u00f1ena asurmendi (vocal)<\/li>\n<\/ul>\n<\/li>\n<\/ul>\n<p>&nbsp;<\/p>\n","protected":false},"excerpt":{"rendered":"<p>Tesis doctoral de Mar\u00eda Go\u00f1i Rodriguez De Almeida El objetivo del presente trabajo es estudiar el asiento de cancelacion registral, [&hellip;]<\/p>\n","protected":false},"author":1,"featured_media":0,"comment_status":"open","ping_status":"open","sticky":false,"template":"","format":"standard","meta":{"site-sidebar-layout":"default","site-content-layout":"","ast-site-content-layout":"","site-content-style":"default","site-sidebar-style":"default","ast-global-header-display":"","ast-banner-title-visibility":"","ast-main-header-display":"","ast-hfb-above-header-display":"","ast-hfb-below-header-display":"","ast-hfb-mobile-header-display":"","site-post-title":"","ast-breadcrumbs-content":"","ast-featured-img":"","footer-sml-layout":"","theme-transparent-header-meta":"","adv-header-id-meta":"","stick-header-meta":"","header-above-stick-meta":"","header-main-stick-meta":"","header-below-stick-meta":"","astra-migrate-meta-layouts":"default","ast-page-background-enabled":"default","ast-page-background-meta":{"desktop":{"background-color":"var(--ast-global-color-4)","background-image":"","background-repeat":"repeat","background-position":"center center","background-size":"auto","background-attachment":"scroll","background-type":"","background-media":"","overlay-type":"","overlay-color":"","overlay-gradient":""},"tablet":{"background-color":"","background-image":"","background-repeat":"repeat","background-position":"center center","background-size":"auto","background-attachment":"scroll","background-type":"","background-media":"","overlay-type":"","overlay-color":"","overlay-gradient":""},"mobile":{"background-color":"","background-image":"","background-repeat":"repeat","background-position":"center center","background-size":"auto","background-attachment":"scroll","background-type":"","background-media":"","overlay-type":"","overlay-color":"","overlay-gradient":""}},"ast-content-background-meta":{"desktop":{"background-color":"var(--ast-global-color-5)","background-image":"","background-repeat":"repeat","background-position":"center center","background-size":"auto","background-attachment":"scroll","background-type":"","background-media":"","overlay-type":"","overlay-color":"","overlay-gradient":""},"tablet":{"background-color":"var(--ast-global-color-5)","background-image":"","background-repeat":"repeat","background-position":"center center","background-size":"auto","background-attachment":"scroll","background-type":"","background-media":"","overlay-type":"","overlay-color":"","overlay-gradient":""},"mobile":{"background-color":"var(--ast-global-color-5)","background-image":"","background-repeat":"repeat","background-position":"center center","background-size":"auto","background-attachment":"scroll","background-type":"","background-media":"","overlay-type":"","overlay-color":"","overlay-gradient":""}},"footnotes":""},"categories":[612,1251,979,17749],"tags":[32325,139312,17913,32292,177553,17301],"class_list":["post-83903","post","type-post","status-publish","format-standard","hentry","category-ciencias-juridicas-y-derecho","category-derecho-civil","category-derecho-y-legislacion-nacionales","category-navarra","tag-camino-sancinena-asurmendi","tag-jose-antonio-alvarez-caperochipi","tag-jose-antonio-doral-garcia-de-pazos","tag-luis-ignacio-arechederra-aranzadi","tag-maria-goni-rodriguez-de-almeida","tag-ramon-duran-rivacoba"],"_links":{"self":[{"href":"https:\/\/www.deberes.net\/tesis\/wp-json\/wp\/v2\/posts\/83903","targetHints":{"allow":["GET"]}}],"collection":[{"href":"https:\/\/www.deberes.net\/tesis\/wp-json\/wp\/v2\/posts"}],"about":[{"href":"https:\/\/www.deberes.net\/tesis\/wp-json\/wp\/v2\/types\/post"}],"author":[{"embeddable":true,"href":"https:\/\/www.deberes.net\/tesis\/wp-json\/wp\/v2\/users\/1"}],"replies":[{"embeddable":true,"href":"https:\/\/www.deberes.net\/tesis\/wp-json\/wp\/v2\/comments?post=83903"}],"version-history":[{"count":0,"href":"https:\/\/www.deberes.net\/tesis\/wp-json\/wp\/v2\/posts\/83903\/revisions"}],"wp:attachment":[{"href":"https:\/\/www.deberes.net\/tesis\/wp-json\/wp\/v2\/media?parent=83903"}],"wp:term":[{"taxonomy":"category","embeddable":true,"href":"https:\/\/www.deberes.net\/tesis\/wp-json\/wp\/v2\/categories?post=83903"},{"taxonomy":"post_tag","embeddable":true,"href":"https:\/\/www.deberes.net\/tesis\/wp-json\/wp\/v2\/tags?post=83903"}],"curies":[{"name":"wp","href":"https:\/\/api.w.org\/{rel}","templated":true}]}}