{"id":83908,"date":"2018-03-10T00:08:08","date_gmt":"2018-03-10T00:08:08","guid":{"rendered":"https:\/\/www.deberes.net\/tesis\/sin-categoria\/autoeficacia-percibida-cumplimiento-terapeutico-y-mejora-de-los-resultados-de-rehabilitacion\/"},"modified":"2018-03-10T00:08:08","modified_gmt":"2018-03-10T00:08:08","slug":"autoeficacia-percibida-cumplimiento-terapeutico-y-mejora-de-los-resultados-de-rehabilitacion","status":"publish","type":"post","link":"https:\/\/www.deberes.net\/tesis\/psicologia\/autoeficacia-percibida-cumplimiento-terapeutico-y-mejora-de-los-resultados-de-rehabilitacion\/","title":{"rendered":"Autoeficacia percibida, cumplimiento terap\u00e9utico y mejora de los resultados de rehabilitaci\u00f3n"},"content":{"rendered":"<h2>Tesis doctoral de <strong> Esther Sitges Maci\u00e1 <\/strong><\/h2>\n<p>Las investigaciones acerca de c\u00f3mo los factores cognitivos influyen en los comportamientos relacionados con la salud realizadas desde lso mcs, han aportado una valiosa contribuci\u00f3n a la mejora del entendimiento de qui\u00e9nes modifican las conductas de salud y c\u00f3mo los factores extr\u00ednsecos pueden producir cambios conductuales.  tras la revisi\u00f3n realizada de los trabajos te\u00f3ricos y emp\u00edricos acerca de la influencia de los factores cognitivos sobre las conductas de salud, y en concreto del complimiento terap\u00e9utico, nos planteamos en esta investigaci\u00f3n realizar un estudio con pacientes que acuden a los servicios de rehabilitaci\u00f3n de cuatro hospitales de la provincia de alicante para evaluar la influencia de la ap, tanto de forma gen\u00e9rica como espec\u00edfica y las expectativas de resultado de dicho pacientes, en el cumplimiento con el tratamiento prescrito y los resultados del mismo.Siguiendo las recomendaciones para la evaluaci\u00f3n de los tratamientos seg\u00fan la literatura revisada, pretendimos evaluar dichos resultados a trav\u00e9s de las mejor\u00edas observadas por el m\u00e9dico y con una escala espec\u00edfica de evaluaci\u00f3n de la mejor\u00eda para estos pacientes, as\u00ed como los resultados evaluados por los pacientes a trav\u00e9s de un cuestionario de evaluaci\u00f3n multidimensional de estado de salud percibido.  el objetivo general fue el identificar la relaci\u00f3n existente entre la autoeficacia percibida (gen\u00e9rica y espec\u00edfica), las expectativas de resultados y el cumplimiento terap\u00e9utico con los resultados obtenidos por los pacientes tras un tratamiento de rehabilitaci\u00f3n f\u00edsica.  la hip\u00f3tesis de trabajo fue que aquellos pacientes con mayores expectativas de autoeficacia percibida tanto general como espec\u00edfica para la realizaci\u00f3n del tratamiento y con mayores expectativas de resultados del mismo, cumplir\u00e1n mejor el r\u00e9gimen terape\u00fatico prescrito y obtendr\u00e1n, por lo tanto, unas puntuaciones m\u00e1s altas en la evaluaci\u00f3n de los resultados tras el t<\/p>\n<p>&nbsp;<\/p>\n<h3>Datos acad\u00e9micos de la tesis doctoral \u00ab<strong>Autoeficacia percibida, cumplimiento terap\u00e9utico y mejora de los resultados de rehabilitaci\u00f3n<\/strong>\u00ab<\/h3>\n<ul>\n<li><strong>T\u00edtulo de la tesis:<\/strong>\u00a0 Autoeficacia percibida, cumplimiento terap\u00e9utico y mejora de los resultados de rehabilitaci\u00f3n <\/li>\n<li><strong>Autor:<\/strong>\u00a0 Esther Sitges Maci\u00e1 <\/li>\n<li><strong>Universidad:<\/strong>\u00a0 Miguel hern\u00e1ndez de elche<\/li>\n<li><strong>Fecha de lectura de la tesis:<\/strong>\u00a0 24\/03\/2000<\/li>\n<\/ul>\n<p>&nbsp;<\/p>\n<h3>Direcci\u00f3n y tribunal<\/h3>\n<ul>\n<li><strong>Director de la tesis<\/strong>\n<ul>\n<li>Jes\u00fas Rodriguez Marin<\/li>\n<\/ul>\n<\/li>\n<li><strong>Tribunal<\/strong>\n<ul>\n<li>Presidente del tribunal: heliodoro Carpintero capell <\/li>\n<li>Elena Qui\u00f1ones vidal (vocal)<\/li>\n<li>Antonio Cano vindel (vocal)<\/li>\n<li>sof\u00eda L\u00f3pez roig (vocal)<\/li>\n<\/ul>\n<\/li>\n<\/ul>\n<p>&nbsp;<\/p>\n","protected":false},"excerpt":{"rendered":"<p>Tesis doctoral de Esther Sitges Maci\u00e1 Las investigaciones acerca de c\u00f3mo los factores cognitivos influyen en los comportamientos relacionados con [&hellip;]<\/p>\n","protected":false},"author":1,"featured_media":0,"comment_status":"open","ping_status":"open","sticky":false,"template":"","format":"standard","meta":{"site-sidebar-layout":"default","site-content-layout":"","ast-site-content-layout":"","site-content-style":"default","site-sidebar-style":"default","ast-global-header-display":"","ast-banner-title-visibility":"","ast-main-header-display":"","ast-hfb-above-header-display":"","ast-hfb-below-header-display":"","ast-hfb-mobile-header-display":"","site-post-title":"","ast-breadcrumbs-content":"","ast-featured-img":"","footer-sml-layout":"","theme-transparent-header-meta":"","adv-header-id-meta":"","stick-header-meta":"","header-above-stick-meta":"","header-main-stick-meta":"","header-below-stick-meta":"","astra-migrate-meta-layouts":"default","ast-page-background-enabled":"default","ast-page-background-meta":{"desktop":{"background-color":"var(--ast-global-color-4)","background-image":"","background-repeat":"repeat","background-position":"center center","background-size":"auto","background-attachment":"scroll","background-type":"","background-media":"","overlay-type":"","overlay-color":"","overlay-gradient":""},"tablet":{"background-color":"","background-image":"","background-repeat":"repeat","background-position":"center center","background-size":"auto","background-attachment":"scroll","background-type":"","background-media":"","overlay-type":"","overlay-color":"","overlay-gradient":""},"mobile":{"background-color":"","background-image":"","background-repeat":"repeat","background-position":"center center","background-size":"auto","background-attachment":"scroll","background-type":"","background-media":"","overlay-type":"","overlay-color":"","overlay-gradient":""}},"ast-content-background-meta":{"desktop":{"background-color":"var(--ast-global-color-5)","background-image":"","background-repeat":"repeat","background-position":"center center","background-size":"auto","background-attachment":"scroll","background-type":"","background-media":"","overlay-type":"","overlay-color":"","overlay-gradient":""},"tablet":{"background-color":"var(--ast-global-color-5)","background-image":"","background-repeat":"repeat","background-position":"center center","background-size":"auto","background-attachment":"scroll","background-type":"","background-media":"","overlay-type":"","overlay-color":"","overlay-gradient":""},"mobile":{"background-color":"var(--ast-global-color-5)","background-image":"","background-repeat":"repeat","background-position":"center center","background-size":"auto","background-attachment":"scroll","background-type":"","background-media":"","overlay-type":"","overlay-color":"","overlay-gradient":""}},"footnotes":""},"categories":[41497,4264,37169,324,440],"tags":[5268,11572,177558,9338,11866,19483],"class_list":["post-83908","post","type-post","status-publish","format-standard","hentry","category-afrontamiento-de-la-enfermedad","category-asesoramiento-y-orientacion-psicologicas","category-miguel-hernandez-de-elche","category-psicologia","category-psicologia-general","tag-antonio-cano-vindel","tag-elena-quinones-vidal","tag-esther-sitges-macia","tag-heliodoro-carpintero-capell","tag-jesus-rodriguez-marin","tag-sofia-lopez-roig"],"_links":{"self":[{"href":"https:\/\/www.deberes.net\/tesis\/wp-json\/wp\/v2\/posts\/83908","targetHints":{"allow":["GET"]}}],"collection":[{"href":"https:\/\/www.deberes.net\/tesis\/wp-json\/wp\/v2\/posts"}],"about":[{"href":"https:\/\/www.deberes.net\/tesis\/wp-json\/wp\/v2\/types\/post"}],"author":[{"embeddable":true,"href":"https:\/\/www.deberes.net\/tesis\/wp-json\/wp\/v2\/users\/1"}],"replies":[{"embeddable":true,"href":"https:\/\/www.deberes.net\/tesis\/wp-json\/wp\/v2\/comments?post=83908"}],"version-history":[{"count":0,"href":"https:\/\/www.deberes.net\/tesis\/wp-json\/wp\/v2\/posts\/83908\/revisions"}],"wp:attachment":[{"href":"https:\/\/www.deberes.net\/tesis\/wp-json\/wp\/v2\/media?parent=83908"}],"wp:term":[{"taxonomy":"category","embeddable":true,"href":"https:\/\/www.deberes.net\/tesis\/wp-json\/wp\/v2\/categories?post=83908"},{"taxonomy":"post_tag","embeddable":true,"href":"https:\/\/www.deberes.net\/tesis\/wp-json\/wp\/v2\/tags?post=83908"}],"curies":[{"name":"wp","href":"https:\/\/api.w.org\/{rel}","templated":true}]}}