{"id":83953,"date":"2018-03-10T00:08:08","date_gmt":"2018-03-10T00:08:08","guid":{"rendered":"https:\/\/www.deberes.net\/tesis\/sin-categoria\/el-lai-breton-como-genero-literario-origen-y-transformacion\/"},"modified":"2018-03-10T00:08:08","modified_gmt":"2018-03-10T00:08:08","slug":"el-lai-breton-como-genero-literario-origen-y-transformacion","status":"publish","type":"post","link":"https:\/\/www.deberes.net\/tesis\/ciencias-de-las-artes-y-las-letras\/el-lai-breton-como-genero-literario-origen-y-transformacion\/","title":{"rendered":"El lai breton como g\u00e9nero literario: origen y transformaci\u00f3n"},"content":{"rendered":"<h2>Tesis doctoral de <strong> Elisa Cifuentes P\u00e9rez <\/strong><\/h2>\n<p>Partiendo de la presunci\u00f3n de que el lai bret\u00f3n posee un modo especial de composici\u00f3n, hemos tratado de remontarnos en sus or\u00edgenes para despu\u00e9s comparar las primeras manifestaciones de las que tenemos constancia, los lais de marie de france y otros lais an\u00f3nimos escritos en franc\u00e9s, con los ocho lais en ingles medio, y finalizar la comparaci\u00f3n con un corpus m\u00e1s tard\u00edo, inclu\u00eddo en el cancionero gallego-portugu\u00e9s de la bilioteca nacional de lisboa, conocido como lais de bretanha.  la tesis estudia la articulaci\u00f3n tem\u00e1tica de dichas composiciones, analiza sus estructura narrativa, es decir, el modelo argumental, el papel de los protagonistas masculinos y femeninos, personajes secundarios, paisajes y simbolog\u00eda, para ppder concluir sobre la categor\u00eda generica del lai bret\u00f3n.  el m\u00e9todo utilizado ha sido el del \u00e1nalisis textual de todas las composiciones para poder llegar a conclusiones v\u00e1lidas sobre la estructura narrativa de las mismas y sus variaciones, intentando plantear una nueva visi\u00f3n sobre la transformaci\u00f3n de este g\u00e9nero literario conocido como lai bret\u00f3n, abriendo una puerta a futuras investigaciones y ediciones.<\/p>\n<p>&nbsp;<\/p>\n<h3>Datos acad\u00e9micos de la tesis doctoral \u00ab<strong>El lai breton como g\u00e9nero literario: origen y transformaci\u00f3n<\/strong>\u00ab<\/h3>\n<ul>\n<li><strong>T\u00edtulo de la tesis:<\/strong>\u00a0 El lai breton como g\u00e9nero literario: origen y transformaci\u00f3n <\/li>\n<li><strong>Autor:<\/strong>\u00a0 Elisa Cifuentes P\u00e9rez <\/li>\n<li><strong>Universidad:<\/strong>\u00a0 Alcal\u00e1<\/li>\n<li><strong>Fecha de lectura de la tesis:<\/strong>\u00a0 29\/03\/2000<\/li>\n<\/ul>\n<p>&nbsp;<\/p>\n<h3>Direcci\u00f3n y tribunal<\/h3>\n<ul>\n<li><strong>Director de la tesis<\/strong>\n<ul>\n<li>Ricardo Jes\u00fas Sola Buil<\/li>\n<\/ul>\n<\/li>\n<li><strong>Tribunal<\/strong>\n<ul>\n<li>Presidente del tribunal: Juan  fernando Galvan reula <\/li>\n<li>catalina Montes mozo (vocal)<\/li>\n<li>Carlos Alvar ezquerra (vocal)<\/li>\n<li>Antonio Leon sendra (vocal)<\/li>\n<\/ul>\n<\/li>\n<\/ul>\n<p>&nbsp;<\/p>\n","protected":false},"excerpt":{"rendered":"<p>Tesis doctoral de Elisa Cifuentes P\u00e9rez Partiendo de la presunci\u00f3n de que el lai bret\u00f3n posee un modo especial de [&hellip;]<\/p>\n","protected":false},"author":1,"featured_media":0,"comment_status":"open","ping_status":"open","sticky":false,"template":"","format":"standard","meta":{"site-sidebar-layout":"default","site-content-layout":"","ast-site-content-layout":"","site-content-style":"default","site-sidebar-style":"default","ast-global-header-display":"","ast-banner-title-visibility":"","ast-main-header-display":"","ast-hfb-above-header-display":"","ast-hfb-below-header-display":"","ast-hfb-mobile-header-display":"","site-post-title":"","ast-breadcrumbs-content":"","ast-featured-img":"","footer-sml-layout":"","theme-transparent-header-meta":"","adv-header-id-meta":"","stick-header-meta":"","header-above-stick-meta":"","header-main-stick-meta":"","header-below-stick-meta":"","astra-migrate-meta-layouts":"default","ast-page-background-enabled":"default","ast-page-background-meta":{"desktop":{"background-color":"var(--ast-global-color-4)","background-image":"","background-repeat":"repeat","background-position":"center center","background-size":"auto","background-attachment":"scroll","background-type":"","background-media":"","overlay-type":"","overlay-color":"","overlay-gradient":""},"tablet":{"background-color":"","background-image":"","background-repeat":"repeat","background-position":"center center","background-size":"auto","background-attachment":"scroll","background-type":"","background-media":"","overlay-type":"","overlay-color":"","overlay-gradient":""},"mobile":{"background-color":"","background-image":"","background-repeat":"repeat","background-position":"center center","background-size":"auto","background-attachment":"scroll","background-type":"","background-media":"","overlay-type":"","overlay-color":"","overlay-gradient":""}},"ast-content-background-meta":{"desktop":{"background-color":"var(--ast-global-color-5)","background-image":"","background-repeat":"repeat","background-position":"center center","background-size":"auto","background-attachment":"scroll","background-type":"","background-media":"","overlay-type":"","overlay-color":"","overlay-gradient":""},"tablet":{"background-color":"var(--ast-global-color-5)","background-image":"","background-repeat":"repeat","background-position":"center center","background-size":"auto","background-attachment":"scroll","background-type":"","background-media":"","overlay-type":"","overlay-color":"","overlay-gradient":""},"mobile":{"background-color":"var(--ast-global-color-5)","background-image":"","background-repeat":"repeat","background-position":"center center","background-size":"auto","background-attachment":"scroll","background-type":"","background-media":"","overlay-type":"","overlay-color":"","overlay-gradient":""}},"footnotes":""},"categories":[17426,148,147,628],"tags":[2289,6095,3246,177626,8962,4183],"class_list":["post-83953","post","type-post","status-publish","format-standard","hentry","category-alcala","category-analisis-literario","category-ciencias-de-las-artes-y-las-letras","category-teoria-analisis-y-critica-literarios","tag-antonio-leon-sendra","tag-carlos-alvar-ezquerra","tag-catalina-montes-mozo","tag-elisa-cifuentes-perez","tag-juan-fernando-galvan-reula","tag-ricardo-jesus-sola-buil"],"_links":{"self":[{"href":"https:\/\/www.deberes.net\/tesis\/wp-json\/wp\/v2\/posts\/83953","targetHints":{"allow":["GET"]}}],"collection":[{"href":"https:\/\/www.deberes.net\/tesis\/wp-json\/wp\/v2\/posts"}],"about":[{"href":"https:\/\/www.deberes.net\/tesis\/wp-json\/wp\/v2\/types\/post"}],"author":[{"embeddable":true,"href":"https:\/\/www.deberes.net\/tesis\/wp-json\/wp\/v2\/users\/1"}],"replies":[{"embeddable":true,"href":"https:\/\/www.deberes.net\/tesis\/wp-json\/wp\/v2\/comments?post=83953"}],"version-history":[{"count":0,"href":"https:\/\/www.deberes.net\/tesis\/wp-json\/wp\/v2\/posts\/83953\/revisions"}],"wp:attachment":[{"href":"https:\/\/www.deberes.net\/tesis\/wp-json\/wp\/v2\/media?parent=83953"}],"wp:term":[{"taxonomy":"category","embeddable":true,"href":"https:\/\/www.deberes.net\/tesis\/wp-json\/wp\/v2\/categories?post=83953"},{"taxonomy":"post_tag","embeddable":true,"href":"https:\/\/www.deberes.net\/tesis\/wp-json\/wp\/v2\/tags?post=83953"}],"curies":[{"name":"wp","href":"https:\/\/api.w.org\/{rel}","templated":true}]}}