{"id":83962,"date":"2018-03-10T00:08:08","date_gmt":"2018-03-10T00:08:08","guid":{"rendered":"https:\/\/www.deberes.net\/tesis\/sin-categoria\/prevalencia-de-rinitis-alergica-y-eczema-atopico-en-poblacion-escolar-de-castello\/"},"modified":"2018-03-10T00:08:08","modified_gmt":"2018-03-10T00:08:08","slug":"prevalencia-de-rinitis-alergica-y-eczema-atopico-en-poblacion-escolar-de-castello","status":"publish","type":"post","link":"https:\/\/www.deberes.net\/tesis\/ciencias-medicas\/prevalencia-de-rinitis-alergica-y-eczema-atopico-en-poblacion-escolar-de-castello\/","title":{"rendered":"PreValencia de rinitis alergica y eczema atopico en poblacion escolar de castello"},"content":{"rendered":"<h2>Tesis doctoral de <strong> Alberto Arnedo Pena <\/strong><\/h2>\n<p>Se determin\u00f3 la preValencia, severidad y factores de riesgo(fr) de la rinitis al\u00e9rgica (ra),y del eczema atopico(ea) en la poblacion escolar de 6-7 a\u00f1os y 13-14 a\u00f1os de castello, y de 6 localidades proximas mediante un estudio transversal con un cuestionario sobre sintomas de ra y ea, seg\u00fan la metodolog\u00eda isaac (international study of asthma and allergies in chilhood), cumplimentado por escolares o sus padres. Se us\u00f3 regresi\u00f3n log\u00edstica en el analisis estadistico.  se estudiaron 3607 escolares del grupo menor y 3094 del grupo mayor con participacion del 81,0% y 93,8%, respectivamente. La preValencia de rinoconjuntivitis alergica(rca) en el ultimo a\u00f1o fue 3,8% en los menores y 13,4% en los mayores, y la de alergia nasal alguna vez, 3,6% y 6,7%, existiendo restricci\u00f3n de actividades diarias en el 3,5% (grupo menor) y 6,5%(grupo mayor). En ambos grupos los factores de riesgo(fr) de la rca fueron: historia familiar de ra, historia de asma, y de dermatitis atopica(da): en  los menores, adem\u00e1s, edad 7 a\u00f1os, historia de bronquitis y de sinusitis; en los mayores, sexo femenino, fumar la madre en casa, vivir pr\u00f3ximo al mar, nacer en noviembre-abril, y periodo de estudio enero-marzo.  la preValencia de ea en los \u00faltimos 12 meses fue 3,0% en los menores y 2,9% en los mayores, y la de da alguna vez, 15,0%(grupo menor) y 6,8%(grupo mayor), con una severidad del 0,5% y 0,6% en ambos grupos , los fr de ea fueron:historia de asma y de alergia nasal; en el grupo menor, historia familiar de da,nacer en diciembre-febrero, y fumar la madre en casa, siendo protectores clase social alta y vivir pr\u00f3ximo al mar. En los mayores, nacer en castell\u00f3 fue protector y el periodo de estudio enero-marzo fue fr.  al comparar con otros estudios isaac de nuestros ambito o inernacionales, la preValencia de ea fue muy baja y la de rca inferior a la mediana; aunque se evidenci\u00f3 un subdiagnostico en ambas. Destacaron como fr, la base genetica, la historia de<\/p>\n<p>&nbsp;<\/p>\n<h3>Datos acad\u00e9micos de la tesis doctoral \u00ab<strong>PreValencia de rinitis alergica y eczema atopico en poblacion escolar de castello<\/strong>\u00ab<\/h3>\n<ul>\n<li><strong>T\u00edtulo de la tesis:<\/strong>\u00a0 PreValencia de rinitis alergica y eczema atopico en poblacion escolar de castello <\/li>\n<li><strong>Autor:<\/strong>\u00a0 Alberto Arnedo Pena <\/li>\n<li><strong>Universidad:<\/strong>\u00a0 Pa\u00eds vasco\/euskal herriko unibertsitatea<\/li>\n<li><strong>Fecha de lectura de la tesis:<\/strong>\u00a0 30\/03\/2000<\/li>\n<\/ul>\n<p>&nbsp;<\/p>\n<h3>Direcci\u00f3n y tribunal<\/h3>\n<ul>\n<li><strong>Director de la tesis<\/strong>\n<ul>\n<li>Francisco Guillen Grima<\/li>\n<\/ul>\n<\/li>\n<li><strong>Tribunal<\/strong>\n<ul>\n<li>Presidente del tribunal: joaqu\u00edn Fern\u00e1ndez-crehuet navajas <\/li>\n<li>Alberto Ascherio (vocal)<\/li>\n<li>Miguel Delgado rodriguez (vocal)<\/li>\n<li>enrique Gomez gracia (vocal)<\/li>\n<\/ul>\n<\/li>\n<\/ul>\n<p>&nbsp;<\/p>\n","protected":false},"excerpt":{"rendered":"<p>Tesis doctoral de Alberto Arnedo Pena Se determin\u00f3 la preValencia, severidad y factores de riesgo(fr) de la rinitis al\u00e9rgica (ra),y [&hellip;]<\/p>\n","protected":false},"author":1,"featured_media":0,"comment_status":"open","ping_status":"open","sticky":false,"template":"","format":"standard","meta":{"site-sidebar-layout":"default","site-content-layout":"","ast-site-content-layout":"","site-content-style":"default","site-sidebar-style":"default","ast-global-header-display":"","ast-banner-title-visibility":"","ast-main-header-display":"","ast-hfb-above-header-display":"","ast-hfb-below-header-display":"","ast-hfb-mobile-header-display":"","site-post-title":"","ast-breadcrumbs-content":"","ast-featured-img":"","footer-sml-layout":"","theme-transparent-header-meta":"","adv-header-id-meta":"","stick-header-meta":"","header-above-stick-meta":"","header-main-stick-meta":"","header-below-stick-meta":"","astra-migrate-meta-layouts":"default","ast-page-background-enabled":"default","ast-page-background-meta":{"desktop":{"background-color":"var(--ast-global-color-4)","background-image":"","background-repeat":"repeat","background-position":"center center","background-size":"auto","background-attachment":"scroll","background-type":"","background-media":"","overlay-type":"","overlay-color":"","overlay-gradient":""},"tablet":{"background-color":"","background-image":"","background-repeat":"repeat","background-position":"center center","background-size":"auto","background-attachment":"scroll","background-type":"","background-media":"","overlay-type":"","overlay-color":"","overlay-gradient":""},"mobile":{"background-color":"","background-image":"","background-repeat":"repeat","background-position":"center center","background-size":"auto","background-attachment":"scroll","background-type":"","background-media":"","overlay-type":"","overlay-color":"","overlay-gradient":""}},"ast-content-background-meta":{"desktop":{"background-color":"var(--ast-global-color-5)","background-image":"","background-repeat":"repeat","background-position":"center center","background-size":"auto","background-attachment":"scroll","background-type":"","background-media":"","overlay-type":"","overlay-color":"","overlay-gradient":""},"tablet":{"background-color":"var(--ast-global-color-5)","background-image":"","background-repeat":"repeat","background-position":"center center","background-size":"auto","background-attachment":"scroll","background-type":"","background-media":"","overlay-type":"","overlay-color":"","overlay-gradient":""},"mobile":{"background-color":"var(--ast-global-color-5)","background-image":"","background-repeat":"repeat","background-position":"center center","background-size":"auto","background-attachment":"scroll","background-type":"","background-media":"","overlay-type":"","overlay-color":"","overlay-gradient":""}},"footnotes":""},"categories":[1957,9,1086,1686,12909,156,967],"tags":[57918,177638,2222,8237,2223,3745],"class_list":["post-83962","post","type-post","status-publish","format-standard","hentry","category-alergias","category-ciencias-medicas","category-epidemiologia","category-medicina-preventiva","category-pais-vasco-euskal-herriko-unibertsitatea","category-patologia","category-salud-publica","tag-alberto-arnedo-pena","tag-alberto-ascherio","tag-enrique-gomez-gracia","tag-francisco-guillen-grima","tag-joaquin-fernandez-crehuet-navajas","tag-miguel-delgado-rodriguez"],"_links":{"self":[{"href":"https:\/\/www.deberes.net\/tesis\/wp-json\/wp\/v2\/posts\/83962","targetHints":{"allow":["GET"]}}],"collection":[{"href":"https:\/\/www.deberes.net\/tesis\/wp-json\/wp\/v2\/posts"}],"about":[{"href":"https:\/\/www.deberes.net\/tesis\/wp-json\/wp\/v2\/types\/post"}],"author":[{"embeddable":true,"href":"https:\/\/www.deberes.net\/tesis\/wp-json\/wp\/v2\/users\/1"}],"replies":[{"embeddable":true,"href":"https:\/\/www.deberes.net\/tesis\/wp-json\/wp\/v2\/comments?post=83962"}],"version-history":[{"count":0,"href":"https:\/\/www.deberes.net\/tesis\/wp-json\/wp\/v2\/posts\/83962\/revisions"}],"wp:attachment":[{"href":"https:\/\/www.deberes.net\/tesis\/wp-json\/wp\/v2\/media?parent=83962"}],"wp:term":[{"taxonomy":"category","embeddable":true,"href":"https:\/\/www.deberes.net\/tesis\/wp-json\/wp\/v2\/categories?post=83962"},{"taxonomy":"post_tag","embeddable":true,"href":"https:\/\/www.deberes.net\/tesis\/wp-json\/wp\/v2\/tags?post=83962"}],"curies":[{"name":"wp","href":"https:\/\/api.w.org\/{rel}","templated":true}]}}