{"id":83977,"date":"2018-03-10T00:08:12","date_gmt":"2018-03-10T00:08:12","guid":{"rendered":"https:\/\/www.deberes.net\/tesis\/sin-categoria\/los-inmigrantes-en-madrid-integracion-y-programas-socioeducativos1978-1998\/"},"modified":"2018-03-10T00:08:12","modified_gmt":"2018-03-10T00:08:12","slug":"los-inmigrantes-en-madrid-integracion-y-programas-socioeducativos1978-1998","status":"publish","type":"post","link":"https:\/\/www.deberes.net\/tesis\/ciencia-politica\/los-inmigrantes-en-madrid-integracion-y-programas-socioeducativos1978-1998\/","title":{"rendered":"Los inmigrantes en Madrid: integraci\u00f3n y programas socioeducativos(1978-1998)"},"content":{"rendered":"<h2>Tesis doctoral de <strong>  Cabala Lasteros Sileny Victoria <\/strong><\/h2>\n<p>Los cambios sociodemogr\u00e1ficos en Madrid, en las dos \u00faltimas d\u00e9cadas, han llevado a exigir a la administraci\u00f3n reformas socioeducativas que se adec\u00faen a las necesidades.  la presencia de numerosas colonias extranjeras hace patente una realidad multicultural en el \u00e1mbito socioeducativo. La integraci\u00f3n de \u00e9stos colectivos va a depender de varios condicionantes de \u00edndole; psicol\u00f3gica-afectiva,cultural, socioeducativa y econ\u00f3mica. La situaci\u00f3n legal-laboral en el que se encuentren las personas extranjeras, repercute de forma negativa en su proyecto migratorio,a s\u00ed como, la apertura del ambiente social en que se desenvuelvan. La integraci\u00f3n de los padres trasciende evidentemente en la integraci\u00f3n de los hijos.  el mundo educativo madrile\u00f1o va dejando notar la presencia de diversas culturas que enriquecen su realidad, y que desde los planteamientos pedag\u00f3gicos deber\u00edan tenerse en cuenta, sin embargo, debido a la falta de recursos econ\u00f3micos y humanos, la concentraci\u00f3n escolar de estos colectivos, la motivaci\u00f3n y desconocimiento del tema migratorio por algunos profesores y otros factores, todo ello, hace que se frene o se haga dificil la integraci\u00f3n socioeducativa de la comunidad escolar. Asimismo, tiene que ver con las posturas y actitudes del alumnado ante la perspectiva migratoria y apertura actitudinal tanto de ni\u00f1os espa\u00f1oles, como de extranjeros hacia la interculturalidad.  como respuesta a la evoluci\u00f3n social madrile\u00f1a, se han dise\u00f1ado numerosos programas socioeducativos desde entidades de la administraci\u00f3n y ongs., algunos de ellos con apoyos dela comisi\u00f3n europea, con el fin de favorecer la integraci\u00f3n social del colectivo extranjero, programas que versan desde la elaboraci\u00f3n de material did\u00e1ctico hasta la intervenci\u00f3n directa con la poblaci\u00f3n inmigrante.<\/p>\n<p>&nbsp;<\/p>\n<h3>Datos acad\u00e9micos de la tesis doctoral \u00ab<strong>Los inmigrantes en Madrid: integraci\u00f3n y programas socioeducativos(1978-1998)<\/strong>\u00ab<\/h3>\n<ul>\n<li><strong>T\u00edtulo de la tesis:<\/strong>\u00a0 Los inmigrantes en Madrid: integraci\u00f3n y programas socioeducativos(1978-1998) <\/li>\n<li><strong>Autor:<\/strong>\u00a0  Cabala Lasteros Sileny Victoria <\/li>\n<li><strong>Universidad:<\/strong>\u00a0 Complutense de Madrid<\/li>\n<li><strong>Fecha de lectura de la tesis:<\/strong>\u00a0 31\/03\/2000<\/li>\n<\/ul>\n<p>&nbsp;<\/p>\n<h3>Direcci\u00f3n y tribunal<\/h3>\n<ul>\n<li><strong>Director de la tesis<\/strong>\n<ul>\n<li> Valle L\u00f3pez Angela Del<\/li>\n<\/ul>\n<\/li>\n<li><strong>Tribunal<\/strong>\n<ul>\n<li>Presidente del tribunal: Mar\u00eda  carmen Labrador herr\u00e1iz <\/li>\n<li>gerardo Hernandez rodriguez (vocal)<\/li>\n<li>gloria Perez serrano (vocal)<\/li>\n<li> Montoya saenz josefa magdalena (vocal)<\/li>\n<\/ul>\n<\/li>\n<\/ul>\n<p>&nbsp;<\/p>\n","protected":false},"excerpt":{"rendered":"<p>Tesis doctoral de Cabala Lasteros Sileny Victoria Los cambios sociodemogr\u00e1ficos en Madrid, en las dos \u00faltimas d\u00e9cadas, han llevado a [&hellip;]<\/p>\n","protected":false},"author":1,"featured_media":0,"comment_status":"open","ping_status":"open","sticky":false,"template":"","format":"standard","meta":{"site-sidebar-layout":"default","site-content-layout":"","ast-site-content-layout":"","site-content-style":"default","site-sidebar-style":"default","ast-global-header-display":"","ast-banner-title-visibility":"","ast-main-header-display":"","ast-hfb-above-header-display":"","ast-hfb-below-header-display":"","ast-hfb-mobile-header-display":"","site-post-title":"","ast-breadcrumbs-content":"","ast-featured-img":"","footer-sml-layout":"","theme-transparent-header-meta":"","adv-header-id-meta":"","stick-header-meta":"","header-above-stick-meta":"","header-main-stick-meta":"","header-below-stick-meta":"","astra-migrate-meta-layouts":"default","ast-page-background-enabled":"default","ast-page-background-meta":{"desktop":{"background-color":"var(--ast-global-color-4)","background-image":"","background-repeat":"repeat","background-position":"center center","background-size":"auto","background-attachment":"scroll","background-type":"","background-media":"","overlay-type":"","overlay-color":"","overlay-gradient":""},"tablet":{"background-color":"","background-image":"","background-repeat":"repeat","background-position":"center center","background-size":"auto","background-attachment":"scroll","background-type":"","background-media":"","overlay-type":"","overlay-color":"","overlay-gradient":""},"mobile":{"background-color":"","background-image":"","background-repeat":"repeat","background-position":"center center","background-size":"auto","background-attachment":"scroll","background-type":"","background-media":"","overlay-type":"","overlay-color":"","overlay-gradient":""}},"ast-content-background-meta":{"desktop":{"background-color":"var(--ast-global-color-5)","background-image":"","background-repeat":"repeat","background-position":"center center","background-size":"auto","background-attachment":"scroll","background-type":"","background-media":"","overlay-type":"","overlay-color":"","overlay-gradient":""},"tablet":{"background-color":"var(--ast-global-color-5)","background-image":"","background-repeat":"repeat","background-position":"center center","background-size":"auto","background-attachment":"scroll","background-type":"","background-media":"","overlay-type":"","overlay-color":"","overlay-gradient":""},"mobile":{"background-color":"var(--ast-global-color-5)","background-image":"","background-repeat":"repeat","background-position":"center center","background-size":"auto","background-attachment":"scroll","background-type":"","background-media":"","overlay-type":"","overlay-color":"","overlay-gradient":""}},"footnotes":""},"categories":[838,13042,1184,1141,9284,839],"tags":[177655,38978,2628,7695,60903,22781],"class_list":["post-83977","post","type-post","status-publish","format-standard","hentry","category-ciencia-politica","category-educacion-de-adultos","category-organizacion-y-planificacion-de-la-educacion","category-pedagogia","category-politica-educativa","category-politicas-sectoriales","tag-cabala-lasteros-sileny-victoria","tag-gerardo-hernandez-rodriguez","tag-gloria-perez-serrano","tag-maria-carmen-labrador-herraiz","tag-montoya-saenz-josefa-magdalena","tag-valle-lopez-angela-del"],"_links":{"self":[{"href":"https:\/\/www.deberes.net\/tesis\/wp-json\/wp\/v2\/posts\/83977","targetHints":{"allow":["GET"]}}],"collection":[{"href":"https:\/\/www.deberes.net\/tesis\/wp-json\/wp\/v2\/posts"}],"about":[{"href":"https:\/\/www.deberes.net\/tesis\/wp-json\/wp\/v2\/types\/post"}],"author":[{"embeddable":true,"href":"https:\/\/www.deberes.net\/tesis\/wp-json\/wp\/v2\/users\/1"}],"replies":[{"embeddable":true,"href":"https:\/\/www.deberes.net\/tesis\/wp-json\/wp\/v2\/comments?post=83977"}],"version-history":[{"count":0,"href":"https:\/\/www.deberes.net\/tesis\/wp-json\/wp\/v2\/posts\/83977\/revisions"}],"wp:attachment":[{"href":"https:\/\/www.deberes.net\/tesis\/wp-json\/wp\/v2\/media?parent=83977"}],"wp:term":[{"taxonomy":"category","embeddable":true,"href":"https:\/\/www.deberes.net\/tesis\/wp-json\/wp\/v2\/categories?post=83977"},{"taxonomy":"post_tag","embeddable":true,"href":"https:\/\/www.deberes.net\/tesis\/wp-json\/wp\/v2\/tags?post=83977"}],"curies":[{"name":"wp","href":"https:\/\/api.w.org\/{rel}","templated":true}]}}