{"id":84016,"date":"2000-01-04T00:00:00","date_gmt":"2000-01-04T00:00:00","guid":{"rendered":"https:\/\/www.deberes.net\/tesis\/sin-categoria\/lenguaje-e-interaccion-verbal-en-el-aula-bases-teoricas-para-el-diseno-pedagogico\/"},"modified":"2000-01-04T00:00:00","modified_gmt":"2000-01-04T00:00:00","slug":"lenguaje-e-interaccion-verbal-en-el-aula-bases-teoricas-para-el-diseno-pedagogico","status":"publish","type":"post","link":"https:\/\/www.deberes.net\/tesis\/pedagogia\/lenguaje-e-interaccion-verbal-en-el-aula-bases-teoricas-para-el-diseno-pedagogico\/","title":{"rendered":"Lenguaje e interaccion verbal en el aula: bases teoricas para el dise\u00f1o pedagogico"},"content":{"rendered":"<h2>Tesis doctoral de <strong> Edison Santiba\u00f1ez Cerda <\/strong><\/h2>\n<p>El objetivo general de esta investigacion consisti\u00f3 en analizar la funci\u00f3n que cumple el lenguaje en la interaccion escolar y asentar las bases te\u00f3ricas para elaborar un dise\u00f1o pedag\u00f3gico.  se trata de un estudio fundamentalmente de analisis descriptivo del lenguaje y la interacci\u00f3n verbal en el aula. Adem\u00e1s, se intenta explicar la forma en que se utiliza el lenguaje para crear conocimiento y comprensi\u00f3n compartidos. la importancia de este analisis se centra principalmente en que estudia al lenguaje no s\u00f3lo desde la perspectiva del discurso didactico, sino adem\u00e1s del discurso relacional y pedagogico.  a trav\u00e9s del analisis de algunos fundamentos filos\u00f3ficos, psicol\u00f3gicos y educativos del lenguaje, se trata de aportar un marco de referencia \u00fatil que permita a los profesores plantearse como estan llevando a cabo sus interacciones verbales en el aula. Adem\u00e1s, se entregan algunos criterios estrategicos para que los profesores dise\u00f1en conversaciones participativas en sus aulas o las apliquen a su propia realidad psicolinguistica escolar.<\/p>\n<p>&nbsp;<\/p>\n<h3>Datos acad\u00e9micos de la tesis doctoral \u00ab<strong>Lenguaje e interaccion verbal en el aula: bases teoricas para el dise\u00f1o pedagogico<\/strong>\u00ab<\/h3>\n<ul>\n<li><strong>T\u00edtulo de la tesis:<\/strong>\u00a0 Lenguaje e interaccion verbal en el aula: bases teoricas para el dise\u00f1o pedagogico <\/li>\n<li><strong>Autor:<\/strong>\u00a0 Edison Santiba\u00f1ez Cerda <\/li>\n<li><strong>Universidad:<\/strong>\u00a0 Navarra<\/li>\n<li><strong>Fecha de lectura de la tesis:<\/strong>\u00a0 01\/04\/2000<\/li>\n<\/ul>\n<p>&nbsp;<\/p>\n<h3>Direcci\u00f3n y tribunal<\/h3>\n<ul>\n<li><strong>Director de la tesis<\/strong>\n<ul>\n<li>Gerardo Aguado Alonso<\/li>\n<\/ul>\n<\/li>\n<li><strong>Tribunal<\/strong>\n<ul>\n<li>Presidente del tribunal: Francisco Miguel Altarejos masota <\/li>\n<li>Jaime Nubiola aguilar (vocal)<\/li>\n<li>Francisco Javier Vergara ciordia (vocal)<\/li>\n<li>Emilio Garrido landibar (vocal)<\/li>\n<\/ul>\n<\/li>\n<\/ul>\n<p>&nbsp;<\/p>\n","protected":false},"excerpt":{"rendered":"<p>Tesis doctoral de Edison Santiba\u00f1ez Cerda El objetivo general de esta investigacion consisti\u00f3 en analizar la funci\u00f3n que cumple el [&hellip;]<\/p>\n","protected":false},"author":1,"featured_media":0,"comment_status":"open","ping_status":"open","sticky":false,"template":"","format":"standard","meta":{"site-sidebar-layout":"default","site-content-layout":"","ast-site-content-layout":"","site-content-style":"default","site-sidebar-style":"default","ast-global-header-display":"","ast-banner-title-visibility":"","ast-main-header-display":"","ast-hfb-above-header-display":"","ast-hfb-below-header-display":"","ast-hfb-mobile-header-display":"","site-post-title":"","ast-breadcrumbs-content":"","ast-featured-img":"","footer-sml-layout":"","theme-transparent-header-meta":"","adv-header-id-meta":"","stick-header-meta":"","header-above-stick-meta":"","header-main-stick-meta":"","header-below-stick-meta":"","astra-migrate-meta-layouts":"default","ast-page-background-enabled":"default","ast-page-background-meta":{"desktop":{"background-color":"var(--ast-global-color-4)","background-image":"","background-repeat":"repeat","background-position":"center center","background-size":"auto","background-attachment":"scroll","background-type":"","background-media":"","overlay-type":"","overlay-color":"","overlay-gradient":""},"tablet":{"background-color":"","background-image":"","background-repeat":"repeat","background-position":"center center","background-size":"auto","background-attachment":"scroll","background-type":"","background-media":"","overlay-type":"","overlay-color":"","overlay-gradient":""},"mobile":{"background-color":"","background-image":"","background-repeat":"repeat","background-position":"center center","background-size":"auto","background-attachment":"scroll","background-type":"","background-media":"","overlay-type":"","overlay-color":"","overlay-gradient":""}},"ast-content-background-meta":{"desktop":{"background-color":"var(--ast-global-color-5)","background-image":"","background-repeat":"repeat","background-position":"center center","background-size":"auto","background-attachment":"scroll","background-type":"","background-media":"","overlay-type":"","overlay-color":"","overlay-gradient":""},"tablet":{"background-color":"var(--ast-global-color-5)","background-image":"","background-repeat":"repeat","background-position":"center center","background-size":"auto","background-attachment":"scroll","background-type":"","background-media":"","overlay-type":"","overlay-color":"","overlay-gradient":""},"mobile":{"background-color":"var(--ast-global-color-5)","background-image":"","background-repeat":"repeat","background-position":"center center","background-size":"auto","background-attachment":"scroll","background-type":"","background-media":"","overlay-type":"","overlay-color":"","overlay-gradient":""}},"footnotes":""},"categories":[17749,1141,1341,11958],"tags":[177717,17960,17236,18265,32026,17996],"class_list":["post-84016","post","type-post","status-publish","format-standard","hentry","category-navarra","category-pedagogia","category-teoria-y-metodos-educativos","category-teorias-educativas","tag-edison-santibanez-cerda","tag-emilio-garrido-landibar","tag-francisco-javier-vergara-ciordia","tag-francisco-miguel-altarejos-masota","tag-gerardo-aguado-alonso","tag-jaime-nubiola-aguilar"],"_links":{"self":[{"href":"https:\/\/www.deberes.net\/tesis\/wp-json\/wp\/v2\/posts\/84016","targetHints":{"allow":["GET"]}}],"collection":[{"href":"https:\/\/www.deberes.net\/tesis\/wp-json\/wp\/v2\/posts"}],"about":[{"href":"https:\/\/www.deberes.net\/tesis\/wp-json\/wp\/v2\/types\/post"}],"author":[{"embeddable":true,"href":"https:\/\/www.deberes.net\/tesis\/wp-json\/wp\/v2\/users\/1"}],"replies":[{"embeddable":true,"href":"https:\/\/www.deberes.net\/tesis\/wp-json\/wp\/v2\/comments?post=84016"}],"version-history":[{"count":0,"href":"https:\/\/www.deberes.net\/tesis\/wp-json\/wp\/v2\/posts\/84016\/revisions"}],"wp:attachment":[{"href":"https:\/\/www.deberes.net\/tesis\/wp-json\/wp\/v2\/media?parent=84016"}],"wp:term":[{"taxonomy":"category","embeddable":true,"href":"https:\/\/www.deberes.net\/tesis\/wp-json\/wp\/v2\/categories?post=84016"},{"taxonomy":"post_tag","embeddable":true,"href":"https:\/\/www.deberes.net\/tesis\/wp-json\/wp\/v2\/tags?post=84016"}],"curies":[{"name":"wp","href":"https:\/\/api.w.org\/{rel}","templated":true}]}}