{"id":84031,"date":"2000-03-04T00:00:00","date_gmt":"2000-03-04T00:00:00","guid":{"rendered":"https:\/\/www.deberes.net\/tesis\/sin-categoria\/los-contenidos-actitudinales-en-educacion-fa%c2%adsica-en-la-educacion-primaria\/"},"modified":"2000-03-04T00:00:00","modified_gmt":"2000-03-04T00:00:00","slug":"los-contenidos-actitudinales-en-educacion-fa%c2%adsica-en-la-educacion-primaria","status":"publish","type":"post","link":"https:\/\/www.deberes.net\/tesis\/psicologia\/los-contenidos-actitudinales-en-educacion-fa%c2%adsica-en-la-educacion-primaria\/","title":{"rendered":"Los contenidos actitudinales en educaci\u00f3n f\u00edsica, en la educaci\u00f3n primaria."},"content":{"rendered":"<h2>Tesis doctoral de <strong> Mar\u00eda Prat Grau <\/strong><\/h2>\n<p>El estudio tiene como principal objetivo la reflexi\u00f3n y el an\u00e1lisis de los contenidos de actitudes, valores y normas que se trabajan en las clases de educaci\u00f3n f\u00edsica en la etapa de educaci\u00f3n primaria a partir del conocimiento de la opini\u00f3n del profesorado respecto a estos contenidos, el an\u00e1lisis de su tratamiento did\u00e1ctico, la definici\u00f3n de su naturaleza y caracter\u00edsticas, la determinaci\u00f3n de las variables que influyen en el proceso de ense\u00f1anza-aprendizaje yla detecci\u00f3n de los principales problemas que afectan a su transimis\u00f3n y desarrollo. Finalmente, se plantean propuestas dirigidas al profesorado, a los centros de formaci\u00f3n inicial y permanente y a la adminsitraci\u00f3n educativa para la mejora de la did\u00e1ctica de estos contenidos. Los instrumentos utilizados para el desarrollo de la investigaci\u00f3n se concretan en un cuestionario dirigido al profesorado especialista de educaci\u00f3n f\u00edsica, entrevistas en profundidad, hosjas de observaci\u00f3n de sesiones basadas en el registro anecd\u00f3tico de acontecimientos, el an\u00e1lisis de documentos de centro y la aplicaci\u00f3n de una escala de actitudes.<\/p>\n<p>&nbsp;<\/p>\n<h3>Datos acad\u00e9micos de la tesis doctoral \u00ab<strong>Los contenidos actitudinales en educaci\u00f3n f\u00edsica, en la educaci\u00f3n primaria.<\/strong>\u00ab<\/h3>\n<ul>\n<li><strong>T\u00edtulo de la tesis:<\/strong>\u00a0 Los contenidos actitudinales en educaci\u00f3n f\u00edsica, en la educaci\u00f3n primaria. <\/li>\n<li><strong>Autor:<\/strong>\u00a0 Mar\u00eda Prat Grau <\/li>\n<li><strong>Universidad:<\/strong>\u00a0 Aut\u00f3noma de barcelona<\/li>\n<li><strong>Fecha de lectura de la tesis:<\/strong>\u00a0 03\/04\/2000<\/li>\n<\/ul>\n<p>&nbsp;<\/p>\n<h3>Direcci\u00f3n y tribunal<\/h3>\n<ul>\n<li><strong>Director de la tesis<\/strong>\n<ul>\n<li>Joaquin Gairin Sallan<\/li>\n<\/ul>\n<\/li>\n<li><strong>Tribunal<\/strong>\n<ul>\n<li>Presidente del tribunal: miquel Mart\u00ednez mart\u00edn <\/li>\n<li>josep Mar\u00eda Puig rovira (vocal)<\/li>\n<li>jaume Cruz feliu (vocal)<\/li>\n<li>teresa Lleixa arribas (vocal)<\/li>\n<\/ul>\n<\/li>\n<\/ul>\n<p>&nbsp;<\/p>\n","protected":false},"excerpt":{"rendered":"<p>Tesis doctoral de Mar\u00eda Prat Grau El estudio tiene como principal objetivo la reflexi\u00f3n y el an\u00e1lisis de los contenidos [&hellip;]<\/p>\n","protected":false},"author":1,"featured_media":0,"comment_status":"open","ping_status":"open","sticky":false,"template":"","format":"standard","meta":{"site-sidebar-layout":"default","site-content-layout":"","ast-site-content-layout":"","site-content-style":"default","site-sidebar-style":"default","ast-global-header-display":"","ast-banner-title-visibility":"","ast-main-header-display":"","ast-hfb-above-header-display":"","ast-hfb-below-header-display":"","ast-hfb-mobile-header-display":"","site-post-title":"","ast-breadcrumbs-content":"","ast-featured-img":"","footer-sml-layout":"","theme-transparent-header-meta":"","adv-header-id-meta":"","stick-header-meta":"","header-above-stick-meta":"","header-main-stick-meta":"","header-below-stick-meta":"","astra-migrate-meta-layouts":"default","ast-page-background-enabled":"default","ast-page-background-meta":{"desktop":{"background-color":"var(--ast-global-color-4)","background-image":"","background-repeat":"repeat","background-position":"center center","background-size":"auto","background-attachment":"scroll","background-type":"","background-media":"","overlay-type":"","overlay-color":"","overlay-gradient":""},"tablet":{"background-color":"","background-image":"","background-repeat":"repeat","background-position":"center center","background-size":"auto","background-attachment":"scroll","background-type":"","background-media":"","overlay-type":"","overlay-color":"","overlay-gradient":""},"mobile":{"background-color":"","background-image":"","background-repeat":"repeat","background-position":"center center","background-size":"auto","background-attachment":"scroll","background-type":"","background-media":"","overlay-type":"","overlay-color":"","overlay-gradient":""}},"ast-content-background-meta":{"desktop":{"background-color":"var(--ast-global-color-5)","background-image":"","background-repeat":"repeat","background-position":"center center","background-size":"auto","background-attachment":"scroll","background-type":"","background-media":"","overlay-type":"","overlay-color":"","overlay-gradient":""},"tablet":{"background-color":"var(--ast-global-color-5)","background-image":"","background-repeat":"repeat","background-position":"center center","background-size":"auto","background-attachment":"scroll","background-type":"","background-media":"","overlay-type":"","overlay-color":"","overlay-gradient":""},"mobile":{"background-color":"var(--ast-global-color-5)","background-image":"","background-repeat":"repeat","background-position":"center center","background-size":"auto","background-attachment":"scroll","background-type":"","background-media":"","overlay-type":"","overlay-color":"","overlay-gradient":""}},"footnotes":""},"categories":[7757,2623,8646,8647,1184,1141,324,996],"tags":[17232,6624,1343,78728,9443,58453],"class_list":["post-84031","post","type-post","status-publish","format-standard","hentry","category-actitudes-sociales","category-educacion-basica","category-etica","category-etica-de-individuos","category-organizacion-y-planificacion-de-la-educacion","category-pedagogia","category-psicologia","category-psicologia-social","tag-jaume-cruz-feliu","tag-joaquin-gairin-sallan","tag-josep-maria-puig-rovira","tag-maria-prat-grau","tag-miquel-Martinez-martin","tag-teresa-lleixa-arribas"],"_links":{"self":[{"href":"https:\/\/www.deberes.net\/tesis\/wp-json\/wp\/v2\/posts\/84031","targetHints":{"allow":["GET"]}}],"collection":[{"href":"https:\/\/www.deberes.net\/tesis\/wp-json\/wp\/v2\/posts"}],"about":[{"href":"https:\/\/www.deberes.net\/tesis\/wp-json\/wp\/v2\/types\/post"}],"author":[{"embeddable":true,"href":"https:\/\/www.deberes.net\/tesis\/wp-json\/wp\/v2\/users\/1"}],"replies":[{"embeddable":true,"href":"https:\/\/www.deberes.net\/tesis\/wp-json\/wp\/v2\/comments?post=84031"}],"version-history":[{"count":0,"href":"https:\/\/www.deberes.net\/tesis\/wp-json\/wp\/v2\/posts\/84031\/revisions"}],"wp:attachment":[{"href":"https:\/\/www.deberes.net\/tesis\/wp-json\/wp\/v2\/media?parent=84031"}],"wp:term":[{"taxonomy":"category","embeddable":true,"href":"https:\/\/www.deberes.net\/tesis\/wp-json\/wp\/v2\/categories?post=84031"},{"taxonomy":"post_tag","embeddable":true,"href":"https:\/\/www.deberes.net\/tesis\/wp-json\/wp\/v2\/tags?post=84031"}],"curies":[{"name":"wp","href":"https:\/\/api.w.org\/{rel}","templated":true}]}}