{"id":84053,"date":"2000-04-04T00:00:00","date_gmt":"2000-04-04T00:00:00","guid":{"rendered":"https:\/\/www.deberes.net\/tesis\/sin-categoria\/capacidades-basicas-para-la-conducta-y-asesoramiento-vocacional\/"},"modified":"2000-04-04T00:00:00","modified_gmt":"2000-04-04T00:00:00","slug":"capacidades-basicas-para-la-conducta-y-asesoramiento-vocacional","status":"publish","type":"post","link":"https:\/\/www.deberes.net\/tesis\/psicologia\/capacidades-basicas-para-la-conducta-y-asesoramiento-vocacional\/","title":{"rendered":"Capacidades basicas para la conducta y asesoramiento vocacional."},"content":{"rendered":"<h2>Tesis doctoral de <strong> Adela Descals Tomas <\/strong><\/h2>\n<p>Este trabajo es parte de la l\u00ednea de investigaci\u00f3n de psicolog\u00eda vocacional de la universidad de Valencia. Se centra en la elaboraci\u00f3n y puesta a punto de los instrumentos de una de las fases del sistema de asesoramiento vocacional renovado (sav-r): la evaluaci\u00f3n de las capacidades del estudiante que, aunque no son los indicadores m\u00e1s relevantes en su proceso de toma de decisiones vocacional, le aportan una informaci\u00f3n valiosa que le ayuda a despejar las dudas que pueda tener acerca de su nivel intelectual.  de la revisi\u00f3n te\u00f3rica de estudios de inteligencia, asesoramiento y conducta vocacional se desprende una evaluaci\u00f3n global de las capacidades mediante dos bloques o indicadores de funcionamiento intelectual, que pueden ser interesantes para el asesoramiento vocacional: a) dominio verbal, que engloba aspectos de informaci\u00f3n verbal; y b) razonamiento, que comprende aspectos de razonamiento l\u00f3gico deductivo e inductivo. Sobre esta base, se han elaborado cinco pruebas, tres de ellas configuran el indicador dominio verbal y las otras dos el indicador razonamiento. Estas pruebas fueron aplicadas, como una de las fases del sav-r, a estudiantes de secundaria que solicitaron asesoramiento vocacional. A partir de dicha aplicaci\u00f3n, se extrae la informaci\u00f3n apropiada para poner a punto la nueva fase v: capacidades b\u00e1sicas para el estudio del sav-r.<\/p>\n<p>&nbsp;<\/p>\n<h3>Datos acad\u00e9micos de la tesis doctoral \u00ab<strong>Capacidades basicas para la conducta y asesoramiento vocacional.<\/strong>\u00ab<\/h3>\n<ul>\n<li><strong>T\u00edtulo de la tesis:<\/strong>\u00a0 Capacidades basicas para la conducta y asesoramiento vocacional. <\/li>\n<li><strong>Autor:<\/strong>\u00a0 Adela Descals Tomas <\/li>\n<li><strong>Universidad:<\/strong>\u00a0 Universitat de val\u00e9ncia (estudi general)<\/li>\n<li><strong>Fecha de lectura de la tesis:<\/strong>\u00a0 04\/04\/2000<\/li>\n<\/ul>\n<p>&nbsp;<\/p>\n<h3>Direcci\u00f3n y tribunal<\/h3>\n<ul>\n<li><strong>Director de la tesis<\/strong>\n<ul>\n<li>Francisco Rivas Mart\u00ednez<\/li>\n<\/ul>\n<\/li>\n<li><strong>Tribunal<\/strong>\n<ul>\n<li>Presidente del tribunal: Jos\u00e9 manuel Gil beltran <\/li>\n<li>Juan  Luis Castej\u00f3n costa (vocal)<\/li>\n<li>Mar\u00eda  dolores Prieto sanchez (vocal)<\/li>\n<li> Martin del buey Francisco (vocal)<\/li>\n<\/ul>\n<\/li>\n<\/ul>\n<p>&nbsp;<\/p>\n","protected":false},"excerpt":{"rendered":"<p>Tesis doctoral de Adela Descals Tomas Este trabajo es parte de la l\u00ednea de investigaci\u00f3n de psicolog\u00eda vocacional de la [&hellip;]<\/p>\n","protected":false},"author":1,"featured_media":0,"comment_status":"open","ping_status":"open","sticky":false,"template":"","format":"standard","meta":{"site-sidebar-layout":"default","site-content-layout":"","ast-site-content-layout":"","site-content-style":"default","site-sidebar-style":"default","ast-global-header-display":"","ast-banner-title-visibility":"","ast-main-header-display":"","ast-hfb-above-header-display":"","ast-hfb-below-header-display":"","ast-hfb-mobile-header-display":"","site-post-title":"","ast-breadcrumbs-content":"","ast-featured-img":"","footer-sml-layout":"","theme-transparent-header-meta":"","adv-header-id-meta":"","stick-header-meta":"","header-above-stick-meta":"","header-main-stick-meta":"","header-below-stick-meta":"","astra-migrate-meta-layouts":"default","ast-page-background-enabled":"default","ast-page-background-meta":{"desktop":{"background-color":"var(--ast-global-color-4)","background-image":"","background-repeat":"repeat","background-position":"center center","background-size":"auto","background-attachment":"scroll","background-type":"","background-media":"","overlay-type":"","overlay-color":"","overlay-gradient":""},"tablet":{"background-color":"","background-image":"","background-repeat":"repeat","background-position":"center center","background-size":"auto","background-attachment":"scroll","background-type":"","background-media":"","overlay-type":"","overlay-color":"","overlay-gradient":""},"mobile":{"background-color":"","background-image":"","background-repeat":"repeat","background-position":"center center","background-size":"auto","background-attachment":"scroll","background-type":"","background-media":"","overlay-type":"","overlay-color":"","overlay-gradient":""}},"ast-content-background-meta":{"desktop":{"background-color":"var(--ast-global-color-5)","background-image":"","background-repeat":"repeat","background-position":"center center","background-size":"auto","background-attachment":"scroll","background-type":"","background-media":"","overlay-type":"","overlay-color":"","overlay-gradient":""},"tablet":{"background-color":"var(--ast-global-color-5)","background-image":"","background-repeat":"repeat","background-position":"center center","background-size":"auto","background-attachment":"scroll","background-type":"","background-media":"","overlay-type":"","overlay-color":"","overlay-gradient":""},"mobile":{"background-color":"var(--ast-global-color-5)","background-image":"","background-repeat":"repeat","background-position":"center center","background-size":"auto","background-attachment":"scroll","background-type":"","background-media":"","overlay-type":"","overlay-color":"","overlay-gradient":""}},"footnotes":""},"categories":[4262,4264,324,970,460],"tags":[177776,4267,26884,19437,25009,2762],"class_list":["post-84053","post","type-post","status-publish","format-standard","hentry","category-asesoramiento-y-orientacion-educativas","category-asesoramiento-y-orientacion-psicologicas","category-psicologia","category-psicologia-del-nino-y-del-adolescente","category-psicologia-escolar","tag-adela-descals-tomas","tag-francisco-rivas-Martinez","tag-jose-manuel-gil-beltran","tag-juan-luis-castejon-costa","tag-maria-dolores-prieto-sanchez","tag-martin-del-buey-francisco"],"_links":{"self":[{"href":"https:\/\/www.deberes.net\/tesis\/wp-json\/wp\/v2\/posts\/84053","targetHints":{"allow":["GET"]}}],"collection":[{"href":"https:\/\/www.deberes.net\/tesis\/wp-json\/wp\/v2\/posts"}],"about":[{"href":"https:\/\/www.deberes.net\/tesis\/wp-json\/wp\/v2\/types\/post"}],"author":[{"embeddable":true,"href":"https:\/\/www.deberes.net\/tesis\/wp-json\/wp\/v2\/users\/1"}],"replies":[{"embeddable":true,"href":"https:\/\/www.deberes.net\/tesis\/wp-json\/wp\/v2\/comments?post=84053"}],"version-history":[{"count":0,"href":"https:\/\/www.deberes.net\/tesis\/wp-json\/wp\/v2\/posts\/84053\/revisions"}],"wp:attachment":[{"href":"https:\/\/www.deberes.net\/tesis\/wp-json\/wp\/v2\/media?parent=84053"}],"wp:term":[{"taxonomy":"category","embeddable":true,"href":"https:\/\/www.deberes.net\/tesis\/wp-json\/wp\/v2\/categories?post=84053"},{"taxonomy":"post_tag","embeddable":true,"href":"https:\/\/www.deberes.net\/tesis\/wp-json\/wp\/v2\/tags?post=84053"}],"curies":[{"name":"wp","href":"https:\/\/api.w.org\/{rel}","templated":true}]}}