{"id":84110,"date":"2000-07-04T00:00:00","date_gmt":"2000-07-04T00:00:00","guid":{"rendered":"https:\/\/www.deberes.net\/tesis\/sin-categoria\/analisis-narrativo-de-la-obra-de-j-m-g-le-clezioonitsha-y-etoile-errante\/"},"modified":"2000-07-04T00:00:00","modified_gmt":"2000-07-04T00:00:00","slug":"analisis-narrativo-de-la-obra-de-j-m-g-le-clezioonitsha-y-etoile-errante","status":"publish","type":"post","link":"https:\/\/www.deberes.net\/tesis\/linguistica\/analisis-narrativo-de-la-obra-de-j-m-g-le-clezioonitsha-y-etoile-errante\/","title":{"rendered":"Analisis narrativo de la obra de j.m.g. le clezio:\u00bbonitsha\u00bb y \u00abetoile errante\u00bb"},"content":{"rendered":"<h2>Tesis doctoral de <strong>  Cant\u00f3n Rodriguez M. Loreto <\/strong><\/h2>\n<p>Los objetivos que se persiguen en la investigaci\u00f3n se resumen en el hecho de indagar en los procedimientos narrativos que conforman la obra literaria de este autor. Los dos primeros cap\u00edtulos se dedican a trazar un marco te\u00f3rico general de referencia y la metodolog\u00eda que se aplicara en los sucesivos capitulos dedicados al an\u00e1lisis propiamente dicho y a sus resultados.  el corpus central dividio en tres grandes capitulos analizan el espacio, el tiempo y el narrador y los personajes como cat\u00e9gorias narrativas reivindicando sobre todo el valor del componente espacial en estas dos obras que conforman un d\u00edptico.  el an\u00e1lisis \u00abnarratol\u00f3gico\u00bb ofrece resultados por contraste entre las dos obras analizadas pero a la vez abre posiblidades de interpretaci\u00f3n con otras obras de este autor, franc\u00e9s como recoge el cap\u00edtulo de conclusiones autor franc\u00e9s como recoge el cap\u00edtulo de conclusiones.La bibliograf\u00eda remite a las principales estudios cr\u00edticos te\u00f3ricos utilizadas y expone las obras obre jmg de llezio.<\/p>\n<p>&nbsp;<\/p>\n<h3>Datos acad\u00e9micos de la tesis doctoral \u00ab<strong>Analisis narrativo de la obra de j.m.g. le clezio:\u00bbonitsha\u00bb y \u00abetoile errante\u00bb<\/strong>\u00ab<\/h3>\n<ul>\n<li><strong>T\u00edtulo de la tesis:<\/strong>\u00a0 Analisis narrativo de la obra de j.m.g. le clezio:\u00bbonitsha\u00bb y \u00abetoile errante\u00bb <\/li>\n<li><strong>Autor:<\/strong>\u00a0  Cant\u00f3n Rodriguez M. Loreto <\/li>\n<li><strong>Universidad:<\/strong>\u00a0 Granada<\/li>\n<li><strong>Fecha de lectura de la tesis:<\/strong>\u00a0 07\/04\/2000<\/li>\n<\/ul>\n<p>&nbsp;<\/p>\n<h3>Direcci\u00f3n y tribunal<\/h3>\n<ul>\n<li><strong>Director de la tesis<\/strong>\n<ul>\n<li>Luis Gast\u00f3n Elduayen<\/li>\n<\/ul>\n<\/li>\n<li><strong>Tribunal<\/strong>\n<ul>\n<li>Presidente del tribunal: pierre Brunel <\/li>\n<li>doina Popa-liseanu vacaru (vocal)<\/li>\n<li>Jes\u00fas Cascon  marcos (vocal)<\/li>\n<li> Alvarez de la rosa Antonio (vocal)<\/li>\n<\/ul>\n<\/li>\n<\/ul>\n<p>&nbsp;<\/p>\n","protected":false},"excerpt":{"rendered":"<p>Tesis doctoral de Cant\u00f3n Rodriguez M. Loreto Los objetivos que se persiguen en la investigaci\u00f3n se resumen en el hecho [&hellip;]<\/p>\n","protected":false},"author":1,"featured_media":0,"comment_status":"open","ping_status":"open","sticky":false,"template":"","format":"standard","meta":{"site-sidebar-layout":"default","site-content-layout":"","ast-site-content-layout":"","site-content-style":"default","site-sidebar-style":"default","ast-global-header-display":"","ast-banner-title-visibility":"","ast-main-header-display":"","ast-hfb-above-header-display":"","ast-hfb-below-header-display":"","ast-hfb-mobile-header-display":"","site-post-title":"","ast-breadcrumbs-content":"","ast-featured-img":"","footer-sml-layout":"","theme-transparent-header-meta":"","adv-header-id-meta":"","stick-header-meta":"","header-above-stick-meta":"","header-main-stick-meta":"","header-below-stick-meta":"","astra-migrate-meta-layouts":"default","ast-page-background-enabled":"default","ast-page-background-meta":{"desktop":{"background-color":"var(--ast-global-color-4)","background-image":"","background-repeat":"repeat","background-position":"center center","background-size":"auto","background-attachment":"scroll","background-type":"","background-media":"","overlay-type":"","overlay-color":"","overlay-gradient":""},"tablet":{"background-color":"","background-image":"","background-repeat":"repeat","background-position":"center center","background-size":"auto","background-attachment":"scroll","background-type":"","background-media":"","overlay-type":"","overlay-color":"","overlay-gradient":""},"mobile":{"background-color":"","background-image":"","background-repeat":"repeat","background-position":"center center","background-size":"auto","background-attachment":"scroll","background-type":"","background-media":"","overlay-type":"","overlay-color":"","overlay-gradient":""}},"ast-content-background-meta":{"desktop":{"background-color":"var(--ast-global-color-5)","background-image":"","background-repeat":"repeat","background-position":"center center","background-size":"auto","background-attachment":"scroll","background-type":"","background-media":"","overlay-type":"","overlay-color":"","overlay-gradient":""},"tablet":{"background-color":"var(--ast-global-color-5)","background-image":"","background-repeat":"repeat","background-position":"center center","background-size":"auto","background-attachment":"scroll","background-type":"","background-media":"","overlay-type":"","overlay-color":"","overlay-gradient":""},"mobile":{"background-color":"var(--ast-global-color-5)","background-image":"","background-repeat":"repeat","background-position":"center center","background-size":"auto","background-attachment":"scroll","background-type":"","background-media":"","overlay-type":"","overlay-color":"","overlay-gradient":""}},"footnotes":""},"categories":[148,147,149,636,59,60,628],"tags":[84380,177862,177863,35594,22889,65140],"class_list":["post-84110","post","type-post","status-publish","format-standard","hentry","category-analisis-literario","category-ciencias-de-las-artes-y-las-letras","category-critica-de-textos","category-lengua-y-literatura","category-linguistica","category-linguistica-aplicada","category-teoria-analisis-y-critica-literarios","tag-alvarez-de-la-rosa-antonio","tag-canton-rodriguez-m-loreto","tag-doina-popa-liseanu-vacaru","tag-jesus-cascon-marcos","tag-luis-gaston-elduayen","tag-pierre-brunel"],"_links":{"self":[{"href":"https:\/\/www.deberes.net\/tesis\/wp-json\/wp\/v2\/posts\/84110","targetHints":{"allow":["GET"]}}],"collection":[{"href":"https:\/\/www.deberes.net\/tesis\/wp-json\/wp\/v2\/posts"}],"about":[{"href":"https:\/\/www.deberes.net\/tesis\/wp-json\/wp\/v2\/types\/post"}],"author":[{"embeddable":true,"href":"https:\/\/www.deberes.net\/tesis\/wp-json\/wp\/v2\/users\/1"}],"replies":[{"embeddable":true,"href":"https:\/\/www.deberes.net\/tesis\/wp-json\/wp\/v2\/comments?post=84110"}],"version-history":[{"count":0,"href":"https:\/\/www.deberes.net\/tesis\/wp-json\/wp\/v2\/posts\/84110\/revisions"}],"wp:attachment":[{"href":"https:\/\/www.deberes.net\/tesis\/wp-json\/wp\/v2\/media?parent=84110"}],"wp:term":[{"taxonomy":"category","embeddable":true,"href":"https:\/\/www.deberes.net\/tesis\/wp-json\/wp\/v2\/categories?post=84110"},{"taxonomy":"post_tag","embeddable":true,"href":"https:\/\/www.deberes.net\/tesis\/wp-json\/wp\/v2\/tags?post=84110"}],"curies":[{"name":"wp","href":"https:\/\/api.w.org\/{rel}","templated":true}]}}