{"id":84125,"date":"2000-07-04T00:00:00","date_gmt":"2000-07-04T00:00:00","guid":{"rendered":"https:\/\/www.deberes.net\/tesis\/sin-categoria\/las-condiciones-de-trabajo-de-la-mujer-embarazada-y-su-relacion-con-el-parto-pretermino\/"},"modified":"2000-07-04T00:00:00","modified_gmt":"2000-07-04T00:00:00","slug":"las-condiciones-de-trabajo-de-la-mujer-embarazada-y-su-relacion-con-el-parto-pretermino","status":"publish","type":"post","link":"https:\/\/www.deberes.net\/tesis\/ciencias-medicas\/las-condiciones-de-trabajo-de-la-mujer-embarazada-y-su-relacion-con-el-parto-pretermino\/","title":{"rendered":"Las condiciones de trabajo de la mujer embarazada y su relacion con el parto pretermino"},"content":{"rendered":"<h2>Tesis doctoral de <strong> Inmaculada Clemente Paulino <\/strong><\/h2>\n<p>Objetivo  analizar la asociaci\u00f3n entre los factores de riesgo laboral y el parto pret\u00e9rmino, tomando en consideraci\u00f3n factores de riesgo socioecon\u00f3micos, de estilos de vida y obst\u00e9tricos que puedan actuar como factores de confusi\u00f3n.  dise\u00f1o  estudio de casos y controles.  ambito y sujetos  mujeres conparto de m\u00e1s de 22 semanas de gestaci\u00f3n en las mantenidades de los hospitales la fe de Valencia y general de castell\u00f3n, desde octubre de 1995 a septiembre de 1996.  instrumentalizacion  encuesta mediante cuestionario estructurado y datos de las historias cl\u00ednicas. Se define como casos a las mujeres con partos de 22 a 36 semanas completadas de gestaci\u00f3n.  resultados  se encontr\u00f3 exceso de riesgo para el parto pret\u00e9rmino en; mujeres de 20-24 a\u00f1os, de 35 a\u00f1os o m\u00e1s, ingresos familiares bajo (menos de 1 mill\u00f3n de pesetas\/a\u00f1o), \u00edndice de masa corporal menor de 20, antecedentes de esterilidad o de aborto espont\u00e1neo del 2\u00c2\u00ba trimestre, realizaci\u00f3n de t\u00e9cnicas invasivas de diagn\u00f3stico prenatal y presencia de hipertensi\u00f3n arterial, hemorragia vaginal, incompetencia cervical o episodios de hospitalizaci\u00f3n durante el embarzo actual. El consumo de cafe\u00edna mostr\u00f3 efecto protector para el parto pret\u00e9rmino. Independientemente de los factores anteriores, los factores de riesgo laboral asociados a un incremento de riesgo de parto pret\u00e9rmino son: bipedestaci\u00f3n de m\u00e1s de 6 horas, posturas forzadas en m\u00e1s de la mitad de la jornada laboral y carga ps\u00edquica alta. Los factores m\u00e1s predictivos de parto pret\u00e9rmino fueron la carga f\u00edsica alta, la presencia de hemorragia vaginal, los antecedentes de parto pret\u00e9rmino y la edad entre 20 y 24 a\u00f1os.  conclusiones  la carga f\u00edsica y ps\u00edquica altas en el trabajo est\u00e1n asociadas al parto pret\u00e9rmino, independientemente de los factores socioecon\u00f3micos u obst\u00e9tricos. deber\u00eda proponerse un cambio temporal de puesto de trabajo para las mujeres sometidas a estos factores d<\/p>\n<p>&nbsp;<\/p>\n<h3>Datos acad\u00e9micos de la tesis doctoral \u00ab<strong>Las condiciones de trabajo de la mujer embarazada y su relacion con el parto pretermino<\/strong>\u00ab<\/h3>\n<ul>\n<li><strong>T\u00edtulo de la tesis:<\/strong>\u00a0 Las condiciones de trabajo de la mujer embarazada y su relacion con el parto pretermino <\/li>\n<li><strong>Autor:<\/strong>\u00a0 Inmaculada Clemente Paulino <\/li>\n<li><strong>Universidad:<\/strong>\u00a0 Universitat de val\u00e9ncia (estudi general)<\/li>\n<li><strong>Fecha de lectura de la tesis:<\/strong>\u00a0 07\/04\/2000<\/li>\n<\/ul>\n<p>&nbsp;<\/p>\n<h3>Direcci\u00f3n y tribunal<\/h3>\n<ul>\n<li><strong>Director de la tesis<\/strong>\n<ul>\n<li>Vicenta Escriba Aguir<\/li>\n<\/ul>\n<\/li>\n<li><strong>Tribunal<\/strong>\n<ul>\n<li>Presidente del tribunal:  Miguel sesmero Jos\u00e9 ram\u00f3n <\/li>\n<li>Jos\u00e9 Minguez sanz (vocal)<\/li>\n<li>Francisco Bolumar montrull (vocal)<\/li>\n<li>concepcion Colomer revuelta (vocal)<\/li>\n<\/ul>\n<\/li>\n<\/ul>\n<p>&nbsp;<\/p>\n","protected":false},"excerpt":{"rendered":"<p>Tesis doctoral de Inmaculada Clemente Paulino Objetivo analizar la asociaci\u00f3n entre los factores de riesgo laboral y el parto pret\u00e9rmino, [&hellip;]<\/p>\n","protected":false},"author":1,"featured_media":0,"comment_status":"open","ping_status":"open","sticky":false,"template":"","format":"standard","meta":{"site-sidebar-layout":"default","site-content-layout":"","ast-site-content-layout":"","site-content-style":"default","site-sidebar-style":"default","ast-global-header-display":"","ast-banner-title-visibility":"","ast-main-header-display":"","ast-hfb-above-header-display":"","ast-hfb-below-header-display":"","ast-hfb-mobile-header-display":"","site-post-title":"","ast-breadcrumbs-content":"","ast-featured-img":"","footer-sml-layout":"","theme-transparent-header-meta":"","adv-header-id-meta":"","stick-header-meta":"","header-above-stick-meta":"","header-main-stick-meta":"","header-below-stick-meta":"","astra-migrate-meta-layouts":"default","ast-page-background-enabled":"default","ast-page-background-meta":{"desktop":{"background-color":"var(--ast-global-color-4)","background-image":"","background-repeat":"repeat","background-position":"center center","background-size":"auto","background-attachment":"scroll","background-type":"","background-media":"","overlay-type":"","overlay-color":"","overlay-gradient":""},"tablet":{"background-color":"","background-image":"","background-repeat":"repeat","background-position":"center center","background-size":"auto","background-attachment":"scroll","background-type":"","background-media":"","overlay-type":"","overlay-color":"","overlay-gradient":""},"mobile":{"background-color":"","background-image":"","background-repeat":"repeat","background-position":"center center","background-size":"auto","background-attachment":"scroll","background-type":"","background-media":"","overlay-type":"","overlay-color":"","overlay-gradient":""}},"ast-content-background-meta":{"desktop":{"background-color":"var(--ast-global-color-5)","background-image":"","background-repeat":"repeat","background-position":"center center","background-size":"auto","background-attachment":"scroll","background-type":"","background-media":"","overlay-type":"","overlay-color":"","overlay-gradient":""},"tablet":{"background-color":"var(--ast-global-color-5)","background-image":"","background-repeat":"repeat","background-position":"center center","background-size":"auto","background-attachment":"scroll","background-type":"","background-media":"","overlay-type":"","overlay-color":"","overlay-gradient":""},"mobile":{"background-color":"var(--ast-global-color-5)","background-image":"","background-repeat":"repeat","background-position":"center center","background-size":"auto","background-attachment":"scroll","background-type":"","background-media":"","overlay-type":"","overlay-color":"","overlay-gradient":""}},"footnotes":""},"categories":[155,9,135,435,7395],"tags":[27285,11933,177881,177883,113958,177882],"class_list":["post-84125","post","type-post","status-publish","format-standard","hentry","category-ciencias-clinicas","category-ciencias-medicas","category-ginecologia","category-medicina-del-trabajo","category-salud-laboral","tag-concepcion-colomer-revuelta","tag-francisco-bolumar-montrull","tag-inmaculada-clemente-paulino","tag-jose-minguez-sanz","tag-miguel-sesmero-jose-ramon","tag-vicenta-escriba-agair"],"_links":{"self":[{"href":"https:\/\/www.deberes.net\/tesis\/wp-json\/wp\/v2\/posts\/84125","targetHints":{"allow":["GET"]}}],"collection":[{"href":"https:\/\/www.deberes.net\/tesis\/wp-json\/wp\/v2\/posts"}],"about":[{"href":"https:\/\/www.deberes.net\/tesis\/wp-json\/wp\/v2\/types\/post"}],"author":[{"embeddable":true,"href":"https:\/\/www.deberes.net\/tesis\/wp-json\/wp\/v2\/users\/1"}],"replies":[{"embeddable":true,"href":"https:\/\/www.deberes.net\/tesis\/wp-json\/wp\/v2\/comments?post=84125"}],"version-history":[{"count":0,"href":"https:\/\/www.deberes.net\/tesis\/wp-json\/wp\/v2\/posts\/84125\/revisions"}],"wp:attachment":[{"href":"https:\/\/www.deberes.net\/tesis\/wp-json\/wp\/v2\/media?parent=84125"}],"wp:term":[{"taxonomy":"category","embeddable":true,"href":"https:\/\/www.deberes.net\/tesis\/wp-json\/wp\/v2\/categories?post=84125"},{"taxonomy":"post_tag","embeddable":true,"href":"https:\/\/www.deberes.net\/tesis\/wp-json\/wp\/v2\/tags?post=84125"}],"curies":[{"name":"wp","href":"https:\/\/api.w.org\/{rel}","templated":true}]}}