{"id":84149,"date":"2000-07-04T00:00:00","date_gmt":"2000-07-04T00:00:00","guid":{"rendered":"https:\/\/www.deberes.net\/tesis\/sin-categoria\/colonizacion-e-inmigracion-la-problematica-en-torno-a-la-fuerza-de-trabajo-en-el-agro-cuba-1878-1898\/"},"modified":"2000-07-04T00:00:00","modified_gmt":"2000-07-04T00:00:00","slug":"colonizacion-e-inmigracion-la-problematica-en-torno-a-la-fuerza-de-trabajo-en-el-agro-cuba-1878-1898","status":"publish","type":"post","link":"https:\/\/www.deberes.net\/tesis\/historia\/colonizacion-e-inmigracion-la-problematica-en-torno-a-la-fuerza-de-trabajo-en-el-agro-cuba-1878-1898\/","title":{"rendered":"Colonizaci\u00f3n e inmigraci\u00f3n. la problem\u00e1tica en torno a la fuerza de trabajo en el agro. cuba 1878-1898."},"content":{"rendered":"<h2>Tesis doctoral de <strong> Imilcy Balboa Navarro <\/strong><\/h2>\n<p>El debate sobre poblamiento en cuba presente a lo largo del siglo xix, tuvo como eje fundamental el problema de la mano de obra. Asentar poblaci\u00f3n y procurarse brazos para la agricultura insular se convirtieron en sin\u00f3nimos. colonizaci\u00f3n e inmigraci\u00f3n, en consecuencia, fueron conceptos que estuvieron mezclados y se usaron indistintamente para definir actividades diferentes pero que en la pr\u00e1ctica se presentaban a menudo asociadas. El difereundum entre ambos se hizo m\u00e1s intenso en los a\u00f1os finales del siglo sobre todo a partir de la liberalizaci\u00f3n del mercado laboral con la abolici\u00f3n de la esclavitud y la extensi\u00f3n de la relaciones capitalistas en la agricultura insular.  precisamente las cuestiones relacionadas con la fuerza de trabajo y las condicionantes de la colonizaci\u00f3n e inmigraci\u00f3n, y m\u00e1s concretamente se versi\u00f3n agraria, constituyen el objeto central de esta investigaci\u00f3n.  en ella se ha examinadolo relativo al abastecimiento de brazos durante el per\u00edodo de transici\u00f3n del trabajo esclavo al trabajo libre y tras la supresi\u00f3n definitiva del sistema esclavista, la veracidad o no de los planteamientos de los productores en cuanto a la carencia de mano de obra y las soluciones arbitradas por los due\u00f1os de ingenios para enfrentar la crisis del suministro de mano de obra. El papel que seg\u00fan los productores insulares deb\u00eda jugar el estado para hacer lo menos traum\u00e1tica posible la transici\u00f3n y el que finalmente asumido como promotor de la colonizaci\u00f3n.  as\u00ed mismo se tratar\u00e1 de establecer las condicionantes tanto pol\u00edticas, econ\u00f3micas como sociales que determinaron las inmigraci\u00f3n y colonizaci\u00f3n en estos a\u00f1os. Los requisitos que deb\u00edan cumplir los trabajadores, la \u00edndole del enfrentamiento entre los defensores de la colonizaci\u00f3n y los partidarios de la inmigraci\u00f3n, que intereses se mov\u00edan tras cada grupo y el por qu\u00e9 de la adopci\u00f3n de una u otra v\u00eda.<\/p>\n<p>&nbsp;<\/p>\n<h3>Datos acad\u00e9micos de la tesis doctoral \u00ab<strong>Colonizaci\u00f3n e inmigraci\u00f3n. la problem\u00e1tica en torno a la fuerza de trabajo en el agro. cuba 1878-1898.<\/strong>\u00ab<\/h3>\n<ul>\n<li><strong>T\u00edtulo de la tesis:<\/strong>\u00a0 Colonizaci\u00f3n e inmigraci\u00f3n. la problem\u00e1tica en torno a la fuerza de trabajo en el agro. cuba 1878-1898. <\/li>\n<li><strong>Autor:<\/strong>\u00a0 Imilcy Balboa Navarro <\/li>\n<li><strong>Universidad:<\/strong>\u00a0 Jaume i de castell\u00f3n<\/li>\n<li><strong>Fecha de lectura de la tesis:<\/strong>\u00a0 07\/04\/2000<\/li>\n<\/ul>\n<p>&nbsp;<\/p>\n<h3>Direcci\u00f3n y tribunal<\/h3>\n<ul>\n<li><strong>Director de la tesis<\/strong>\n<ul>\n<li>Jos\u00e9 Antonio Piqueras Arenas<\/li>\n<\/ul>\n<\/li>\n<li><strong>Tribunal<\/strong>\n<ul>\n<li>Presidente del tribunal:  De paz s\u00e1nchez manuel <\/li>\n<li>marc Bald\u00f3 lacomba (vocal)<\/li>\n<li>pablo Tornero tinajero (vocal)<\/li>\n<li>consuelo Naranjo orovio (vocal)<\/li>\n<\/ul>\n<\/li>\n<\/ul>\n<p>&nbsp;<\/p>\n","protected":false},"excerpt":{"rendered":"<p>Tesis doctoral de Imilcy Balboa Navarro El debate sobre poblamiento en cuba presente a lo largo del siglo xix, tuvo [&hellip;]<\/p>\n","protected":false},"author":1,"featured_media":0,"comment_status":"open","ping_status":"open","sticky":false,"template":"","format":"standard","meta":{"site-sidebar-layout":"default","site-content-layout":"","ast-site-content-layout":"","site-content-style":"default","site-sidebar-style":"default","ast-global-header-display":"","ast-banner-title-visibility":"","ast-main-header-display":"","ast-hfb-above-header-display":"","ast-hfb-below-header-display":"","ast-hfb-mobile-header-display":"","site-post-title":"","ast-breadcrumbs-content":"","ast-featured-img":"","footer-sml-layout":"","theme-transparent-header-meta":"","adv-header-id-meta":"","stick-header-meta":"","header-above-stick-meta":"","header-main-stick-meta":"","header-below-stick-meta":"","astra-migrate-meta-layouts":"default","ast-page-background-enabled":"default","ast-page-background-meta":{"desktop":{"background-color":"var(--ast-global-color-4)","background-image":"","background-repeat":"repeat","background-position":"center center","background-size":"auto","background-attachment":"scroll","background-type":"","background-media":"","overlay-type":"","overlay-color":"","overlay-gradient":""},"tablet":{"background-color":"","background-image":"","background-repeat":"repeat","background-position":"center center","background-size":"auto","background-attachment":"scroll","background-type":"","background-media":"","overlay-type":"","overlay-color":"","overlay-gradient":""},"mobile":{"background-color":"","background-image":"","background-repeat":"repeat","background-position":"center center","background-size":"auto","background-attachment":"scroll","background-type":"","background-media":"","overlay-type":"","overlay-color":"","overlay-gradient":""}},"ast-content-background-meta":{"desktop":{"background-color":"var(--ast-global-color-5)","background-image":"","background-repeat":"repeat","background-position":"center center","background-size":"auto","background-attachment":"scroll","background-type":"","background-media":"","overlay-type":"","overlay-color":"","overlay-gradient":""},"tablet":{"background-color":"var(--ast-global-color-5)","background-image":"","background-repeat":"repeat","background-position":"center center","background-size":"auto","background-attachment":"scroll","background-type":"","background-media":"","overlay-type":"","overlay-color":"","overlay-gradient":""},"mobile":{"background-color":"var(--ast-global-color-5)","background-image":"","background-repeat":"repeat","background-position":"center center","background-size":"auto","background-attachment":"scroll","background-type":"","background-media":"","overlay-type":"","overlay-color":"","overlay-gradient":""}},"footnotes":""},"categories":[104,1816,6049,20279,220,222,18725],"tags":[50538,26113,177923,47554,37772,68809],"class_list":["post-84149","post","type-post","status-publish","format-standard","hentry","category-historia","category-historia-contemporanea","category-historia-contemporanea-del-area-americana","category-historia-de-los-descubrimientos-y-colonizacion-de-america","category-historia-por-epocas","category-historias-especializadas","category-jaume-i-de-castellon","tag-consuelo-naranjo-orovio","tag-de-paz-sanchez-manuel","tag-imilcy-balboa-navarro","tag-jose-antonio-piqueras-arenas","tag-marc-baldo-lacomba","tag-pablo-tornero-tinajero"],"_links":{"self":[{"href":"https:\/\/www.deberes.net\/tesis\/wp-json\/wp\/v2\/posts\/84149","targetHints":{"allow":["GET"]}}],"collection":[{"href":"https:\/\/www.deberes.net\/tesis\/wp-json\/wp\/v2\/posts"}],"about":[{"href":"https:\/\/www.deberes.net\/tesis\/wp-json\/wp\/v2\/types\/post"}],"author":[{"embeddable":true,"href":"https:\/\/www.deberes.net\/tesis\/wp-json\/wp\/v2\/users\/1"}],"replies":[{"embeddable":true,"href":"https:\/\/www.deberes.net\/tesis\/wp-json\/wp\/v2\/comments?post=84149"}],"version-history":[{"count":0,"href":"https:\/\/www.deberes.net\/tesis\/wp-json\/wp\/v2\/posts\/84149\/revisions"}],"wp:attachment":[{"href":"https:\/\/www.deberes.net\/tesis\/wp-json\/wp\/v2\/media?parent=84149"}],"wp:term":[{"taxonomy":"category","embeddable":true,"href":"https:\/\/www.deberes.net\/tesis\/wp-json\/wp\/v2\/categories?post=84149"},{"taxonomy":"post_tag","embeddable":true,"href":"https:\/\/www.deberes.net\/tesis\/wp-json\/wp\/v2\/tags?post=84149"}],"curies":[{"name":"wp","href":"https:\/\/api.w.org\/{rel}","templated":true}]}}