{"id":84243,"date":"2018-03-10T00:08:29","date_gmt":"2018-03-10T00:08:29","guid":{"rendered":"https:\/\/www.deberes.net\/tesis\/sin-categoria\/la-dimension-comunitaria-del-discernimiento\/"},"modified":"2018-03-10T00:08:29","modified_gmt":"2018-03-10T00:08:29","slug":"la-dimension-comunitaria-del-discernimiento","status":"publish","type":"post","link":"https:\/\/www.deberes.net\/tesis\/filosofia\/la-dimension-comunitaria-del-discernimiento\/","title":{"rendered":"La dimension comunitaria del discernimiento"},"content":{"rendered":"<h2>Tesis doctoral de <strong> Hermann Rodriguez Osorio <\/strong><\/h2>\n<p>La practica y sobre todo,la reflexi\u00f3n sobre el discernimiento espiritual comunitario, vivido tradicionalmente como un ejercicio personal, nace y se desarrolla a partir del concilio vaticano ii. Se trata de algo relativamente nuevo y reciente, por lo menos en lo que toca a su elaboraci\u00f3n conceptual (teologica). Sin embargo, hay que a\u00f1adir enseguida que no es una forma de proceder que haya surgido como por arte de magia o que no tenga su propia historia que la entronca sustancialmente con lo mejor de la tradici\u00f3n de la iglesia y de la compa\u00f1\u00eda de jesus.  la tesis pretende, entonces, estudiar, desde la teolog\u00eda espiritual, el desarrollo de la dimension comunitaria del discernimiento. Partimos de los documentos oficiales de la compa\u00f1\u00eda de jesus que van perfilando su desarrollo (1\u00aa parte-mediaci\u00f3n historica); buscamos luego la luz de la revelaci\u00f3n y la tradici\u00f3n multiple de la reflexion teol\u00f3gica de la iglesia en este campo: biblica, patristica, pneumatologica, eclesiologica y vida consagrada (2\u00aa parte-mediaci\u00f3n teologica); y terminamos analizando las conexiones con la tradici\u00f3n ignaciana, tratando de descubrir la coherencia entre esta nueva manera de vivir y entender el discernimiento y el espiritu primigenio de la compa\u00f1\u00eda de jesus(tercera parte-mediaci\u00f3n practica).<\/p>\n<p>&nbsp;<\/p>\n<h3>Datos acad\u00e9micos de la tesis doctoral \u00ab<strong>La dimension comunitaria del discernimiento<\/strong>\u00ab<\/h3>\n<ul>\n<li><strong>T\u00edtulo de la tesis:<\/strong>\u00a0 La dimension comunitaria del discernimiento <\/li>\n<li><strong>Autor:<\/strong>\u00a0 Hermann Rodriguez Osorio <\/li>\n<li><strong>Universidad:<\/strong>\u00a0 Pontificia comillas<\/li>\n<li><strong>Fecha de lectura de la tesis:<\/strong>\u00a0 13\/04\/2000<\/li>\n<\/ul>\n<p>&nbsp;<\/p>\n<h3>Direcci\u00f3n y tribunal<\/h3>\n<ul>\n<li><strong>Director de la tesis<\/strong>\n<ul>\n<li>Juan  Manuel Garcia Lomas  Pradera<\/li>\n<\/ul>\n<\/li>\n<li><strong>Tribunal<\/strong>\n<ul>\n<li>Presidente del tribunal: secundino Castro sanchez <\/li>\n<li>Santiago Madrigal terrazas (vocal)<\/li>\n<li>xavier Quinza  lleo (vocal)<\/li>\n<li>pascual Cebollada silvestre (vocal)<\/li>\n<\/ul>\n<\/li>\n<\/ul>\n<p>&nbsp;<\/p>\n","protected":false},"excerpt":{"rendered":"<p>Tesis doctoral de Hermann Rodriguez Osorio La practica y sobre todo,la reflexi\u00f3n sobre el discernimiento espiritual comunitario, vivido tradicionalmente como [&hellip;]<\/p>\n","protected":false},"author":1,"featured_media":0,"comment_status":"open","ping_status":"open","sticky":false,"template":"","format":"standard","meta":{"site-sidebar-layout":"default","site-content-layout":"","ast-site-content-layout":"","site-content-style":"default","site-sidebar-style":"default","ast-global-header-display":"","ast-banner-title-visibility":"","ast-main-header-display":"","ast-hfb-above-header-display":"","ast-hfb-below-header-display":"","ast-hfb-mobile-header-display":"","site-post-title":"","ast-breadcrumbs-content":"","ast-featured-img":"","footer-sml-layout":"","theme-transparent-header-meta":"","adv-header-id-meta":"","stick-header-meta":"","header-above-stick-meta":"","header-main-stick-meta":"","header-below-stick-meta":"","astra-migrate-meta-layouts":"default","ast-page-background-enabled":"default","ast-page-background-meta":{"desktop":{"background-color":"var(--ast-global-color-4)","background-image":"","background-repeat":"repeat","background-position":"center center","background-size":"auto","background-attachment":"scroll","background-type":"","background-media":"","overlay-type":"","overlay-color":"","overlay-gradient":""},"tablet":{"background-color":"","background-image":"","background-repeat":"repeat","background-position":"center center","background-size":"auto","background-attachment":"scroll","background-type":"","background-media":"","overlay-type":"","overlay-color":"","overlay-gradient":""},"mobile":{"background-color":"","background-image":"","background-repeat":"repeat","background-position":"center center","background-size":"auto","background-attachment":"scroll","background-type":"","background-media":"","overlay-type":"","overlay-color":"","overlay-gradient":""}},"ast-content-background-meta":{"desktop":{"background-color":"var(--ast-global-color-5)","background-image":"","background-repeat":"repeat","background-position":"center center","background-size":"auto","background-attachment":"scroll","background-type":"","background-media":"","overlay-type":"","overlay-color":"","overlay-gradient":""},"tablet":{"background-color":"var(--ast-global-color-5)","background-image":"","background-repeat":"repeat","background-position":"center center","background-size":"auto","background-attachment":"scroll","background-type":"","background-media":"","overlay-type":"","overlay-color":"","overlay-gradient":""},"mobile":{"background-color":"var(--ast-global-color-5)","background-image":"","background-repeat":"repeat","background-position":"center center","background-size":"auto","background-attachment":"scroll","background-type":"","background-media":"","overlay-type":"","overlay-color":"","overlay-gradient":""}},"footnotes":""},"categories":[681,983,165,18397,17785,990,18402,269,2232,25104],"tags":[178065,52772,52774,18432,18407,32440],"class_list":["post-84243","post","type-post","status-publish","format-standard","hentry","category-antropologia","category-antropologia-cultural","category-filosofia","category-pontificia-comillas","category-religion","category-sistemas-filosoficos","category-sistemas-teologico-filosoficos","category-sociologia","category-sociologia-cultural","category-sociologia-de-la-religion","tag-hermann-rodriguez-osorio","tag-juan-manuel-garcia-lomas-pradera","tag-pascual-cebollada-silvestre","tag-santiago-madrigal-terrazas","tag-secundino-castro-sanchez","tag-xavier-quinza-lleo"],"_links":{"self":[{"href":"https:\/\/www.deberes.net\/tesis\/wp-json\/wp\/v2\/posts\/84243","targetHints":{"allow":["GET"]}}],"collection":[{"href":"https:\/\/www.deberes.net\/tesis\/wp-json\/wp\/v2\/posts"}],"about":[{"href":"https:\/\/www.deberes.net\/tesis\/wp-json\/wp\/v2\/types\/post"}],"author":[{"embeddable":true,"href":"https:\/\/www.deberes.net\/tesis\/wp-json\/wp\/v2\/users\/1"}],"replies":[{"embeddable":true,"href":"https:\/\/www.deberes.net\/tesis\/wp-json\/wp\/v2\/comments?post=84243"}],"version-history":[{"count":0,"href":"https:\/\/www.deberes.net\/tesis\/wp-json\/wp\/v2\/posts\/84243\/revisions"}],"wp:attachment":[{"href":"https:\/\/www.deberes.net\/tesis\/wp-json\/wp\/v2\/media?parent=84243"}],"wp:term":[{"taxonomy":"category","embeddable":true,"href":"https:\/\/www.deberes.net\/tesis\/wp-json\/wp\/v2\/categories?post=84243"},{"taxonomy":"post_tag","embeddable":true,"href":"https:\/\/www.deberes.net\/tesis\/wp-json\/wp\/v2\/tags?post=84243"}],"curies":[{"name":"wp","href":"https:\/\/api.w.org\/{rel}","templated":true}]}}