{"id":84264,"date":"2018-03-10T00:08:29","date_gmt":"2018-03-10T00:08:29","guid":{"rendered":"https:\/\/www.deberes.net\/tesis\/sin-categoria\/aplicaciones-de-analisis-multivariante-a-la-clasificacion-y-discriminacion-de-secuencias-de-protea%c2%adnas-en-alineamientos-multiples\/"},"modified":"2018-03-10T00:08:29","modified_gmt":"2018-03-10T00:08:29","slug":"aplicaciones-de-analisis-multivariante-a-la-clasificacion-y-discriminacion-de-secuencias-de-protea%c2%adnas-en-alineamientos-multiples","status":"publish","type":"post","link":"https:\/\/www.deberes.net\/tesis\/quimica\/aplicaciones-de-analisis-multivariante-a-la-clasificacion-y-discriminacion-de-secuencias-de-protea%c2%adnas-en-alineamientos-multiples\/","title":{"rendered":"Aplicaciones de an\u00e1lisis multivariante a la clasificaci\u00f3n y discriminaci\u00f3n de secuencias de prote\u00ednas en alineamientos m\u00faltiples"},"content":{"rendered":"<h2>Tesis doctoral de <strong> Carolina P\u00e9rez Iratxeta <\/strong><\/h2>\n<p>La informaci\u00f3n evolutiva contenida en los alineamientos m\u00faltiples de secuencias proteicas se est\u00e1 utilizando con prop\u00f3sitos predictivos, cada vez m\u00e1s ampliamente. Se trata de predecir aspectos estructurales y funcionales de las prote\u00ednas. En este contexto se trato de estudiar la plicabilidad de distintas t\u00e9cnicas de an\u00e1lisis multivariante infocadas a la extracci\u00f3n de informaci\u00f3n funcional.  en el trabajo se comparan los resultados obtenidos con otras aproximaciones previas al problema.  as\u00ed m\u00edsmo, se verific\u00f3 la utilidad y aplicabilida del trabajo mediante el an\u00e1lisis de numerosos ejemplos.<\/p>\n<p>&nbsp;<\/p>\n<h3>Datos acad\u00e9micos de la tesis doctoral \u00ab<strong>Aplicaciones de an\u00e1lisis multivariante a la clasificaci\u00f3n y discriminaci\u00f3n de secuencias de prote\u00ednas en alineamientos m\u00faltiples<\/strong>\u00ab<\/h3>\n<ul>\n<li><strong>T\u00edtulo de la tesis:<\/strong>\u00a0 Aplicaciones de an\u00e1lisis multivariante a la clasificaci\u00f3n y discriminaci\u00f3n de secuencias de prote\u00ednas en alineamientos m\u00faltiples <\/li>\n<li><strong>Autor:<\/strong>\u00a0 Carolina P\u00e9rez Iratxeta <\/li>\n<li><strong>Universidad:<\/strong>\u00a0 Aut\u00f3noma de Madrid<\/li>\n<li><strong>Fecha de lectura de la tesis:<\/strong>\u00a0 14\/04\/2000<\/li>\n<\/ul>\n<p>&nbsp;<\/p>\n<h3>Direcci\u00f3n y tribunal<\/h3>\n<ul>\n<li><strong>Director de la tesis<\/strong>\n<ul>\n<li> Andrade Navarro Miguel Angel<\/li>\n<\/ul>\n<\/li>\n<li><strong>Tribunal<\/strong>\n<ul>\n<li>Presidente del tribunal: Francisco Montero carnero <\/li>\n<li>Luis Menendez arias (vocal)<\/li>\n<li>Mar\u00eda Carazo jose (vocal)<\/li>\n<li>joaqu\u00edn Dopazo bl\u00e1zquez (vocal)<\/li>\n<\/ul>\n<\/li>\n<\/ul>\n<p>&nbsp;<\/p>\n","protected":false},"excerpt":{"rendered":"<p>Tesis doctoral de Carolina P\u00e9rez Iratxeta La informaci\u00f3n evolutiva contenida en los alineamientos m\u00faltiples de secuencias proteicas se est\u00e1 utilizando [&hellip;]<\/p>\n","protected":false},"author":1,"featured_media":0,"comment_status":"open","ping_status":"open","sticky":false,"template":"","format":"standard","meta":{"site-sidebar-layout":"default","site-content-layout":"","ast-site-content-layout":"","site-content-style":"default","site-sidebar-style":"default","ast-global-header-display":"","ast-banner-title-visibility":"","ast-main-header-display":"","ast-hfb-above-header-display":"","ast-hfb-below-header-display":"","ast-hfb-mobile-header-display":"","site-post-title":"","ast-breadcrumbs-content":"","ast-featured-img":"","footer-sml-layout":"","theme-transparent-header-meta":"","adv-header-id-meta":"","stick-header-meta":"","header-above-stick-meta":"","header-main-stick-meta":"","header-below-stick-meta":"","astra-migrate-meta-layouts":"default","ast-page-background-enabled":"default","ast-page-background-meta":{"desktop":{"background-color":"var(--ast-global-color-4)","background-image":"","background-repeat":"repeat","background-position":"center center","background-size":"auto","background-attachment":"scroll","background-type":"","background-media":"","overlay-type":"","overlay-color":"","overlay-gradient":""},"tablet":{"background-color":"","background-image":"","background-repeat":"repeat","background-position":"center center","background-size":"auto","background-attachment":"scroll","background-type":"","background-media":"","overlay-type":"","overlay-color":"","overlay-gradient":""},"mobile":{"background-color":"","background-image":"","background-repeat":"repeat","background-position":"center center","background-size":"auto","background-attachment":"scroll","background-type":"","background-media":"","overlay-type":"","overlay-color":"","overlay-gradient":""}},"ast-content-background-meta":{"desktop":{"background-color":"var(--ast-global-color-5)","background-image":"","background-repeat":"repeat","background-position":"center center","background-size":"auto","background-attachment":"scroll","background-type":"","background-media":"","overlay-type":"","overlay-color":"","overlay-gradient":""},"tablet":{"background-color":"var(--ast-global-color-5)","background-image":"","background-repeat":"repeat","background-position":"center center","background-size":"auto","background-attachment":"scroll","background-type":"","background-media":"","overlay-type":"","overlay-color":"","overlay-gradient":""},"mobile":{"background-color":"var(--ast-global-color-5)","background-image":"","background-repeat":"repeat","background-position":"center center","background-size":"auto","background-attachment":"scroll","background-type":"","background-media":"","overlay-type":"","overlay-color":"","overlay-gradient":""}},"footnotes":""},"categories":[3148,160,1477,126,3178,17],"tags":[4796,178105,56485,14727,40101,87941],"class_list":["post-84264","post","type-post","status-publish","format-standard","hentry","category-analisis-multivariante","category-bioquimica","category-estadistica","category-matematicas","category-proteinas","category-quimica","tag-andrade-navarro-miguel-angel","tag-carolina-perez-iratxeta","tag-francisco-montero-carnero","tag-joaquin-dopazo-blazquez","tag-luis-menendez-arias","tag-maria-carazo-jose"],"_links":{"self":[{"href":"https:\/\/www.deberes.net\/tesis\/wp-json\/wp\/v2\/posts\/84264","targetHints":{"allow":["GET"]}}],"collection":[{"href":"https:\/\/www.deberes.net\/tesis\/wp-json\/wp\/v2\/posts"}],"about":[{"href":"https:\/\/www.deberes.net\/tesis\/wp-json\/wp\/v2\/types\/post"}],"author":[{"embeddable":true,"href":"https:\/\/www.deberes.net\/tesis\/wp-json\/wp\/v2\/users\/1"}],"replies":[{"embeddable":true,"href":"https:\/\/www.deberes.net\/tesis\/wp-json\/wp\/v2\/comments?post=84264"}],"version-history":[{"count":0,"href":"https:\/\/www.deberes.net\/tesis\/wp-json\/wp\/v2\/posts\/84264\/revisions"}],"wp:attachment":[{"href":"https:\/\/www.deberes.net\/tesis\/wp-json\/wp\/v2\/media?parent=84264"}],"wp:term":[{"taxonomy":"category","embeddable":true,"href":"https:\/\/www.deberes.net\/tesis\/wp-json\/wp\/v2\/categories?post=84264"},{"taxonomy":"post_tag","embeddable":true,"href":"https:\/\/www.deberes.net\/tesis\/wp-json\/wp\/v2\/tags?post=84264"}],"curies":[{"name":"wp","href":"https:\/\/api.w.org\/{rel}","templated":true}]}}