{"id":84303,"date":"2018-03-10T00:08:34","date_gmt":"2018-03-10T00:08:34","guid":{"rendered":"https:\/\/www.deberes.net\/tesis\/sin-categoria\/dentro-de-dentro-estudio-antropologico-y-social-de-los-gitanos-catalanes\/"},"modified":"2018-03-10T00:08:34","modified_gmt":"2018-03-10T00:08:34","slug":"dentro-de-dentro-estudio-antropologico-y-social-de-los-gitanos-catalanes","status":"publish","type":"post","link":"https:\/\/www.deberes.net\/tesis\/sociologia\/dentro-de-dentro-estudio-antropologico-y-social-de-los-gitanos-catalanes\/","title":{"rendered":"Dentro de dentro: estudio antropologico y social de los gitanos catalanes"},"content":{"rendered":"<h2>Tesis doctoral de <strong> David Lagunas Arias <\/strong><\/h2>\n<p>Esta tesis trata del problema de cano  una comunidad de gitanos en catalu\u00f1a se mantiene como tales en una situacion de \u00abinmersion\u00bb en otro universo. se analiza la jerarquia de edad y genero, la identidad, la historia, la economia y aspectos de base del parentesco.  la conclusion es que los gitanos, en general, son el paradigma de una cierta complejidad cultural.<\/p>\n<p>&nbsp;<\/p>\n<h3>Datos acad\u00e9micos de la tesis doctoral \u00ab<strong>Dentro de dentro: estudio antropologico y social de los gitanos catalanes<\/strong>\u00ab<\/h3>\n<ul>\n<li><strong>T\u00edtulo de la tesis:<\/strong>\u00a0 Dentro de dentro: estudio antropologico y social de los gitanos catalanes <\/li>\n<li><strong>Autor:<\/strong>\u00a0 David Lagunas Arias <\/li>\n<li><strong>Universidad:<\/strong>\u00a0 Ja\u00e9n<\/li>\n<li><strong>Fecha de lectura de la tesis:<\/strong>\u00a0 26\/04\/2000<\/li>\n<\/ul>\n<p>&nbsp;<\/p>\n<h3>Direcci\u00f3n y tribunal<\/h3>\n<ul>\n<li><strong>Director de la tesis<\/strong>\n<ul>\n<li>Jos\u00e9 Lu\u00eds Anta F\u00e9lez<\/li>\n<\/ul>\n<\/li>\n<li><strong>Tribunal<\/strong>\n<ul>\n<li>Presidente del tribunal: joan Bestard camps <\/li>\n<li>Jos\u00e9 Antonio Gonz\u00e1lez alcantud (vocal)<\/li>\n<li>lu\u00eds \u00e1lvarez munarriz (vocal)<\/li>\n<li> Lison arcal Jos\u00e9 c. (vocal)<\/li>\n<\/ul>\n<\/li>\n<\/ul>\n<p>&nbsp;<\/p>\n","protected":false},"excerpt":{"rendered":"<p>Tesis doctoral de David Lagunas Arias Esta tesis trata del problema de cano una comunidad de gitanos en catalu\u00f1a se [&hellip;]<\/p>\n","protected":false},"author":1,"featured_media":0,"comment_status":"open","ping_status":"open","sticky":false,"template":"","format":"standard","meta":{"site-sidebar-layout":"default","site-content-layout":"","ast-site-content-layout":"","site-content-style":"default","site-sidebar-style":"default","ast-global-header-display":"","ast-banner-title-visibility":"","ast-main-header-display":"","ast-hfb-above-header-display":"","ast-hfb-below-header-display":"","ast-hfb-mobile-header-display":"","site-post-title":"","ast-breadcrumbs-content":"","ast-featured-img":"","footer-sml-layout":"","theme-transparent-header-meta":"","adv-header-id-meta":"","stick-header-meta":"","header-above-stick-meta":"","header-main-stick-meta":"","header-below-stick-meta":"","astra-migrate-meta-layouts":"default","ast-page-background-enabled":"default","ast-page-background-meta":{"desktop":{"background-color":"var(--ast-global-color-4)","background-image":"","background-repeat":"repeat","background-position":"center center","background-size":"auto","background-attachment":"scroll","background-type":"","background-media":"","overlay-type":"","overlay-color":"","overlay-gradient":""},"tablet":{"background-color":"","background-image":"","background-repeat":"repeat","background-position":"center center","background-size":"auto","background-attachment":"scroll","background-type":"","background-media":"","overlay-type":"","overlay-color":"","overlay-gradient":""},"mobile":{"background-color":"","background-image":"","background-repeat":"repeat","background-position":"center center","background-size":"auto","background-attachment":"scroll","background-type":"","background-media":"","overlay-type":"","overlay-color":"","overlay-gradient":""}},"ast-content-background-meta":{"desktop":{"background-color":"var(--ast-global-color-5)","background-image":"","background-repeat":"repeat","background-position":"center center","background-size":"auto","background-attachment":"scroll","background-type":"","background-media":"","overlay-type":"","overlay-color":"","overlay-gradient":""},"tablet":{"background-color":"var(--ast-global-color-5)","background-image":"","background-repeat":"repeat","background-position":"center center","background-size":"auto","background-attachment":"scroll","background-type":"","background-media":"","overlay-type":"","overlay-color":"","overlay-gradient":""},"mobile":{"background-color":"var(--ast-global-color-5)","background-image":"","background-repeat":"repeat","background-position":"center center","background-size":"auto","background-attachment":"scroll","background-type":"","background-media":"","overlay-type":"","overlay-color":"","overlay-gradient":""}},"footnotes":""},"categories":[681,2720,290,3994,291,18923,8113,269,4651,5468],"tags":[178172,62015,3997,4802,150956,8653],"class_list":["post-84303","post","type-post","status-publish","format-standard","hentry","category-antropologia","category-antropologia-social","category-familia-y-parentesco","category-filiacion-familia-y-parentesco","category-grupos-sociales","category-jaen","category-posicion-social-de-la-mujer","category-sociologia","category-sociologia-de-los-asentamientos-humanos","category-sociologia-urbana","tag-david-lagunas-arias","tag-joan-bestard-camps","tag-jose-antonio-gonzalez-alcantud","tag-jose-luis-anta-felez","tag-lison-arcal-jose-c","tag-luis-alvarez-munarriz"],"_links":{"self":[{"href":"https:\/\/www.deberes.net\/tesis\/wp-json\/wp\/v2\/posts\/84303","targetHints":{"allow":["GET"]}}],"collection":[{"href":"https:\/\/www.deberes.net\/tesis\/wp-json\/wp\/v2\/posts"}],"about":[{"href":"https:\/\/www.deberes.net\/tesis\/wp-json\/wp\/v2\/types\/post"}],"author":[{"embeddable":true,"href":"https:\/\/www.deberes.net\/tesis\/wp-json\/wp\/v2\/users\/1"}],"replies":[{"embeddable":true,"href":"https:\/\/www.deberes.net\/tesis\/wp-json\/wp\/v2\/comments?post=84303"}],"version-history":[{"count":0,"href":"https:\/\/www.deberes.net\/tesis\/wp-json\/wp\/v2\/posts\/84303\/revisions"}],"wp:attachment":[{"href":"https:\/\/www.deberes.net\/tesis\/wp-json\/wp\/v2\/media?parent=84303"}],"wp:term":[{"taxonomy":"category","embeddable":true,"href":"https:\/\/www.deberes.net\/tesis\/wp-json\/wp\/v2\/categories?post=84303"},{"taxonomy":"post_tag","embeddable":true,"href":"https:\/\/www.deberes.net\/tesis\/wp-json\/wp\/v2\/tags?post=84303"}],"curies":[{"name":"wp","href":"https:\/\/api.w.org\/{rel}","templated":true}]}}