{"id":84315,"date":"2018-03-10T00:08:34","date_gmt":"2018-03-10T00:08:34","guid":{"rendered":"https:\/\/www.deberes.net\/tesis\/sin-categoria\/las-decisiones-de-inversion-en-marruecos-de-las-empresas-espanolas-en-un-contexto-de-integracion-regional-mediterranea\/"},"modified":"2018-03-10T00:08:34","modified_gmt":"2018-03-10T00:08:34","slug":"las-decisiones-de-inversion-en-marruecos-de-las-empresas-espanolas-en-un-contexto-de-integracion-regional-mediterranea","status":"publish","type":"post","link":"https:\/\/www.deberes.net\/tesis\/ciencias-economicas\/las-decisiones-de-inversion-en-marruecos-de-las-empresas-espanolas-en-un-contexto-de-integracion-regional-mediterranea\/","title":{"rendered":"Las decisiones de inversi\u00f3n en marruecos de las empresas espa\u00f1olas en un contexto de integraci\u00f3n regional mediterr\u00e1nea."},"content":{"rendered":"<h2>Tesis doctoral de <strong> M. Isabel Juarez Rubio <\/strong><\/h2>\n<p>La firma de los acuerdos de asociaci\u00f3n euromediterr\u00e1nea entre la ue y cada pa\u00eds tercero mediterr\u00e1neo ptm significa la creaci\u00f3n de un \u00e1rea de libre comercio (alc) entre las partes, y la psoterior creaci\u00f3n del alc entre los propios ptm. La formaci\u00f3n del \u00e1rea del libre comercio entre la ue y marruecos generar\u00e1 nuevas oprotunidades de inversi\u00f3n en este pa\u00eds magreb\u00ed, potenciadas por el gran mercado euromediterr\u00e1neo que se ir\u00e1 configurando. pero hay otro aspecto que tambi\u00e9n es interesante se\u00f1alar y es que dicha creaci\u00f3n producir\u00e1 reestructuraciones de las inversiones ya realizadas, tanto en el lado europeo como en el marroqu\u00ed, con la consigueinte repercusi\u00f3n en el empleo en ambas zonas.  el primer objetivo planteado en este trabajo fue el de conocer cu\u00e1l ser\u00eda la respuesta de las empresas espa\u00f1olas con inversiones productivas en marruecos ante el cambio de marco geogr\u00e1fico y econ\u00f3mico que el alc traer\u00e1,y qu\u00e9 implicaciones tendr\u00edan esas respuestas -estrategias- sobre el empleo, tanto en la matriz como en las filiales marroqu\u00edes. Una segunda cuesti\u00f3n fue la de qu\u00e9 caracter\u00edsticas debe poseer una empresa con presencia en el exterior. Para tratar de responder a ello se ha utilizado una de las teor\u00edas sobre la inversi\u00f3n directa exterior m\u00e1s aceptada: el paradigma ecl\u00e9ctico de dunming, y como segundo objetivo se ha querido comprobar si el comportamiento de las inversiones espa\u00f1oals en el pa\u00eds magreb\u00ed responde a los supuestos establecidos por dicha teor\u00eda. Otra cuesti\u00f3n era el hecho de que a pesar de la cercan\u00eda y del menor desarrollo tecnol\u00f3gico de marruecos con espa\u00f1a, as\u00ed como  de los importantes apoyos financieros del gobierno espa\u00f1ol para acrecentar las relaciones comerciales y las inversiones, hab\u00eda un claro desfase entre la presencia pol\u00edtica espa\u00f1ola y la econom\u00eda, claramente a favor de la primera. El tercer objetivo fue identificar las posibles causas de dicho desfase y pronosticar su evolu<\/p>\n<p>&nbsp;<\/p>\n<h3>Datos acad\u00e9micos de la tesis doctoral \u00ab<strong>Las decisiones de inversi\u00f3n en marruecos de las empresas espa\u00f1olas en un contexto de integraci\u00f3n regional mediterr\u00e1nea.<\/strong>\u00ab<\/h3>\n<ul>\n<li><strong>T\u00edtulo de la tesis:<\/strong>\u00a0 Las decisiones de inversi\u00f3n en marruecos de las empresas espa\u00f1olas en un contexto de integraci\u00f3n regional mediterr\u00e1nea. <\/li>\n<li><strong>Autor:<\/strong>\u00a0 M. Isabel Juarez Rubio <\/li>\n<li><strong>Universidad:<\/strong>\u00a0 Aut\u00f3noma de barcelona<\/li>\n<li><strong>Fecha de lectura de la tesis:<\/strong>\u00a0 27\/04\/2000<\/li>\n<\/ul>\n<p>&nbsp;<\/p>\n<h3>Direcci\u00f3n y tribunal<\/h3>\n<ul>\n<li><strong>Director de la tesis<\/strong>\n<ul>\n<li>Jordi Bacaria Colom<\/li>\n<\/ul>\n<\/li>\n<li><strong>Tribunal<\/strong>\n<ul>\n<li>Presidente del tribunal: francesc Sol\u00e9 parellada <\/li>\n<li>oscar Alfranca burriel (vocal)<\/li>\n<li>m. Mella jos\u00e9 (vocal)<\/li>\n<li>  (vocal)<\/li>\n<\/ul>\n<\/li>\n<\/ul>\n<p>&nbsp;<\/p>\n","protected":false},"excerpt":{"rendered":"<p>Tesis doctoral de M. Isabel Juarez Rubio La firma de los acuerdos de asociaci\u00f3n euromediterr\u00e1nea entre la ue y cada [&hellip;]<\/p>\n","protected":false},"author":1,"featured_media":0,"comment_status":"open","ping_status":"open","sticky":false,"template":"","format":"standard","meta":{"site-sidebar-layout":"default","site-content-layout":"","ast-site-content-layout":"","site-content-style":"default","site-sidebar-style":"default","ast-global-header-display":"","ast-banner-title-visibility":"","ast-main-header-display":"","ast-hfb-above-header-display":"","ast-hfb-below-header-display":"","ast-hfb-mobile-header-display":"","site-post-title":"","ast-breadcrumbs-content":"","ast-featured-img":"","footer-sml-layout":"","theme-transparent-header-meta":"","adv-header-id-meta":"","stick-header-meta":"","header-above-stick-meta":"","header-main-stick-meta":"","header-below-stick-meta":"","astra-migrate-meta-layouts":"default","ast-page-background-enabled":"default","ast-page-background-meta":{"desktop":{"background-color":"var(--ast-global-color-4)","background-image":"","background-repeat":"repeat","background-position":"center center","background-size":"auto","background-attachment":"scroll","background-type":"","background-media":"","overlay-type":"","overlay-color":"","overlay-gradient":""},"tablet":{"background-color":"","background-image":"","background-repeat":"repeat","background-position":"center center","background-size":"auto","background-attachment":"scroll","background-type":"","background-media":"","overlay-type":"","overlay-color":"","overlay-gradient":""},"mobile":{"background-color":"","background-image":"","background-repeat":"repeat","background-position":"center center","background-size":"auto","background-attachment":"scroll","background-type":"","background-media":"","overlay-type":"","overlay-color":"","overlay-gradient":""}},"ast-content-background-meta":{"desktop":{"background-color":"var(--ast-global-color-5)","background-image":"","background-repeat":"repeat","background-position":"center center","background-size":"auto","background-attachment":"scroll","background-type":"","background-media":"","overlay-type":"","overlay-color":"","overlay-gradient":""},"tablet":{"background-color":"var(--ast-global-color-5)","background-image":"","background-repeat":"repeat","background-position":"center center","background-size":"auto","background-attachment":"scroll","background-type":"","background-media":"","overlay-type":"","overlay-color":"","overlay-gradient":""},"mobile":{"background-color":"var(--ast-global-color-5)","background-image":"","background-repeat":"repeat","background-position":"center center","background-size":"auto","background-attachment":"scroll","background-type":"","background-media":"","overlay-type":"","overlay-color":"","overlay-gradient":""}},"footnotes":""},"categories":[82,910,13381,15475,2825],"tags":[1307,20426,143203,178189,29103],"class_list":["post-84315","post","type-post","status-publish","format-standard","hentry","category-ciencias-economicas","category-economia-internacional","category-integracion-economica","category-inversion-exterior","category-organizacion-industrial-y-sector-publico","tag-francesc-sole-parellada","tag-jordi-bacaria-colom","tag-m-isabel-juarez-rubio","tag-m-mella-jose","tag-oscar-alfranca-burriel"],"_links":{"self":[{"href":"https:\/\/www.deberes.net\/tesis\/wp-json\/wp\/v2\/posts\/84315","targetHints":{"allow":["GET"]}}],"collection":[{"href":"https:\/\/www.deberes.net\/tesis\/wp-json\/wp\/v2\/posts"}],"about":[{"href":"https:\/\/www.deberes.net\/tesis\/wp-json\/wp\/v2\/types\/post"}],"author":[{"embeddable":true,"href":"https:\/\/www.deberes.net\/tesis\/wp-json\/wp\/v2\/users\/1"}],"replies":[{"embeddable":true,"href":"https:\/\/www.deberes.net\/tesis\/wp-json\/wp\/v2\/comments?post=84315"}],"version-history":[{"count":0,"href":"https:\/\/www.deberes.net\/tesis\/wp-json\/wp\/v2\/posts\/84315\/revisions"}],"wp:attachment":[{"href":"https:\/\/www.deberes.net\/tesis\/wp-json\/wp\/v2\/media?parent=84315"}],"wp:term":[{"taxonomy":"category","embeddable":true,"href":"https:\/\/www.deberes.net\/tesis\/wp-json\/wp\/v2\/categories?post=84315"},{"taxonomy":"post_tag","embeddable":true,"href":"https:\/\/www.deberes.net\/tesis\/wp-json\/wp\/v2\/tags?post=84315"}],"curies":[{"name":"wp","href":"https:\/\/api.w.org\/{rel}","templated":true}]}}