{"id":84406,"date":"2000-06-05T00:00:00","date_gmt":"2000-06-05T00:00:00","guid":{"rendered":"https:\/\/www.deberes.net\/tesis\/sin-categoria\/estudio-de-la-influencia-de-los-factores-meteororologicos-en-los-ingresos-psiquiatricos-del-hospital-clinico-universitario-de-salamanca-durante-el-periodo-1982-1991\/"},"modified":"2000-06-05T00:00:00","modified_gmt":"2000-06-05T00:00:00","slug":"estudio-de-la-influencia-de-los-factores-meteororologicos-en-los-ingresos-psiquiatricos-del-hospital-clinico-universitario-de-salamanca-durante-el-periodo-1982-1991","status":"publish","type":"post","link":"https:\/\/www.deberes.net\/tesis\/ciencias-medicas\/estudio-de-la-influencia-de-los-factores-meteororologicos-en-los-ingresos-psiquiatricos-del-hospital-clinico-universitario-de-salamanca-durante-el-periodo-1982-1991\/","title":{"rendered":"Estudio de la influencia de los factores meteororologicos en los ingresos psiquiatricos del hospital clinico universitario de salamanca durante el periodo 1982-1991,"},"content":{"rendered":"<h2>Tesis doctoral de <strong>  Bermejo Esteban Eva M. <\/strong><\/h2>\n<p>Objetivos:  comprobar la posible relaci\u00f3n entre los factores meteorol\u00f3gicos y los ingresos psiqui\u00e1tricos.  metodos:  se realiza un estudio sobre 4,008 ingresos psiqui\u00e1tricos del hospital cl\u00ednico de salamanca, clasificados en 15 categor\u00edas diagn\u00f3sticas, en un periodo de tiempo de diez a\u00f1os, comprendido entre enero de 1982 y diciembre de 1991. Se analizan, en ese mismo periodo de tiempo, las variables meteorol\u00f3gicas de temperatura, presi\u00f3n atmosf\u00e9rica, humedad relativa, direcci\u00f3n del viento, d\u00edas de lluvia, niebla y tormenta.  se estudi\u00f3 la variaci\u00f3n estacional de las distintas categor\u00edas diagn\u00f3sticas mediante la representaci\u00f3n gr\u00e1fica y la variaci\u00f3n porcentual de los distintos meses respecto a las medias anuales. Se utilizar\u00f3n coeficientes de correlaci\u00f3n lineal para analizar la realci\u00f3n directa de cada variable meteorol\u00f3gica con cada enfermedad psiqui\u00e1trica, incluso con retardo de un d\u00eda.  por \u00faltimo, se determinaron las variables meteorol\u00f3gicas predictoras del ingreso de una determinada patolog\u00eda, psiqui\u00e1trica mediante regresiones log\u00edsticas.  resultados:  los ingresos psiqui\u00e1tricos, en general, aumentan en verano y descienden en inverno.S\u00f3lo se detecta una peque\u00f1a asociaci\u00f3n significativa entre la presencia de lluvia y los trastornos de personalidad. Se han encontrado variables de predcci\u00f3n para los distintos trastrornos psiqui\u00e1tricos, teniendo en cuenta que cualquier modelo de predcci\u00f3n no significa que una variable sea causa de la otra.<\/p>\n<p>&nbsp;<\/p>\n<h3>Datos acad\u00e9micos de la tesis doctoral \u00ab<strong>Estudio de la influencia de los factores meteororologicos en los ingresos psiquiatricos del hospital clinico universitario de salamanca durante el periodo 1982-1991,<\/strong>\u00ab<\/h3>\n<ul>\n<li><strong>T\u00edtulo de la tesis:<\/strong>\u00a0 Estudio de la influencia de los factores meteororologicos en los ingresos psiquiatricos del hospital clinico universitario de salamanca durante el periodo 1982-1991, <\/li>\n<li><strong>Autor:<\/strong>\u00a0  Bermejo Esteban Eva M. <\/li>\n<li><strong>Universidad:<\/strong>\u00a0 Salamanca<\/li>\n<li><strong>Fecha de lectura de la tesis:<\/strong>\u00a0 06\/05\/2000<\/li>\n<\/ul>\n<p>&nbsp;<\/p>\n<h3>Direcci\u00f3n y tribunal<\/h3>\n<ul>\n<li><strong>Director de la tesis<\/strong>\n<ul>\n<li>Jos\u00e9 Luis Labajo Salazar<\/li>\n<\/ul>\n<\/li>\n<li><strong>Tribunal<\/strong>\n<ul>\n<li>Presidente del tribunal:  Izquierdo de la torre Juan  alberto <\/li>\n<li>Jos\u00e9 angel Macias fernandez (vocal)<\/li>\n<li>moises Egido manzo (vocal)<\/li>\n<li>vicente Rubio larrosa (vocal)<\/li>\n<\/ul>\n<\/li>\n<\/ul>\n<p>&nbsp;<\/p>\n","protected":false},"excerpt":{"rendered":"<p>Tesis doctoral de Bermejo Esteban Eva M. Objetivos: comprobar la posible relaci\u00f3n entre los factores meteorol\u00f3gicos y los ingresos psiqui\u00e1tricos. [&hellip;]<\/p>\n","protected":false},"author":1,"featured_media":0,"comment_status":"open","ping_status":"open","sticky":false,"template":"","format":"standard","meta":{"site-sidebar-layout":"default","site-content-layout":"","ast-site-content-layout":"","site-content-style":"default","site-sidebar-style":"default","ast-global-header-display":"","ast-banner-title-visibility":"","ast-main-header-display":"","ast-hfb-above-header-display":"","ast-hfb-below-header-display":"","ast-hfb-mobile-header-display":"","site-post-title":"","ast-breadcrumbs-content":"","ast-featured-img":"","footer-sml-layout":"","theme-transparent-header-meta":"","adv-header-id-meta":"","stick-header-meta":"","header-above-stick-meta":"","header-main-stick-meta":"","header-below-stick-meta":"","astra-migrate-meta-layouts":"default","ast-page-background-enabled":"default","ast-page-background-meta":{"desktop":{"background-color":"var(--ast-global-color-4)","background-image":"","background-repeat":"repeat","background-position":"center center","background-size":"auto","background-attachment":"scroll","background-type":"","background-media":"","overlay-type":"","overlay-color":"","overlay-gradient":""},"tablet":{"background-color":"","background-image":"","background-repeat":"repeat","background-position":"center center","background-size":"auto","background-attachment":"scroll","background-type":"","background-media":"","overlay-type":"","overlay-color":"","overlay-gradient":""},"mobile":{"background-color":"","background-image":"","background-repeat":"repeat","background-position":"center center","background-size":"auto","background-attachment":"scroll","background-type":"","background-media":"","overlay-type":"","overlay-color":"","overlay-gradient":""}},"ast-content-background-meta":{"desktop":{"background-color":"var(--ast-global-color-5)","background-image":"","background-repeat":"repeat","background-position":"center center","background-size":"auto","background-attachment":"scroll","background-type":"","background-media":"","overlay-type":"","overlay-color":"","overlay-gradient":""},"tablet":{"background-color":"var(--ast-global-color-5)","background-image":"","background-repeat":"repeat","background-position":"center center","background-size":"auto","background-attachment":"scroll","background-type":"","background-media":"","overlay-type":"","overlay-color":"","overlay-gradient":""},"mobile":{"background-color":"var(--ast-global-color-5)","background-image":"","background-repeat":"repeat","background-position":"center center","background-size":"auto","background-attachment":"scroll","background-type":"","background-media":"","overlay-type":"","overlay-color":"","overlay-gradient":""}},"footnotes":""},"categories":[5997,27,9,4329,1408,9386],"tags":[178335,25704,27834,7005,178336,96038],"class_list":["post-84406","post","type-post","status-publish","format-standard","hentry","category-bioclimatologia","category-ciencias-de-la-tierra-y-del-espacio","category-ciencias-medicas","category-climatologia","category-psiquiatria","category-salamanca","tag-bermejo-esteban-eva-m","tag-izquierdo-de-la-torre-juan-alberto","tag-jose-angel-macias-fernandez","tag-jose-luis-labajo-salazar","tag-moises-egido-manzo","tag-vicente-rubio-larrosa"],"_links":{"self":[{"href":"https:\/\/www.deberes.net\/tesis\/wp-json\/wp\/v2\/posts\/84406","targetHints":{"allow":["GET"]}}],"collection":[{"href":"https:\/\/www.deberes.net\/tesis\/wp-json\/wp\/v2\/posts"}],"about":[{"href":"https:\/\/www.deberes.net\/tesis\/wp-json\/wp\/v2\/types\/post"}],"author":[{"embeddable":true,"href":"https:\/\/www.deberes.net\/tesis\/wp-json\/wp\/v2\/users\/1"}],"replies":[{"embeddable":true,"href":"https:\/\/www.deberes.net\/tesis\/wp-json\/wp\/v2\/comments?post=84406"}],"version-history":[{"count":0,"href":"https:\/\/www.deberes.net\/tesis\/wp-json\/wp\/v2\/posts\/84406\/revisions"}],"wp:attachment":[{"href":"https:\/\/www.deberes.net\/tesis\/wp-json\/wp\/v2\/media?parent=84406"}],"wp:term":[{"taxonomy":"category","embeddable":true,"href":"https:\/\/www.deberes.net\/tesis\/wp-json\/wp\/v2\/categories?post=84406"},{"taxonomy":"post_tag","embeddable":true,"href":"https:\/\/www.deberes.net\/tesis\/wp-json\/wp\/v2\/tags?post=84406"}],"curies":[{"name":"wp","href":"https:\/\/api.w.org\/{rel}","templated":true}]}}