{"id":84443,"date":"2000-10-05T00:00:00","date_gmt":"2000-10-05T00:00:00","guid":{"rendered":"https:\/\/www.deberes.net\/tesis\/sin-categoria\/la-broncistica-orientalizante-en-la-pena%c2%adnsula-iberica-700-550-a-c\/"},"modified":"2000-10-05T00:00:00","modified_gmt":"2000-10-05T00:00:00","slug":"la-broncistica-orientalizante-en-la-pena%c2%adnsula-iberica-700-550-a-c","status":"publish","type":"post","link":"https:\/\/www.deberes.net\/tesis\/historia\/la-broncistica-orientalizante-en-la-pena%c2%adnsula-iberica-700-550-a-c\/","title":{"rendered":"\u00ab\u00bbla broncistica orientalizante en la pen\u00ednsula ib\u00e9rica (700-550 a.c)"},"content":{"rendered":"<h2>Tesis doctoral de <strong> Javier Jimenez Avila <\/strong><\/h2>\n<p>Estudio anal\u00edtico de la bronc\u00edstica peninsular del periodo orentalizante (700-550 a.C). El material se reclasifica en varios grupos artesanales destacando el denominado fenicis-occidental, que englobaria las producciones coloniales. Otros grupos (importaciones orientales, importaciones griegas) est\u00e1n peor representados. Se detecta al final de periodo (mediados s.Vi) el surgimiento de una nueva corriente denominada hispano arcerica que recoge fuentes influencias griegas. Los cambios detectados en la producci\u00f3n de bronce desde el bronce final son el reflejo de profundos cambios de orden pol\u00edtico y social: el sufrimiento e implantaci\u00f3n de formaciones monarquicas en tartesos y el proceso de orientalizaci\u00f3n que sufre la peninsula iberica en este momento de su desarrollo hist\u00f3rico.<\/p>\n<p>&nbsp;<\/p>\n<h3>Datos acad\u00e9micos de la tesis doctoral \u00ab<strong>\u00ab\u00bbla broncistica orientalizante en la pen\u00ednsula ib\u00e9rica (700-550 a.c)<\/strong>\u00ab<\/h3>\n<ul>\n<li><strong>T\u00edtulo de la tesis:<\/strong>\u00a0 \u00ab\u00bbla broncistica orientalizante en la pen\u00ednsula ib\u00e9rica (700-550 a.c) <\/li>\n<li><strong>Autor:<\/strong>\u00a0 Javier Jimenez Avila <\/li>\n<li><strong>Universidad:<\/strong>\u00a0 Extremadura<\/li>\n<li><strong>Fecha de lectura de la tesis:<\/strong>\u00a0 10\/05\/2000<\/li>\n<\/ul>\n<p>&nbsp;<\/p>\n<h3>Direcci\u00f3n y tribunal<\/h3>\n<ul>\n<li><strong>Director de la tesis<\/strong>\n<ul>\n<li>Martin Almagro Gorbea<\/li>\n<\/ul>\n<\/li>\n<li><strong>Tribunal<\/strong>\n<ul>\n<li>Presidente del tribunal: enrique Cerrillo mart\u00edn de c\u00e1ceres <\/li>\n<li>ricardo Olmos romera (vocal)<\/li>\n<li>diego Ruiz mata (vocal)<\/li>\n<li>Mar\u00eda Luisa Ruiz-g\u00e1lvez priego (vocal)<\/li>\n<\/ul>\n<\/li>\n<\/ul>\n<p>&nbsp;<\/p>\n","protected":false},"excerpt":{"rendered":"<p>Tesis doctoral de Javier Jimenez Avila Estudio anal\u00edtico de la bronc\u00edstica peninsular del periodo orentalizante (700-550 a.C). El material se [&hellip;]<\/p>\n","protected":false},"author":1,"featured_media":0,"comment_status":"open","ping_status":"open","sticky":false,"template":"","format":"standard","meta":{"site-sidebar-layout":"default","site-content-layout":"","ast-site-content-layout":"","site-content-style":"default","site-sidebar-style":"default","ast-global-header-display":"","ast-banner-title-visibility":"","ast-main-header-display":"","ast-hfb-above-header-display":"","ast-hfb-below-header-display":"","ast-hfb-mobile-header-display":"","site-post-title":"","ast-breadcrumbs-content":"","ast-featured-img":"","footer-sml-layout":"","theme-transparent-header-meta":"","adv-header-id-meta":"","stick-header-meta":"","header-above-stick-meta":"","header-main-stick-meta":"","header-below-stick-meta":"","astra-migrate-meta-layouts":"default","ast-page-background-enabled":"default","ast-page-background-meta":{"desktop":{"background-color":"var(--ast-global-color-4)","background-image":"","background-repeat":"repeat","background-position":"center center","background-size":"auto","background-attachment":"scroll","background-type":"","background-media":"","overlay-type":"","overlay-color":"","overlay-gradient":""},"tablet":{"background-color":"","background-image":"","background-repeat":"repeat","background-position":"center center","background-size":"auto","background-attachment":"scroll","background-type":"","background-media":"","overlay-type":"","overlay-color":"","overlay-gradient":""},"mobile":{"background-color":"","background-image":"","background-repeat":"repeat","background-position":"center center","background-size":"auto","background-attachment":"scroll","background-type":"","background-media":"","overlay-type":"","overlay-color":"","overlay-gradient":""}},"ast-content-background-meta":{"desktop":{"background-color":"var(--ast-global-color-5)","background-image":"","background-repeat":"repeat","background-position":"center center","background-size":"auto","background-attachment":"scroll","background-type":"","background-media":"","overlay-type":"","overlay-color":"","overlay-gradient":""},"tablet":{"background-color":"var(--ast-global-color-5)","background-image":"","background-repeat":"repeat","background-position":"center center","background-size":"auto","background-attachment":"scroll","background-type":"","background-media":"","overlay-type":"","overlay-color":"","overlay-gradient":""},"mobile":{"background-color":"var(--ast-global-color-5)","background-image":"","background-repeat":"repeat","background-position":"center center","background-size":"auto","background-attachment":"scroll","background-type":"","background-media":"","overlay-type":"","overlay-color":"","overlay-gradient":""}},"footnotes":""},"categories":[1623,1624,949,104],"tags":[11647,17991,178393,80648,6607,6806],"class_list":["post-84443","post","type-post","status-publish","format-standard","hentry","category-arqueologia","category-ciencias-auxiliares-de-la-historia","category-extremadura","category-historia","tag-diego-ruiz-mata","tag-enrique-cerrillo-martin-de-caceres","tag-javier-jimenez-avila","tag-maria-luisa-ruiz-galvez-priego","tag-martin-almagro-gorbea","tag-ricardo-olmos-romera"],"_links":{"self":[{"href":"https:\/\/www.deberes.net\/tesis\/wp-json\/wp\/v2\/posts\/84443","targetHints":{"allow":["GET"]}}],"collection":[{"href":"https:\/\/www.deberes.net\/tesis\/wp-json\/wp\/v2\/posts"}],"about":[{"href":"https:\/\/www.deberes.net\/tesis\/wp-json\/wp\/v2\/types\/post"}],"author":[{"embeddable":true,"href":"https:\/\/www.deberes.net\/tesis\/wp-json\/wp\/v2\/users\/1"}],"replies":[{"embeddable":true,"href":"https:\/\/www.deberes.net\/tesis\/wp-json\/wp\/v2\/comments?post=84443"}],"version-history":[{"count":0,"href":"https:\/\/www.deberes.net\/tesis\/wp-json\/wp\/v2\/posts\/84443\/revisions"}],"wp:attachment":[{"href":"https:\/\/www.deberes.net\/tesis\/wp-json\/wp\/v2\/media?parent=84443"}],"wp:term":[{"taxonomy":"category","embeddable":true,"href":"https:\/\/www.deberes.net\/tesis\/wp-json\/wp\/v2\/categories?post=84443"},{"taxonomy":"post_tag","embeddable":true,"href":"https:\/\/www.deberes.net\/tesis\/wp-json\/wp\/v2\/tags?post=84443"}],"curies":[{"name":"wp","href":"https:\/\/api.w.org\/{rel}","templated":true}]}}