{"id":84476,"date":"2000-12-05T00:00:00","date_gmt":"2000-12-05T00:00:00","guid":{"rendered":"https:\/\/www.deberes.net\/tesis\/sin-categoria\/la-emergencia-de-la-administracion-autonomica-de-andalucia1978-1985\/"},"modified":"2000-12-05T00:00:00","modified_gmt":"2000-12-05T00:00:00","slug":"la-emergencia-de-la-administracion-autonomica-de-andalucia1978-1985","status":"publish","type":"post","link":"https:\/\/www.deberes.net\/tesis\/ciencia-politica\/la-emergencia-de-la-administracion-autonomica-de-andalucia1978-1985\/","title":{"rendered":"La emergencia de la administraci\u00f3n auton\u00f3mica de andalucia(1978-1985)"},"content":{"rendered":"<h2>Tesis doctoral de <strong> Ferm\u00edn Olvera Porcel <\/strong><\/h2>\n<p>Objeto: la emergencia de la administraci\u00f3n p\u00fablica de la comunidad aut\u00f3noma de andalucia(1978-1985). No se pretende ni una sociolog\u00eda de la transici\u00f3n andaluza, ni una cr\u00f3nica pol\u00edtica del proceso auton\u00f3mico, ni tampoco una paroximaci\u00f3n al derecho p\u00fablico de andaluc\u00eda.  encuadramiento cient\u00edfico: la investigaci\u00f3n se ha realizado desde la perspectiva de la ciencia pol\u00edtica y de la administraci\u00f3n, por lo que no se trata de un estudio desde el punto de vista jur\u00eddico y menos a\u00fan desde el punto de vista jur\u00eddico formal, sino que se trata de una aproximaci\u00f3n al fondo pol\u00edtico real, a partir del contexto social y econ\u00f3mico y del comportamiento de los diferentes actores y protagonistas del proceso- especialmente los partidos pol\u00edticos-.  plan de la exposici\u00f3n. El cuerpo central de la tesis se divide en seis cap\u00edtulos-los n\u00fameros ii al vii- de los cuales los tres primeros se dedican a la etapa preauton\u00f3mica y los tres \u00faltimos a la primera legislatura auton\u00f3mica. a lo largo de los tres primeros cap\u00edtulos se aborda la g\u00e9nesis de la preautonom\u00eda protagonizada por escuredo(1979-1982); y el proceso de acceso a la autonom\u00eda plena(1979-1981) con una brev\u00edsima referncia al marco estatutario resultante. ya entrados en la autonom\u00eda se aborda la gesti\u00f3n del primer gobierno auton\u00f3mico, con una especial referencia a la planificaci\u00f3n econ\u00f3mica y a la reforma agraria; se estudia, en segundo lugar, la consolidaci\u00f3n de la administraci\u00f3n auton\u00f3mica, en sus niveles central institucional y perif\u00e9rico, con especial atenci\u00f3n al fen\u00f3meno participativo,y; se analiza, por \u00faltimo, la suficiencia e idoneidad de los recurso humanos, materiales y financieros.  algunas conclusiones. Debajo de la inestabilidad de la organizaci\u00f3n auton\u00f3mica, se puede vislumbrar, una progresiva e indisimulada imitaci\u00f3n de los esquemas-centrales y perif\u00e9ricos- estatales. Aunque en el caso de la administraci\u00f3n matriz se puede -y debe-hablar de m<\/p>\n<p>&nbsp;<\/p>\n<h3>Datos acad\u00e9micos de la tesis doctoral \u00ab<strong>La emergencia de la administraci\u00f3n auton\u00f3mica de andalucia(1978-1985)<\/strong>\u00ab<\/h3>\n<ul>\n<li><strong>T\u00edtulo de la tesis:<\/strong>\u00a0 La emergencia de la administraci\u00f3n auton\u00f3mica de andalucia(1978-1985) <\/li>\n<li><strong>Autor:<\/strong>\u00a0 Ferm\u00edn Olvera Porcel <\/li>\n<li><strong>Universidad:<\/strong>\u00a0 Granada<\/li>\n<li><strong>Fecha de lectura de la tesis:<\/strong>\u00a0 12\/05\/2000<\/li>\n<\/ul>\n<p>&nbsp;<\/p>\n<h3>Direcci\u00f3n y tribunal<\/h3>\n<ul>\n<li><strong>Director de la tesis<\/strong>\n<ul>\n<li>Mar\u00eda no Baena Del Alcazar<\/li>\n<\/ul>\n<\/li>\n<li><strong>Tribunal<\/strong>\n<ul>\n<li>Presidente del tribunal: Juan Montabes pereira <\/li>\n<li>Jos\u00e9 Manuel Canales aliende (vocal)<\/li>\n<li>Javier Lasarte alvarez (vocal)<\/li>\n<li>Carlos Conde Martinez (vocal)<\/li>\n<\/ul>\n<\/li>\n<\/ul>\n<p>&nbsp;<\/p>\n","protected":false},"excerpt":{"rendered":"<p>Tesis doctoral de Ferm\u00edn Olvera Porcel Objeto: la emergencia de la administraci\u00f3n p\u00fablica de la comunidad aut\u00f3noma de andalucia(1978-1985). No [&hellip;]<\/p>\n","protected":false},"author":1,"featured_media":0,"comment_status":"open","ping_status":"open","sticky":false,"template":"","format":"standard","meta":{"site-sidebar-layout":"default","site-content-layout":"","ast-site-content-layout":"","site-content-style":"default","site-sidebar-style":"default","ast-global-header-display":"","ast-banner-title-visibility":"","ast-main-header-display":"","ast-hfb-above-header-display":"","ast-hfb-below-header-display":"","ast-hfb-mobile-header-display":"","site-post-title":"","ast-breadcrumbs-content":"","ast-featured-img":"","footer-sml-layout":"","theme-transparent-header-meta":"","adv-header-id-meta":"","stick-header-meta":"","header-above-stick-meta":"","header-main-stick-meta":"","header-below-stick-meta":"","astra-migrate-meta-layouts":"default","ast-page-background-enabled":"default","ast-page-background-meta":{"desktop":{"background-color":"var(--ast-global-color-4)","background-image":"","background-repeat":"repeat","background-position":"center center","background-size":"auto","background-attachment":"scroll","background-type":"","background-media":"","overlay-type":"","overlay-color":"","overlay-gradient":""},"tablet":{"background-color":"","background-image":"","background-repeat":"repeat","background-position":"center center","background-size":"auto","background-attachment":"scroll","background-type":"","background-media":"","overlay-type":"","overlay-color":"","overlay-gradient":""},"mobile":{"background-color":"","background-image":"","background-repeat":"repeat","background-position":"center center","background-size":"auto","background-attachment":"scroll","background-type":"","background-media":"","overlay-type":"","overlay-color":"","overlay-gradient":""}},"ast-content-background-meta":{"desktop":{"background-color":"var(--ast-global-color-5)","background-image":"","background-repeat":"repeat","background-position":"center center","background-size":"auto","background-attachment":"scroll","background-type":"","background-media":"","overlay-type":"","overlay-color":"","overlay-gradient":""},"tablet":{"background-color":"var(--ast-global-color-5)","background-image":"","background-repeat":"repeat","background-position":"center center","background-size":"auto","background-attachment":"scroll","background-type":"","background-media":"","overlay-type":"","overlay-color":"","overlay-gradient":""},"mobile":{"background-color":"var(--ast-global-color-5)","background-image":"","background-repeat":"repeat","background-position":"center center","background-size":"auto","background-attachment":"scroll","background-type":"","background-media":"","overlay-type":"","overlay-color":"","overlay-gradient":""}},"footnotes":""},"categories":[856,838,11803,6324,839,993],"tags":[23010,178441,2258,4176,38624,859],"class_list":["post-84476","post","type-post","status-publish","format-standard","hentry","category-administracion-publica","category-ciencia-politica","category-instituciones-politicas","category-instituciones-regionales","category-politicas-sectoriales","category-vida-politica","tag-carlos-conde-Martinez","tag-fermin-olvera-porcel","tag-javier-lasarte-alvarez","tag-jose-manuel-canales-aliende","tag-juan-montabes-pereira","tag-maria-no-baena-del-alcazar"],"_links":{"self":[{"href":"https:\/\/www.deberes.net\/tesis\/wp-json\/wp\/v2\/posts\/84476","targetHints":{"allow":["GET"]}}],"collection":[{"href":"https:\/\/www.deberes.net\/tesis\/wp-json\/wp\/v2\/posts"}],"about":[{"href":"https:\/\/www.deberes.net\/tesis\/wp-json\/wp\/v2\/types\/post"}],"author":[{"embeddable":true,"href":"https:\/\/www.deberes.net\/tesis\/wp-json\/wp\/v2\/users\/1"}],"replies":[{"embeddable":true,"href":"https:\/\/www.deberes.net\/tesis\/wp-json\/wp\/v2\/comments?post=84476"}],"version-history":[{"count":0,"href":"https:\/\/www.deberes.net\/tesis\/wp-json\/wp\/v2\/posts\/84476\/revisions"}],"wp:attachment":[{"href":"https:\/\/www.deberes.net\/tesis\/wp-json\/wp\/v2\/media?parent=84476"}],"wp:term":[{"taxonomy":"category","embeddable":true,"href":"https:\/\/www.deberes.net\/tesis\/wp-json\/wp\/v2\/categories?post=84476"},{"taxonomy":"post_tag","embeddable":true,"href":"https:\/\/www.deberes.net\/tesis\/wp-json\/wp\/v2\/tags?post=84476"}],"curies":[{"name":"wp","href":"https:\/\/api.w.org\/{rel}","templated":true}]}}