{"id":84491,"date":"2000-12-05T00:00:00","date_gmt":"2000-12-05T00:00:00","guid":{"rendered":"https:\/\/www.deberes.net\/tesis\/sin-categoria\/valor-clinico-diagnostico-de-las-escalas-de-adjetivos-interpersonales-ias\/"},"modified":"2000-12-05T00:00:00","modified_gmt":"2000-12-05T00:00:00","slug":"valor-clinico-diagnostico-de-las-escalas-de-adjetivos-interpersonales-ias","status":"publish","type":"post","link":"https:\/\/www.deberes.net\/tesis\/ciencias-medicas\/valor-clinico-diagnostico-de-las-escalas-de-adjetivos-interpersonales-ias\/","title":{"rendered":"Valor clinico-diagnostico de las escalas de adjetivos interpersonales (ias)"},"content":{"rendered":"<h2>Tesis doctoral de <strong> Elena Felipe Casta\u00f1o <\/strong><\/h2>\n<p>Las escalas de adjetivos interpersonales (ias, wiggins, 1979; wiggins, trapnell y phillips, 1988. Adaptaci\u00f3n espa\u00f1ola de a. \u00e1vila-espada, 1996) es un instrumento de evaluaci\u00f3n del estilo interpersonal de la personalidad con una fuerte estructura conceptual, cuyos or\u00edgenes se sit\u00faan en la teor\u00eda interpersonal de la personalidad. Este instrumento ha demostrado una importante capacidad diagn\u00f3stica fundamental en los trastornos de la personalidad, permitiendo tanto una evaluaci\u00f3n de la conducta interpersonal desadaptada, un diagn\u00f3stico del tipo interpersonal, as\u00ed como una planificaci\u00f3n de la intervenci\u00f3n hacia la modificaci\u00f3n de los patrones desadaptativos. Adem\u00e1s el modelo circumplex de las ias es un modelo integrador que permite la investigaci\u00f3n de los contenidos interpersonales asociados a las categor\u00edas de trastornos de la personalidad, as\u00ed como s\u00edndromes cl\u00ednicos, orientado hacia una aclaraci\u00f3n sustantiva del contenido interpersonal asociado a esas categor\u00edas psicopatol\u00f3gicas.<\/p>\n<p>&nbsp;<\/p>\n<h3>Datos acad\u00e9micos de la tesis doctoral \u00ab<strong>Valor clinico-diagnostico de las escalas de adjetivos interpersonales (ias)<\/strong>\u00ab<\/h3>\n<ul>\n<li><strong>T\u00edtulo de la tesis:<\/strong>\u00a0 Valor clinico-diagnostico de las escalas de adjetivos interpersonales (ias) <\/li>\n<li><strong>Autor:<\/strong>\u00a0 Elena Felipe Casta\u00f1o <\/li>\n<li><strong>Universidad:<\/strong>\u00a0 Salamanca<\/li>\n<li><strong>Fecha de lectura de la tesis:<\/strong>\u00a0 12\/05\/2000<\/li>\n<\/ul>\n<p>&nbsp;<\/p>\n<h3>Direcci\u00f3n y tribunal<\/h3>\n<ul>\n<li><strong>Director de la tesis<\/strong>\n<ul>\n<li>Alejandro Avila Espada<\/li>\n<\/ul>\n<\/li>\n<li><strong>Tribunal<\/strong>\n<ul>\n<li>Presidente del tribunal: eugenio Garrido mart\u00edn <\/li>\n<li>Antonio  m Aguado  diaz (vocal)<\/li>\n<li>Carlos Rodriguez sutil (vocal)<\/li>\n<li>Antonio Garcia  de la hoz (vocal)<\/li>\n<\/ul>\n<\/li>\n<\/ul>\n<p>&nbsp;<\/p>\n","protected":false},"excerpt":{"rendered":"<p>Tesis doctoral de Elena Felipe Casta\u00f1o Las escalas de adjetivos interpersonales (ias, wiggins, 1979; wiggins, trapnell y phillips, 1988. Adaptaci\u00f3n [&hellip;]<\/p>\n","protected":false},"author":1,"featured_media":0,"comment_status":"open","ping_status":"open","sticky":false,"template":"","format":"standard","meta":{"site-sidebar-layout":"default","site-content-layout":"","ast-site-content-layout":"","site-content-style":"default","site-sidebar-style":"default","ast-global-header-display":"","ast-banner-title-visibility":"","ast-main-header-display":"","ast-hfb-above-header-display":"","ast-hfb-below-header-display":"","ast-hfb-mobile-header-display":"","site-post-title":"","ast-breadcrumbs-content":"","ast-featured-img":"","footer-sml-layout":"","theme-transparent-header-meta":"","adv-header-id-meta":"","stick-header-meta":"","header-above-stick-meta":"","header-main-stick-meta":"","header-below-stick-meta":"","astra-migrate-meta-layouts":"default","ast-page-background-enabled":"default","ast-page-background-meta":{"desktop":{"background-color":"var(--ast-global-color-4)","background-image":"","background-repeat":"repeat","background-position":"center center","background-size":"auto","background-attachment":"scroll","background-type":"","background-media":"","overlay-type":"","overlay-color":"","overlay-gradient":""},"tablet":{"background-color":"","background-image":"","background-repeat":"repeat","background-position":"center center","background-size":"auto","background-attachment":"scroll","background-type":"","background-media":"","overlay-type":"","overlay-color":"","overlay-gradient":""},"mobile":{"background-color":"","background-image":"","background-repeat":"repeat","background-position":"center center","background-size":"auto","background-attachment":"scroll","background-type":"","background-media":"","overlay-type":"","overlay-color":"","overlay-gradient":""}},"ast-content-background-meta":{"desktop":{"background-color":"var(--ast-global-color-5)","background-image":"","background-repeat":"repeat","background-position":"center center","background-size":"auto","background-attachment":"scroll","background-type":"","background-media":"","overlay-type":"","overlay-color":"","overlay-gradient":""},"tablet":{"background-color":"var(--ast-global-color-5)","background-image":"","background-repeat":"repeat","background-position":"center center","background-size":"auto","background-attachment":"scroll","background-type":"","background-media":"","overlay-type":"","overlay-color":"","overlay-gradient":""},"mobile":{"background-color":"var(--ast-global-color-5)","background-image":"","background-repeat":"repeat","background-position":"center center","background-size":"auto","background-attachment":"scroll","background-type":"","background-media":"","overlay-type":"","overlay-color":"","overlay-gradient":""}},"footnotes":""},"categories":[155,9,324,9386,4128],"tags":[7073,79651,178463,178464,56646,8181],"class_list":["post-84491","post","type-post","status-publish","format-standard","hentry","category-ciencias-clinicas","category-ciencias-medicas","category-psicologia","category-salamanca","category-validacion-del-test","tag-alejandro-avila-espada","tag-antonio-garcia-de-la-hoz","tag-antonio-m-aguado-diaz","tag-carlos-rodriguez-sutil","tag-elena-felipe-castano","tag-eugenio-garrido-martin"],"_links":{"self":[{"href":"https:\/\/www.deberes.net\/tesis\/wp-json\/wp\/v2\/posts\/84491","targetHints":{"allow":["GET"]}}],"collection":[{"href":"https:\/\/www.deberes.net\/tesis\/wp-json\/wp\/v2\/posts"}],"about":[{"href":"https:\/\/www.deberes.net\/tesis\/wp-json\/wp\/v2\/types\/post"}],"author":[{"embeddable":true,"href":"https:\/\/www.deberes.net\/tesis\/wp-json\/wp\/v2\/users\/1"}],"replies":[{"embeddable":true,"href":"https:\/\/www.deberes.net\/tesis\/wp-json\/wp\/v2\/comments?post=84491"}],"version-history":[{"count":0,"href":"https:\/\/www.deberes.net\/tesis\/wp-json\/wp\/v2\/posts\/84491\/revisions"}],"wp:attachment":[{"href":"https:\/\/www.deberes.net\/tesis\/wp-json\/wp\/v2\/media?parent=84491"}],"wp:term":[{"taxonomy":"category","embeddable":true,"href":"https:\/\/www.deberes.net\/tesis\/wp-json\/wp\/v2\/categories?post=84491"},{"taxonomy":"post_tag","embeddable":true,"href":"https:\/\/www.deberes.net\/tesis\/wp-json\/wp\/v2\/tags?post=84491"}],"curies":[{"name":"wp","href":"https:\/\/api.w.org\/{rel}","templated":true}]}}