{"id":84509,"date":"2000-12-05T00:00:00","date_gmt":"2000-12-05T00:00:00","guid":{"rendered":"https:\/\/www.deberes.net\/tesis\/sin-categoria\/la-practica-de-la-ensenanza-superior-en-la-universidad-federal-del-para-brasil-analisis-y-propuesta-de-mejora\/"},"modified":"2000-12-05T00:00:00","modified_gmt":"2000-12-05T00:00:00","slug":"la-practica-de-la-ensenanza-superior-en-la-universidad-federal-del-para-brasil-analisis-y-propuesta-de-mejora","status":"publish","type":"post","link":"https:\/\/www.deberes.net\/tesis\/pedagogia\/la-practica-de-la-ensenanza-superior-en-la-universidad-federal-del-para-brasil-analisis-y-propuesta-de-mejora\/","title":{"rendered":"La practica de la ense\u00f1anza superior en la universidad federal del para\/brasil: an\u00e1lisis y propuesta de mejora"},"content":{"rendered":"<h2>Tesis doctoral de <strong> Ilda Estela Amaral De Oliveira <\/strong><\/h2>\n<p>Esta tesis habla sobre la ense\u00f1anza superior y su pr\u00e1ctica en la facultad de educaci\u00f3n de la universidad federal del para brasil representa la oportunidad de avanzar en el conocimiento sobre la docencia superior y buscar nuevos caminos que puedan responder a los desafios. Tratase de una investigaci\u00f3n de tipo etnogr\u00e1fico haciendo un estudio de caso en una perspectiva de acci\u00f3n coparticipativa fueron abiertos caminos para expresiones multiples; profesores, alumnos, rector y la investigadora.  como estudio etnogr\u00e1fico fueron adoptados los principios del pluralismo metodol\u00f3gico, haciendose un puente entre el paradigma interpretativo y el cr\u00edtico.  las conclusiones nos remiten a algunas inferencias entre las cuales destacamos la necesidad de la universidad como instituci\u00f3n para investigar hacia donde camina la sociedad y sus demandas educativas. Tambi\u00e9n la importancia que tiene investigar de forma continuada en las estructuras b\u00e1sicas y cambiantes para mejorar la calidad docente superior.<\/p>\n<p>&nbsp;<\/p>\n<h3>Datos acad\u00e9micos de la tesis doctoral \u00ab<strong>La practica de la ense\u00f1anza superior en la universidad federal del para\/brasil: an\u00e1lisis y propuesta de mejora<\/strong>\u00ab<\/h3>\n<ul>\n<li><strong>T\u00edtulo de la tesis:<\/strong>\u00a0 La practica de la ense\u00f1anza superior en la universidad federal del para\/brasil: an\u00e1lisis y propuesta de mejora <\/li>\n<li><strong>Autor:<\/strong>\u00a0 Ilda Estela Amaral De Oliveira <\/li>\n<li><strong>Universidad:<\/strong>\u00a0 Nacional de educaci\u00f3n a distancia<\/li>\n<li><strong>Fecha de lectura de la tesis:<\/strong>\u00a0 12\/05\/2000<\/li>\n<\/ul>\n<p>&nbsp;<\/p>\n<h3>Direcci\u00f3n y tribunal<\/h3>\n<ul>\n<li><strong>Director de la tesis<\/strong>\n<ul>\n<li>Mar\u00eda Luisa Sevillano Garc\u00eda<\/li>\n<\/ul>\n<\/li>\n<li><strong>Tribunal<\/strong>\n<ul>\n<li>Presidente del tribunal: Antonio Medina rivilla <\/li>\n<li>gloria Perez serrano (vocal)<\/li>\n<li> De vicente rodr\u00edguez pedro (vocal)<\/li>\n<li>henri Bouche peris (vocal)<\/li>\n<\/ul>\n<\/li>\n<\/ul>\n<p>&nbsp;<\/p>\n","protected":false},"excerpt":{"rendered":"<p>Tesis doctoral de Ilda Estela Amaral De Oliveira Esta tesis habla sobre la ense\u00f1anza superior y su pr\u00e1ctica en la [&hellip;]<\/p>\n","protected":false},"author":1,"featured_media":0,"comment_status":"open","ping_status":"open","sticky":false,"template":"","format":"standard","meta":{"site-sidebar-layout":"default","site-content-layout":"","ast-site-content-layout":"","site-content-style":"default","site-sidebar-style":"default","ast-global-header-display":"","ast-banner-title-visibility":"","ast-main-header-display":"","ast-hfb-above-header-display":"","ast-hfb-below-header-display":"","ast-hfb-mobile-header-display":"","site-post-title":"","ast-breadcrumbs-content":"","ast-featured-img":"","footer-sml-layout":"","theme-transparent-header-meta":"","adv-header-id-meta":"","stick-header-meta":"","header-above-stick-meta":"","header-main-stick-meta":"","header-below-stick-meta":"","astra-migrate-meta-layouts":"default","ast-page-background-enabled":"default","ast-page-background-meta":{"desktop":{"background-color":"var(--ast-global-color-4)","background-image":"","background-repeat":"repeat","background-position":"center center","background-size":"auto","background-attachment":"scroll","background-type":"","background-media":"","overlay-type":"","overlay-color":"","overlay-gradient":""},"tablet":{"background-color":"","background-image":"","background-repeat":"repeat","background-position":"center center","background-size":"auto","background-attachment":"scroll","background-type":"","background-media":"","overlay-type":"","overlay-color":"","overlay-gradient":""},"mobile":{"background-color":"","background-image":"","background-repeat":"repeat","background-position":"center center","background-size":"auto","background-attachment":"scroll","background-type":"","background-media":"","overlay-type":"","overlay-color":"","overlay-gradient":""}},"ast-content-background-meta":{"desktop":{"background-color":"var(--ast-global-color-5)","background-image":"","background-repeat":"repeat","background-position":"center center","background-size":"auto","background-attachment":"scroll","background-type":"","background-media":"","overlay-type":"","overlay-color":"","overlay-gradient":""},"tablet":{"background-color":"var(--ast-global-color-5)","background-image":"","background-repeat":"repeat","background-position":"center center","background-size":"auto","background-attachment":"scroll","background-type":"","background-media":"","overlay-type":"","overlay-color":"","overlay-gradient":""},"mobile":{"background-color":"var(--ast-global-color-5)","background-image":"","background-repeat":"repeat","background-position":"center center","background-size":"auto","background-attachment":"scroll","background-type":"","background-media":"","overlay-type":"","overlay-color":"","overlay-gradient":""}},"footnotes":""},"categories":[4394,17070,7611,1184,1141],"tags":[6213,26638,2628,43257,178489,6263],"class_list":["post-84509","post","type-post","status-publish","format-standard","hentry","category-educacion-superior","category-nacional-de-educacion-a-distancia","category-organizacion-y-direccion-de-las-instituciones-educativas","category-organizacion-y-planificacion-de-la-educacion","category-pedagogia","tag-antonio-medina-rivilla","tag-de-vicente-rodriguez-pedro","tag-gloria-perez-serrano","tag-henri-bouche-peris","tag-ilda-estela-amaral-de-oliveira","tag-maria-luisa-sevillano-garcia"],"_links":{"self":[{"href":"https:\/\/www.deberes.net\/tesis\/wp-json\/wp\/v2\/posts\/84509","targetHints":{"allow":["GET"]}}],"collection":[{"href":"https:\/\/www.deberes.net\/tesis\/wp-json\/wp\/v2\/posts"}],"about":[{"href":"https:\/\/www.deberes.net\/tesis\/wp-json\/wp\/v2\/types\/post"}],"author":[{"embeddable":true,"href":"https:\/\/www.deberes.net\/tesis\/wp-json\/wp\/v2\/users\/1"}],"replies":[{"embeddable":true,"href":"https:\/\/www.deberes.net\/tesis\/wp-json\/wp\/v2\/comments?post=84509"}],"version-history":[{"count":0,"href":"https:\/\/www.deberes.net\/tesis\/wp-json\/wp\/v2\/posts\/84509\/revisions"}],"wp:attachment":[{"href":"https:\/\/www.deberes.net\/tesis\/wp-json\/wp\/v2\/media?parent=84509"}],"wp:term":[{"taxonomy":"category","embeddable":true,"href":"https:\/\/www.deberes.net\/tesis\/wp-json\/wp\/v2\/categories?post=84509"},{"taxonomy":"post_tag","embeddable":true,"href":"https:\/\/www.deberes.net\/tesis\/wp-json\/wp\/v2\/tags?post=84509"}],"curies":[{"name":"wp","href":"https:\/\/api.w.org\/{rel}","templated":true}]}}