{"id":84516,"date":"2018-03-10T00:08:51","date_gmt":"2018-03-10T00:08:51","guid":{"rendered":"https:\/\/www.deberes.net\/tesis\/sin-categoria\/significado-y-alcance-de-las-comisiones-parlamentarias-con-potestad-legislativa-plena\/"},"modified":"2018-03-10T00:08:51","modified_gmt":"2018-03-10T00:08:51","slug":"significado-y-alcance-de-las-comisiones-parlamentarias-con-potestad-legislativa-plena","status":"publish","type":"post","link":"https:\/\/www.deberes.net\/tesis\/ciencias-juridicas-y-derecho\/significado-y-alcance-de-las-comisiones-parlamentarias-con-potestad-legislativa-plena\/","title":{"rendered":"\u00absignificado y alcance de las comisiones parlamentarias con potestad legislativa plena\u00bb"},"content":{"rendered":"<h2>Tesis doctoral de <strong> Ricardo Zuluaga Gil <\/strong><\/h2>\n<p>El objetivo central de estudio de la tesis ha consistido en discernir cual es el alcance que pueden tener las comisiones parlamentarias con competencia legislativa plena de que habla el art\u00edculo 75 ce en lo que tiene que ver con los instrumentos que se est\u00e1n articulando para salvaguardar la potestad legislativa del parlamento.  la tesis se ha desarrollado en cuatro cap\u00edtulos, el primero de los cuales, que tienen car\u00e1cter introductorio, es un acercamiento a la noci\u00f3n de crisis del parlamento. El segundo es un breve decurso por la figura objeto de estudio en el marco de derecho comparado. En el tercero se analiza el alcance de esta instituci\u00f3n en el seno de las cortes generales. Y por \u00faltimo,hay un cap\u00edtulo dedicado a las asambleas legislativas auton\u00f3micas, en el cual el \u00e9nfasis se hace sobre la pertinencia o no de acoger en ellas esta vertiente procedimental.<\/p>\n<p>&nbsp;<\/p>\n<h3>Datos acad\u00e9micos de la tesis doctoral \u00ab<strong>\u00absignificado y alcance de las comisiones parlamentarias con potestad legislativa plena\u00bb<\/strong>\u00ab<\/h3>\n<ul>\n<li><strong>T\u00edtulo de la tesis:<\/strong>\u00a0 \u00absignificado y alcance de las comisiones parlamentarias con potestad legislativa plena\u00bb <\/li>\n<li><strong>Autor:<\/strong>\u00a0 Ricardo Zuluaga Gil <\/li>\n<li><strong>Universidad:<\/strong>\u00a0 Salamanca<\/li>\n<li><strong>Fecha de lectura de la tesis:<\/strong>\u00a0 13\/05\/2000<\/li>\n<\/ul>\n<p>&nbsp;<\/p>\n<h3>Direcci\u00f3n y tribunal<\/h3>\n<ul>\n<li><strong>Director de la tesis<\/strong>\n<ul>\n<li>Jos\u00e9 Luis Cascajo Castro<\/li>\n<\/ul>\n<\/li>\n<li><strong>Tribunal<\/strong>\n<ul>\n<li>Presidente del tribunal: Luis Aguiar de luque <\/li>\n<li>Jos\u00e9 alejandro Saiz arnaiz (vocal)<\/li>\n<li>pablo lucas Murillo de la cueva (vocal)<\/li>\n<li>angela Figueruelo burrieza (vocal)<\/li>\n<\/ul>\n<\/li>\n<\/ul>\n<p>&nbsp;<\/p>\n","protected":false},"excerpt":{"rendered":"<p>Tesis doctoral de Ricardo Zuluaga Gil El objetivo central de estudio de la tesis ha consistido en discernir cual es [&hellip;]<\/p>\n","protected":false},"author":1,"featured_media":0,"comment_status":"open","ping_status":"open","sticky":false,"template":"","format":"standard","meta":{"site-sidebar-layout":"default","site-content-layout":"","ast-site-content-layout":"","site-content-style":"default","site-sidebar-style":"default","ast-global-header-display":"","ast-banner-title-visibility":"","ast-main-header-display":"","ast-hfb-above-header-display":"","ast-hfb-below-header-display":"","ast-hfb-mobile-header-display":"","site-post-title":"","ast-breadcrumbs-content":"","ast-featured-img":"","footer-sml-layout":"","theme-transparent-header-meta":"","adv-header-id-meta":"","stick-header-meta":"","header-above-stick-meta":"","header-main-stick-meta":"","header-below-stick-meta":"","astra-migrate-meta-layouts":"default","ast-page-background-enabled":"default","ast-page-background-meta":{"desktop":{"background-color":"var(--ast-global-color-4)","background-image":"","background-repeat":"repeat","background-position":"center center","background-size":"auto","background-attachment":"scroll","background-type":"","background-media":"","overlay-type":"","overlay-color":"","overlay-gradient":""},"tablet":{"background-color":"","background-image":"","background-repeat":"repeat","background-position":"center center","background-size":"auto","background-attachment":"scroll","background-type":"","background-media":"","overlay-type":"","overlay-color":"","overlay-gradient":""},"mobile":{"background-color":"","background-image":"","background-repeat":"repeat","background-position":"center center","background-size":"auto","background-attachment":"scroll","background-type":"","background-media":"","overlay-type":"","overlay-color":"","overlay-gradient":""}},"ast-content-background-meta":{"desktop":{"background-color":"var(--ast-global-color-5)","background-image":"","background-repeat":"repeat","background-position":"center center","background-size":"auto","background-attachment":"scroll","background-type":"","background-media":"","overlay-type":"","overlay-color":"","overlay-gradient":""},"tablet":{"background-color":"var(--ast-global-color-5)","background-image":"","background-repeat":"repeat","background-position":"center center","background-size":"auto","background-attachment":"scroll","background-type":"","background-media":"","overlay-type":"","overlay-color":"","overlay-gradient":""},"mobile":{"background-color":"var(--ast-global-color-5)","background-image":"","background-repeat":"repeat","background-position":"center center","background-size":"auto","background-attachment":"scroll","background-type":"","background-media":"","overlay-type":"","overlay-color":"","overlay-gradient":""}},"footnotes":""},"categories":[838,612,1450,979,11803,31086,9386],"tags":[38156,40415,9448,1454,23422,178500],"class_list":["post-84516","post","type-post","status-publish","format-standard","hentry","category-ciencia-politica","category-ciencias-juridicas-y-derecho","category-derecho-constitucional","category-derecho-y-legislacion-nacionales","category-instituciones-politicas","category-poder-legislativo","category-salamanca","tag-angela-figueruelo-burrieza","tag-jose-alejandro-saiz-arnaiz","tag-jose-luis-cascajo-castro","tag-luis-aguiar-de-luque","tag-pablo-lucas-murillo-de-la-cueva","tag-ricardo-zuluaga-gil"],"_links":{"self":[{"href":"https:\/\/www.deberes.net\/tesis\/wp-json\/wp\/v2\/posts\/84516","targetHints":{"allow":["GET"]}}],"collection":[{"href":"https:\/\/www.deberes.net\/tesis\/wp-json\/wp\/v2\/posts"}],"about":[{"href":"https:\/\/www.deberes.net\/tesis\/wp-json\/wp\/v2\/types\/post"}],"author":[{"embeddable":true,"href":"https:\/\/www.deberes.net\/tesis\/wp-json\/wp\/v2\/users\/1"}],"replies":[{"embeddable":true,"href":"https:\/\/www.deberes.net\/tesis\/wp-json\/wp\/v2\/comments?post=84516"}],"version-history":[{"count":0,"href":"https:\/\/www.deberes.net\/tesis\/wp-json\/wp\/v2\/posts\/84516\/revisions"}],"wp:attachment":[{"href":"https:\/\/www.deberes.net\/tesis\/wp-json\/wp\/v2\/media?parent=84516"}],"wp:term":[{"taxonomy":"category","embeddable":true,"href":"https:\/\/www.deberes.net\/tesis\/wp-json\/wp\/v2\/categories?post=84516"},{"taxonomy":"post_tag","embeddable":true,"href":"https:\/\/www.deberes.net\/tesis\/wp-json\/wp\/v2\/tags?post=84516"}],"curies":[{"name":"wp","href":"https:\/\/api.w.org\/{rel}","templated":true}]}}