{"id":84583,"date":"2018-03-10T00:08:55","date_gmt":"2018-03-10T00:08:55","guid":{"rendered":"https:\/\/www.deberes.net\/tesis\/sin-categoria\/pensamiento-educativo-y-educacion-linga%c2%bca%c2%adstica-y-literaria-en-a-manjon\/"},"modified":"2018-03-10T00:08:55","modified_gmt":"2018-03-10T00:08:55","slug":"pensamiento-educativo-y-educacion-linga%c2%bca%c2%adstica-y-literaria-en-a-manjon","status":"publish","type":"post","link":"https:\/\/www.deberes.net\/tesis\/linguistica\/pensamiento-educativo-y-educacion-linga%c2%bca%c2%adstica-y-literaria-en-a-manjon\/","title":{"rendered":"Pensamiento educativo y educacion lingu\u00edstica y literaria en a. manjon."},"content":{"rendered":"<h2>Tesis doctoral de <strong> Antonio Romero Lopez <\/strong><\/h2>\n<p>Se estudian las ra\u00edces hist\u00f3ricas del pensamiento educativo de a. Manj\u00f3n y la orientaci\u00f3n pr\u00e1ctica de este pensamiento educativo, enmarcando el pedagogo granadino en las nuevas corrientes pedag\u00f3gicas de fin del siglo xix y principios del siglo xx.  estudiada la teor\u00eda pedag\u00f3gica de a. Manj\u00f3n y su fundamentaci\u00f3n did\u00e1ctica, el trabajo se oreinta hacia las aportaciones te\u00f3rico-pr\u00e1cticas de este autor en el \u00e1mbito de la ense\u00f1anza de la lengua y la litereratura y de la educi\u00f3n ling\u00ed\u00bc\u00edstica y literaria.  tomando como fuentes primarias los escritos pedag\u00f3gicos y did\u00e1cticos de a. Manj\u00f3n y los documentos existentes en el archivo general del ave-mar\u00eda, y mediante la utilizaci\u00f3n de la metodolog\u00eda adecuada, se concluye con el esclarecimiento de las bases cient\u00edficas y las fuentes de inspiraci\u00f3n del autor, tanto en sus aspectos te\u00f3ricos como pr\u00e1cticos, y referidos tanto a su pensamiento pedag\u00f3gico como al de la ense\u00f1anza de la lengua y la literatura y de la educaci\u00f3n ling\u00ed\u00bc\u00edstica y literaria.<\/p>\n<p>&nbsp;<\/p>\n<h3>Datos acad\u00e9micos de la tesis doctoral \u00ab<strong>Pensamiento educativo y educacion lingu\u00edstica y literaria en a. manjon.<\/strong>\u00ab<\/h3>\n<ul>\n<li><strong>T\u00edtulo de la tesis:<\/strong>\u00a0 Pensamiento educativo y educacion lingu\u00edstica y literaria en a. manjon. <\/li>\n<li><strong>Autor:<\/strong>\u00a0 Antonio Romero Lopez <\/li>\n<li><strong>Universidad:<\/strong>\u00a0 Granada<\/li>\n<li><strong>Fecha de lectura de la tesis:<\/strong>\u00a0 19\/05\/2000<\/li>\n<\/ul>\n<p>&nbsp;<\/p>\n<h3>Direcci\u00f3n y tribunal<\/h3>\n<ul>\n<li><strong>Director de la tesis<\/strong>\n<ul>\n<li>Antonio S\u00e1nchez Trigueros<\/li>\n<\/ul>\n<\/li>\n<li><strong>Tribunal<\/strong>\n<ul>\n<li>Presidente del tribunal: manuel Ruiz lagos <\/li>\n<li>Juan Luengo garcia (vocal)<\/li>\n<li>Jos\u00e9 Luis Santos diez (vocal)<\/li>\n<li>catalina Gonzalez las (vocal)<\/li>\n<\/ul>\n<\/li>\n<\/ul>\n<p>&nbsp;<\/p>\n","protected":false},"excerpt":{"rendered":"<p>Tesis doctoral de Antonio Romero Lopez Se estudian las ra\u00edces hist\u00f3ricas del pensamiento educativo de a. Manj\u00f3n y la orientaci\u00f3n [&hellip;]<\/p>\n","protected":false},"author":1,"featured_media":0,"comment_status":"open","ping_status":"open","sticky":false,"template":"","format":"standard","meta":{"site-sidebar-layout":"default","site-content-layout":"","ast-site-content-layout":"","site-content-style":"default","site-sidebar-style":"default","ast-global-header-display":"","ast-banner-title-visibility":"","ast-main-header-display":"","ast-hfb-above-header-display":"","ast-hfb-below-header-display":"","ast-hfb-mobile-header-display":"","site-post-title":"","ast-breadcrumbs-content":"","ast-featured-img":"","footer-sml-layout":"","theme-transparent-header-meta":"","adv-header-id-meta":"","stick-header-meta":"","header-above-stick-meta":"","header-main-stick-meta":"","header-below-stick-meta":"","astra-migrate-meta-layouts":"default","ast-page-background-enabled":"default","ast-page-background-meta":{"desktop":{"background-color":"var(--ast-global-color-4)","background-image":"","background-repeat":"repeat","background-position":"center center","background-size":"auto","background-attachment":"scroll","background-type":"","background-media":"","overlay-type":"","overlay-color":"","overlay-gradient":""},"tablet":{"background-color":"","background-image":"","background-repeat":"repeat","background-position":"center center","background-size":"auto","background-attachment":"scroll","background-type":"","background-media":"","overlay-type":"","overlay-color":"","overlay-gradient":""},"mobile":{"background-color":"","background-image":"","background-repeat":"repeat","background-position":"center center","background-size":"auto","background-attachment":"scroll","background-type":"","background-media":"","overlay-type":"","overlay-color":"","overlay-gradient":""}},"ast-content-background-meta":{"desktop":{"background-color":"var(--ast-global-color-5)","background-image":"","background-repeat":"repeat","background-position":"center center","background-size":"auto","background-attachment":"scroll","background-type":"","background-media":"","overlay-type":"","overlay-color":"","overlay-gradient":""},"tablet":{"background-color":"var(--ast-global-color-5)","background-image":"","background-repeat":"repeat","background-position":"center center","background-size":"auto","background-attachment":"scroll","background-type":"","background-media":"","overlay-type":"","overlay-color":"","overlay-gradient":""},"mobile":{"background-color":"var(--ast-global-color-5)","background-image":"","background-repeat":"repeat","background-position":"center center","background-size":"auto","background-attachment":"scroll","background-type":"","background-media":"","overlay-type":"","overlay-color":"","overlay-gradient":""}},"footnotes":""},"categories":[1891,104,311,222,636,59,60],"tags":[22128,3573,43767,27965,2234,10734],"class_list":["post-84583","post","type-post","status-publish","format-standard","hentry","category-ensenanza-de-lenguas","category-historia","category-historia-de-la-educacion","category-historias-especializadas","category-lengua-y-literatura","category-linguistica","category-linguistica-aplicada","tag-antonio-romero-lopez","tag-antonio-sanchez-trigueros","tag-catalina-gonzalez-las","tag-jose-luis-santos-diez","tag-juan-luengo-garcia","tag-manuel-ruiz-lagos"],"_links":{"self":[{"href":"https:\/\/www.deberes.net\/tesis\/wp-json\/wp\/v2\/posts\/84583","targetHints":{"allow":["GET"]}}],"collection":[{"href":"https:\/\/www.deberes.net\/tesis\/wp-json\/wp\/v2\/posts"}],"about":[{"href":"https:\/\/www.deberes.net\/tesis\/wp-json\/wp\/v2\/types\/post"}],"author":[{"embeddable":true,"href":"https:\/\/www.deberes.net\/tesis\/wp-json\/wp\/v2\/users\/1"}],"replies":[{"embeddable":true,"href":"https:\/\/www.deberes.net\/tesis\/wp-json\/wp\/v2\/comments?post=84583"}],"version-history":[{"count":0,"href":"https:\/\/www.deberes.net\/tesis\/wp-json\/wp\/v2\/posts\/84583\/revisions"}],"wp:attachment":[{"href":"https:\/\/www.deberes.net\/tesis\/wp-json\/wp\/v2\/media?parent=84583"}],"wp:term":[{"taxonomy":"category","embeddable":true,"href":"https:\/\/www.deberes.net\/tesis\/wp-json\/wp\/v2\/categories?post=84583"},{"taxonomy":"post_tag","embeddable":true,"href":"https:\/\/www.deberes.net\/tesis\/wp-json\/wp\/v2\/tags?post=84583"}],"curies":[{"name":"wp","href":"https:\/\/api.w.org\/{rel}","templated":true}]}}