{"id":84625,"date":"2018-03-10T00:08:55","date_gmt":"2018-03-10T00:08:55","guid":{"rendered":"https:\/\/www.deberes.net\/tesis\/sin-categoria\/la-emigracion-gallega-al-rio-de-la-plata\/"},"modified":"2018-03-10T00:08:55","modified_gmt":"2018-03-10T00:08:55","slug":"la-emigracion-gallega-al-rio-de-la-plata","status":"publish","type":"post","link":"https:\/\/www.deberes.net\/tesis\/demografia\/la-emigracion-gallega-al-rio-de-la-plata\/","title":{"rendered":"La emigracion gallega al rio de la plata"},"content":{"rendered":"<h2>Tesis doctoral de <strong> Cristina Samuelle Lamela <\/strong><\/h2>\n<p>Si nos remontamos a la hitoria tanto de argentina como del urugay, constatamos que los espa\u00f1oles han estado presentes desde los or\u00edguenes mismos de los respectivos estados rioplatenses. En los primeros a\u00f1os de la colonia, la corona espa\u00f1ola promueve la llegada de hombres y mujeres para poblar esas tierras. M\u00e1s tarde, el impulso va a estar dado por los propios interesados, como consecuencia de las circunstancias socioecon\u00f3micas vividas en espa\u00f1a. desde entonces, comenz\u00f3 la emigraci\u00f3n hacia am\u00e9rica que perdur\u00f3 hasta los a\u00f1os sesenta del siglo xx.  la importancia de encarar el tema de la emigraci\u00f3n, est\u00e1 dada por las caracter\u00edsticas del r\u00edo de la plata, que es un mosaico constituido por diferentes grupos inmigratorios en su mayor\u00eda de origen europeo, donde el aporte espa\u00f1ol es fundamental y dentro de \u00e9ste el gallego, tanto cuantitativamente como cualitativamente es de suma relevancia.  en el af\u00e1n por descubrir al inmigrante gallego que vive en el r\u00edo de la plata, analizamos sus antecedentes en galicia, la llegada y el asentamiento; su permanencia y posterior integraci\u00f3n desde diferentes perspectivas: econ\u00f3mica, social, familiar, pol\u00edtica y por \u00faltimo, su situaci\u00f3n actual y perspectivas de futuro.  en este estudio tuvimos en cuenta que, desde el punto de vista de la historia personal del gallego, es m\u00e1s larga la vivienda en e rio de la plata que en galicia, hecho que pudo haber influido de tal forma, para que el medio lo haya absorbido. Sin embargo, desde nuestro enfoque, esto no es as\u00ed, porque nosotros partimos de la hip\u00f3tesis que plantea que: el gallego en el rio de la plata se integra en su sociedad, pero mantiene ciertos rasgos y costumbres caracter\u00edsticos que le identifican con su origen. para despejar esta inc\u00f3gnita efectuamos nuestra investigaci\u00f3n a trav\u00e9s de una metodolog\u00eda inherente a las ciencias antropol\u00f3gicas para descubrir aquellos rasgos culturales que les sirven de elemento identificador con<\/p>\n<p>&nbsp;<\/p>\n<h3>Datos acad\u00e9micos de la tesis doctoral \u00ab<strong>La emigracion gallega al rio de la plata<\/strong>\u00ab<\/h3>\n<ul>\n<li><strong>T\u00edtulo de la tesis:<\/strong>\u00a0 La emigracion gallega al rio de la plata <\/li>\n<li><strong>Autor:<\/strong>\u00a0 Cristina Samuelle Lamela <\/li>\n<li><strong>Universidad:<\/strong>\u00a0 Complutense de Madrid<\/li>\n<li><strong>Fecha de lectura de la tesis:<\/strong>\u00a0 22\/05\/2000<\/li>\n<\/ul>\n<p>&nbsp;<\/p>\n<h3>Direcci\u00f3n y tribunal<\/h3>\n<ul>\n<li><strong>Director de la tesis<\/strong>\n<ul>\n<li>Tomas Calvo Buezas<\/li>\n<\/ul>\n<\/li>\n<li><strong>Tribunal<\/strong>\n<ul>\n<li>Presidente del tribunal: secundino Valladares fern\u00e1ndez <\/li>\n<li>Miguel Panadero moya (vocal)<\/li>\n<li>Rafael Diaz maderuelo (vocal)<\/li>\n<li>pilar Cagiao vila (vocal)<\/li>\n<\/ul>\n<\/li>\n<\/ul>\n<p>&nbsp;<\/p>\n","protected":false},"excerpt":{"rendered":"<p>Tesis doctoral de Cristina Samuelle Lamela Si nos remontamos a la hitoria tanto de argentina como del urugay, constatamos que [&hellip;]<\/p>\n","protected":false},"author":1,"featured_media":0,"comment_status":"open","ping_status":"open","sticky":false,"template":"","format":"standard","meta":{"site-sidebar-layout":"default","site-content-layout":"","ast-site-content-layout":"","site-content-style":"default","site-sidebar-style":"default","ast-global-header-display":"","ast-banner-title-visibility":"","ast-main-header-display":"","ast-hfb-above-header-display":"","ast-hfb-below-header-display":"","ast-hfb-mobile-header-display":"","site-post-title":"","ast-breadcrumbs-content":"","ast-featured-img":"","footer-sml-layout":"","theme-transparent-header-meta":"","adv-header-id-meta":"","stick-header-meta":"","header-above-stick-meta":"","header-main-stick-meta":"","header-below-stick-meta":"","astra-migrate-meta-layouts":"default","ast-page-background-enabled":"default","ast-page-background-meta":{"desktop":{"background-color":"var(--ast-global-color-4)","background-image":"","background-repeat":"repeat","background-position":"center center","background-size":"auto","background-attachment":"scroll","background-type":"","background-media":"","overlay-type":"","overlay-color":"","overlay-gradient":""},"tablet":{"background-color":"","background-image":"","background-repeat":"repeat","background-position":"center center","background-size":"auto","background-attachment":"scroll","background-type":"","background-media":"","overlay-type":"","overlay-color":"","overlay-gradient":""},"mobile":{"background-color":"","background-image":"","background-repeat":"repeat","background-position":"center center","background-size":"auto","background-attachment":"scroll","background-type":"","background-media":"","overlay-type":"","overlay-color":"","overlay-gradient":""}},"ast-content-background-meta":{"desktop":{"background-color":"var(--ast-global-color-5)","background-image":"","background-repeat":"repeat","background-position":"center center","background-size":"auto","background-attachment":"scroll","background-type":"","background-media":"","overlay-type":"","overlay-color":"","overlay-gradient":""},"tablet":{"background-color":"var(--ast-global-color-5)","background-image":"","background-repeat":"repeat","background-position":"center center","background-size":"auto","background-attachment":"scroll","background-type":"","background-media":"","overlay-type":"","overlay-color":"","overlay-gradient":""},"mobile":{"background-color":"var(--ast-global-color-5)","background-image":"","background-repeat":"repeat","background-position":"center center","background-size":"auto","background-attachment":"scroll","background-type":"","background-media":"","overlay-type":"","overlay-color":"","overlay-gradient":""}},"footnotes":""},"categories":[1066,1353,1354],"tags":[178669,7393,37336,6484,6556,4933],"class_list":["post-84625","post","type-post","status-publish","format-standard","hentry","category-demografia","category-demografia-geografica","category-movilidad-y-migraciones-internacionales","tag-cristina-samuelle-lamela","tag-miguel-panadero-moya","tag-pilar-cagiao-vila","tag-rafael-diaz-maderuelo","tag-secundino-valladares-fernandez","tag-tomas-calvo-buezas"],"_links":{"self":[{"href":"https:\/\/www.deberes.net\/tesis\/wp-json\/wp\/v2\/posts\/84625","targetHints":{"allow":["GET"]}}],"collection":[{"href":"https:\/\/www.deberes.net\/tesis\/wp-json\/wp\/v2\/posts"}],"about":[{"href":"https:\/\/www.deberes.net\/tesis\/wp-json\/wp\/v2\/types\/post"}],"author":[{"embeddable":true,"href":"https:\/\/www.deberes.net\/tesis\/wp-json\/wp\/v2\/users\/1"}],"replies":[{"embeddable":true,"href":"https:\/\/www.deberes.net\/tesis\/wp-json\/wp\/v2\/comments?post=84625"}],"version-history":[{"count":0,"href":"https:\/\/www.deberes.net\/tesis\/wp-json\/wp\/v2\/posts\/84625\/revisions"}],"wp:attachment":[{"href":"https:\/\/www.deberes.net\/tesis\/wp-json\/wp\/v2\/media?parent=84625"}],"wp:term":[{"taxonomy":"category","embeddable":true,"href":"https:\/\/www.deberes.net\/tesis\/wp-json\/wp\/v2\/categories?post=84625"},{"taxonomy":"post_tag","embeddable":true,"href":"https:\/\/www.deberes.net\/tesis\/wp-json\/wp\/v2\/tags?post=84625"}],"curies":[{"name":"wp","href":"https:\/\/api.w.org\/{rel}","templated":true}]}}