{"id":84628,"date":"2018-03-10T00:08:59","date_gmt":"2018-03-10T00:08:59","guid":{"rendered":"https:\/\/www.deberes.net\/tesis\/sin-categoria\/la-cultura-organizacional-en-los-centros-escolares-participacion-innovacion-y-calidad-educativa\/"},"modified":"2018-03-10T00:08:59","modified_gmt":"2018-03-10T00:08:59","slug":"la-cultura-organizacional-en-los-centros-escolares-participacion-innovacion-y-calidad-educativa","status":"publish","type":"post","link":"https:\/\/www.deberes.net\/tesis\/pedagogia\/la-cultura-organizacional-en-los-centros-escolares-participacion-innovacion-y-calidad-educativa\/","title":{"rendered":"La cultura organizacional en los centros escolares: participacion, innovacion y calidad educativa ."},"content":{"rendered":"<h2>Tesis doctoral de <strong> Daniel Claudio Perazzo Logioia <\/strong><\/h2>\n<p>La investigaci\u00f3n ha tenido como prop\u00f3sito el desarrollo de la cultura organizacional en los centros.Para ello, he realizado un profundo an\u00e1lisis de la \u00abcultura orgnizativa\u00bb, teniendo como ejes transversales de reflexi\u00f3n, los aportes brindados por la calidad educativa, los contexots interno y externo de los centros, los valores, la participaci\u00f3n como valor esencial y la innovaci\u00f3n educativa, para contriburi a una mejora permanente de los centros educativos.  propuesta central:  &#8211; desarrollo de la cultura organizacional de centros.  &#8211; la cultura organizacional de centros, es un tema novedoso y altamente significativo, ya que en el \u00e1mbito que nos ocuapa, casi no existen investigaciones sobre le tema.  &#8211; ha sido siempre un tema desarrollo por la administraci\u00f3n de empresas.  &#8211; se realiza una propuesta de un \u00abprograma de cutlura organizacional para los centros educativos\u00bb.  importancia del trabajo: beneficiarios potenciales:  &#8211; impulsar la cultura organizacional en los centros, como v\u00eda de promoci\u00f3n de la participaci\u00f3n, innovaci\u00f3n y calidad educativa.  &#8211; promueve el desarrollo de la gesti\u00f3n y de la administraci\u00f3n educativa.  &#8211; impulsa la formaci\u00f3n en valores.<\/p>\n<p>&nbsp;<\/p>\n<h3>Datos acad\u00e9micos de la tesis doctoral \u00ab<strong>La cultura organizacional en los centros escolares: participacion, innovacion y calidad educativa .<\/strong>\u00ab<\/h3>\n<ul>\n<li><strong>T\u00edtulo de la tesis:<\/strong>\u00a0 La cultura organizacional en los centros escolares: participacion, innovacion y calidad educativa . <\/li>\n<li><strong>Autor:<\/strong>\u00a0 Daniel Claudio Perazzo Logioia <\/li>\n<li><strong>Universidad:<\/strong>\u00a0 Salamanca<\/li>\n<li><strong>Fecha de lectura de la tesis:<\/strong>\u00a0 22\/05\/2000<\/li>\n<\/ul>\n<p>&nbsp;<\/p>\n<h3>Direcci\u00f3n y tribunal<\/h3>\n<ul>\n<li><strong>Director de la tesis<\/strong>\n<ul>\n<li>Joaquin Garcia Carrasco<\/li>\n<\/ul>\n<\/li>\n<li><strong>Tribunal<\/strong>\n<ul>\n<li>Presidente del tribunal: jose Ortega esteban <\/li>\n<li>laurentino Salvador blanco (vocal)<\/li>\n<li>Mar\u00eda  esperanza Herrera garcia (vocal)<\/li>\n<li>indalecio Sobr\u00f3n salazar (vocal)<\/li>\n<\/ul>\n<\/li>\n<\/ul>\n<p>&nbsp;<\/p>\n","protected":false},"excerpt":{"rendered":"<p>Tesis doctoral de Daniel Claudio Perazzo Logioia La investigaci\u00f3n ha tenido como prop\u00f3sito el desarrollo de la cultura organizacional en [&hellip;]<\/p>\n","protected":false},"author":1,"featured_media":0,"comment_status":"open","ping_status":"open","sticky":false,"template":"","format":"standard","meta":{"site-sidebar-layout":"default","site-content-layout":"","ast-site-content-layout":"","site-content-style":"default","site-sidebar-style":"default","ast-global-header-display":"","ast-banner-title-visibility":"","ast-main-header-display":"","ast-hfb-above-header-display":"","ast-hfb-below-header-display":"","ast-hfb-mobile-header-display":"","site-post-title":"","ast-breadcrumbs-content":"","ast-featured-img":"","footer-sml-layout":"","theme-transparent-header-meta":"","adv-header-id-meta":"","stick-header-meta":"","header-above-stick-meta":"","header-main-stick-meta":"","header-below-stick-meta":"","astra-migrate-meta-layouts":"default","ast-page-background-enabled":"default","ast-page-background-meta":{"desktop":{"background-color":"var(--ast-global-color-4)","background-image":"","background-repeat":"repeat","background-position":"center center","background-size":"auto","background-attachment":"scroll","background-type":"","background-media":"","overlay-type":"","overlay-color":"","overlay-gradient":""},"tablet":{"background-color":"","background-image":"","background-repeat":"repeat","background-position":"center center","background-size":"auto","background-attachment":"scroll","background-type":"","background-media":"","overlay-type":"","overlay-color":"","overlay-gradient":""},"mobile":{"background-color":"","background-image":"","background-repeat":"repeat","background-position":"center center","background-size":"auto","background-attachment":"scroll","background-type":"","background-media":"","overlay-type":"","overlay-color":"","overlay-gradient":""}},"ast-content-background-meta":{"desktop":{"background-color":"var(--ast-global-color-5)","background-image":"","background-repeat":"repeat","background-position":"center center","background-size":"auto","background-attachment":"scroll","background-type":"","background-media":"","overlay-type":"","overlay-color":"","overlay-gradient":""},"tablet":{"background-color":"var(--ast-global-color-5)","background-image":"","background-repeat":"repeat","background-position":"center center","background-size":"auto","background-attachment":"scroll","background-type":"","background-media":"","overlay-type":"","overlay-color":"","overlay-gradient":""},"mobile":{"background-color":"var(--ast-global-color-5)","background-image":"","background-repeat":"repeat","background-position":"center center","background-size":"auto","background-attachment":"scroll","background-type":"","background-media":"","overlay-type":"","overlay-color":"","overlay-gradient":""}},"footnotes":""},"categories":[2623,7611,1184,1141,9386],"tags":[178674,125756,9442,9765,9578,54858],"class_list":["post-84628","post","type-post","status-publish","format-standard","hentry","category-educacion-basica","category-organizacion-y-direccion-de-las-instituciones-educativas","category-organizacion-y-planificacion-de-la-educacion","category-pedagogia","category-salamanca","tag-daniel-claudio-perazzo-logioia","tag-indalecio-sobron-salazar","tag-joaquin-garcia-carrasco","tag-jose-ortega-esteban","tag-laurentino-salvador-blanco","tag-maria-esperanza-herrera-garcia"],"_links":{"self":[{"href":"https:\/\/www.deberes.net\/tesis\/wp-json\/wp\/v2\/posts\/84628","targetHints":{"allow":["GET"]}}],"collection":[{"href":"https:\/\/www.deberes.net\/tesis\/wp-json\/wp\/v2\/posts"}],"about":[{"href":"https:\/\/www.deberes.net\/tesis\/wp-json\/wp\/v2\/types\/post"}],"author":[{"embeddable":true,"href":"https:\/\/www.deberes.net\/tesis\/wp-json\/wp\/v2\/users\/1"}],"replies":[{"embeddable":true,"href":"https:\/\/www.deberes.net\/tesis\/wp-json\/wp\/v2\/comments?post=84628"}],"version-history":[{"count":0,"href":"https:\/\/www.deberes.net\/tesis\/wp-json\/wp\/v2\/posts\/84628\/revisions"}],"wp:attachment":[{"href":"https:\/\/www.deberes.net\/tesis\/wp-json\/wp\/v2\/media?parent=84628"}],"wp:term":[{"taxonomy":"category","embeddable":true,"href":"https:\/\/www.deberes.net\/tesis\/wp-json\/wp\/v2\/categories?post=84628"},{"taxonomy":"post_tag","embeddable":true,"href":"https:\/\/www.deberes.net\/tesis\/wp-json\/wp\/v2\/tags?post=84628"}],"curies":[{"name":"wp","href":"https:\/\/api.w.org\/{rel}","templated":true}]}}