{"id":84665,"date":"2018-03-10T00:08:59","date_gmt":"2018-03-10T00:08:59","guid":{"rendered":"https:\/\/www.deberes.net\/tesis\/sin-categoria\/la-construccion-de-la-mirada-tres-distancias-de-la-modernidad\/"},"modified":"2018-03-10T00:08:59","modified_gmt":"2018-03-10T00:08:59","slug":"la-construccion-de-la-mirada-tres-distancias-de-la-modernidad","status":"publish","type":"post","link":"https:\/\/www.deberes.net\/tesis\/ciencias-de-las-artes-y-las-letras\/la-construccion-de-la-mirada-tres-distancias-de-la-modernidad\/","title":{"rendered":"La construcci\u00f3n de la mirada. tres distancias de la modernidad"},"content":{"rendered":"<h2>Tesis doctoral de <strong> Luz Fernandez-valderrama Aparicio <\/strong><\/h2>\n<p>La tesis se enmarca dentro de la necesidad de pensar y construir una tesis en la asignatura de proyectos arquitect\u00f3nicos. C\u00f3mo ven, o c\u00f3mo miran los arquitectos que siempre nos interesan, c\u00f3mo se construye su mirada: esta es a la \u00fanica pregunta a la que se ha querido dar forma. C\u00f3mo se puede construir nuestra mirada ser\u00e1 la pregunta instrumental que est\u00e1 detr\u00e1s de toda la tesis: explicitar las leyes de la mirada o m\u00e1s bien, dejar que ellas se designen a s\u00ed mismas. En este sentido el trabajo se divide en dos partes: la epistemolog\u00eda (donde se estudia el c\u00f3mo y el porqu\u00e9 de que la tesis se cristalice de una determinada manera, y se explora la metodolog\u00eda de este proceso de creaci\u00f3n: situarse en el l\u00edmite sujeto-tesis, autor-obra, y explicitar c\u00f3mo se ha construido este proceso) y la tesis, donde se da forma a las preguntas que nos interesan. La tesis se plantea como una estancia previa al proyecto, como un lugar donde preparar y repensar los instrumentos del proyecto desde una cierta extra\u00f1eza. A la pregunta por el espacio, el tiempo, los objetos, los sujetos, la tesis no encuentra otra manera de responder que construyendo un problema (distancia) que permanecer\u00e1 como forma positiva a lo largo del proceso. Distancia es la figura de disoluci\u00f3n de los binomios con los que se construye el proyecto (espacio-tiempo, espacio-sujeto, espacio-objeto y sujeto-objeto): es un lugar, que hay que construir, previo a estos binomios, donde se gestiona la lejan\u00eda-cercan\u00eda de los objetos, los sujetos y el espacio (todo ello se estudia en el cap\u00edtulo 1. Introducci\u00f3n). Distancia es nuestra herramienta para cortar la realidad y para acercarnos a las miradas que se construyen en la casa tugendhat de mies, en el museo kimbell de kahn y en la casa giuliani frigerio de terragni (cap\u00edtulos 3,4 y5 de la tesis). Para ello, antes, en el cap\u00edtulo \u00ab2. Distancias\u00bb se construye el instrumento con el que luego vamos a indagar en esos proyectos que nos interesan. Este cap\u00edtulo propone-o-averigua una posible \u00abm\u00e9trica de la distancia\u00bb. Con la finalidad de abrir el discurso hacia la contemporaneidad o hacia otras estrategias, aparecen los cap\u00edtulos denominados \u00abdesplazamientos\u00bb . En este mismo sentido se construyen las \u00abconclusiones\u00bb, tambi\u00e9n denominadas \u00abdesviaciones\u00bb.<\/p>\n<p>&nbsp;<\/p>\n<h3>Datos acad\u00e9micos de la tesis doctoral \u00ab<strong>La construcci\u00f3n de la mirada. tres distancias de la modernidad<\/strong>\u00ab<\/h3>\n<ul>\n<li><strong>T\u00edtulo de la tesis:<\/strong>\u00a0 La construcci\u00f3n de la mirada. tres distancias de la modernidad <\/li>\n<li><strong>Autor:<\/strong>\u00a0 Luz Fernandez-valderrama Aparicio <\/li>\n<li><strong>Universidad:<\/strong>\u00a0 Sevilla<\/li>\n<li><strong>Fecha de lectura de la tesis:<\/strong>\u00a0 25\/05\/2000<\/li>\n<\/ul>\n<p>&nbsp;<\/p>\n<h3>Direcci\u00f3n y tribunal<\/h3>\n<ul>\n<li><strong>Director de la tesis<\/strong>\n<ul>\n<li>Jos\u00e9 Morales S\u00e1nchez<\/li>\n<\/ul>\n<\/li>\n<li><strong>Tribunal<\/strong>\n<ul>\n<li>Presidente del tribunal: victor Perez escolano <\/li>\n<li>Luis Bravo ferre (vocal)<\/li>\n<li>Jos\u00e9 ramon Moreno perez (vocal)<\/li>\n<li>Jos\u00e9 m. Torres nadal (vocal)<\/li>\n<\/ul>\n<\/li>\n<\/ul>\n<p>&nbsp;<\/p>\n","protected":false},"excerpt":{"rendered":"<p>Tesis doctoral de Luz Fernandez-valderrama Aparicio La tesis se enmarca dentro de la necesidad de pensar y construir una tesis [&hellip;]<\/p>\n","protected":false},"author":1,"featured_media":0,"comment_status":"open","ping_status":"open","sticky":false,"template":"","format":"standard","meta":{"site-sidebar-layout":"default","site-content-layout":"","ast-site-content-layout":"","site-content-style":"default","site-sidebar-style":"default","ast-global-header-display":"","ast-banner-title-visibility":"","ast-main-header-display":"","ast-hfb-above-header-display":"","ast-hfb-below-header-display":"","ast-hfb-mobile-header-display":"","site-post-title":"","ast-breadcrumbs-content":"","ast-featured-img":"","footer-sml-layout":"","theme-transparent-header-meta":"","adv-header-id-meta":"","stick-header-meta":"","header-above-stick-meta":"","header-main-stick-meta":"","header-below-stick-meta":"","astra-migrate-meta-layouts":"default","ast-page-background-enabled":"default","ast-page-background-meta":{"desktop":{"background-color":"var(--ast-global-color-4)","background-image":"","background-repeat":"repeat","background-position":"center center","background-size":"auto","background-attachment":"scroll","background-type":"","background-media":"","overlay-type":"","overlay-color":"","overlay-gradient":""},"tablet":{"background-color":"","background-image":"","background-repeat":"repeat","background-position":"center center","background-size":"auto","background-attachment":"scroll","background-type":"","background-media":"","overlay-type":"","overlay-color":"","overlay-gradient":""},"mobile":{"background-color":"","background-image":"","background-repeat":"repeat","background-position":"center center","background-size":"auto","background-attachment":"scroll","background-type":"","background-media":"","overlay-type":"","overlay-color":"","overlay-gradient":""}},"ast-content-background-meta":{"desktop":{"background-color":"var(--ast-global-color-5)","background-image":"","background-repeat":"repeat","background-position":"center center","background-size":"auto","background-attachment":"scroll","background-type":"","background-media":"","overlay-type":"","overlay-color":"","overlay-gradient":""},"tablet":{"background-color":"var(--ast-global-color-5)","background-image":"","background-repeat":"repeat","background-position":"center center","background-size":"auto","background-attachment":"scroll","background-type":"","background-media":"","overlay-type":"","overlay-color":"","overlay-gradient":""},"mobile":{"background-color":"var(--ast-global-color-5)","background-image":"","background-repeat":"repeat","background-position":"center center","background-size":"auto","background-attachment":"scroll","background-type":"","background-media":"","overlay-type":"","overlay-color":"","overlay-gradient":""}},"footnotes":""},"categories":[4509,147,12564,10715],"tags":[41707,30620,37600,178732,171111,11230],"class_list":["post-84665","post","type-post","status-publish","format-standard","hentry","category-arquitectura","category-ciencias-de-las-artes-y-las-letras","category-diseno-arquitectonico","category-sevilla","tag-jose-m-torres-nadal","tag-jose-morales-sanchez","tag-jose-ramon-moreno-perez","tag-luis-bravo-ferre","tag-luz-fernandez-valderrama-aparicio","tag-victor-perez-escolano"],"_links":{"self":[{"href":"https:\/\/www.deberes.net\/tesis\/wp-json\/wp\/v2\/posts\/84665","targetHints":{"allow":["GET"]}}],"collection":[{"href":"https:\/\/www.deberes.net\/tesis\/wp-json\/wp\/v2\/posts"}],"about":[{"href":"https:\/\/www.deberes.net\/tesis\/wp-json\/wp\/v2\/types\/post"}],"author":[{"embeddable":true,"href":"https:\/\/www.deberes.net\/tesis\/wp-json\/wp\/v2\/users\/1"}],"replies":[{"embeddable":true,"href":"https:\/\/www.deberes.net\/tesis\/wp-json\/wp\/v2\/comments?post=84665"}],"version-history":[{"count":0,"href":"https:\/\/www.deberes.net\/tesis\/wp-json\/wp\/v2\/posts\/84665\/revisions"}],"wp:attachment":[{"href":"https:\/\/www.deberes.net\/tesis\/wp-json\/wp\/v2\/media?parent=84665"}],"wp:term":[{"taxonomy":"category","embeddable":true,"href":"https:\/\/www.deberes.net\/tesis\/wp-json\/wp\/v2\/categories?post=84665"},{"taxonomy":"post_tag","embeddable":true,"href":"https:\/\/www.deberes.net\/tesis\/wp-json\/wp\/v2\/tags?post=84665"}],"curies":[{"name":"wp","href":"https:\/\/api.w.org\/{rel}","templated":true}]}}