{"id":84676,"date":"2018-03-10T00:08:59","date_gmt":"2018-03-10T00:08:59","guid":{"rendered":"https:\/\/www.deberes.net\/tesis\/sin-categoria\/la-semiotica-de-la-normativa-linga%c2%bca%c2%adstica-y-del-derecho\/"},"modified":"2018-03-10T00:08:59","modified_gmt":"2018-03-10T00:08:59","slug":"la-semiotica-de-la-normativa-linga%c2%bca%c2%adstica-y-del-derecho","status":"publish","type":"post","link":"https:\/\/www.deberes.net\/tesis\/linguistica\/la-semiotica-de-la-normativa-linga%c2%bca%c2%adstica-y-del-derecho\/","title":{"rendered":"La semiotica de la normativa lingu\u00edstica y del derecho"},"content":{"rendered":"<h2>Tesis doctoral de <strong> Francesc Soler Fontrodona <\/strong><\/h2>\n<p>La tesis consta de una introducci\u00f3n y &#8211;. La primera trata de la normativa ling\u00ed\u00bc\u00edstica y la segunda del derecho y &#8212; semi\u00f3licas y literaria de la lengua de la iglesia y el derecho &#8211;.  se aplican los avances semi\u00f3ticas en las &#8212; &#8212;<\/p>\n<p>&nbsp;<\/p>\n<h3>Datos acad\u00e9micos de la tesis doctoral \u00ab<strong>La semiotica de la normativa lingu\u00edstica y del derecho<\/strong>\u00ab<\/h3>\n<ul>\n<li><strong>T\u00edtulo de la tesis:<\/strong>\u00a0 La semiotica de la normativa lingu\u00edstica y del derecho <\/li>\n<li><strong>Autor:<\/strong>\u00a0 Francesc Soler Fontrodona <\/li>\n<li><strong>Universidad:<\/strong>\u00a0 Barcelona<\/li>\n<li><strong>Fecha de lectura de la tesis:<\/strong>\u00a0 26\/05\/2000<\/li>\n<\/ul>\n<p>&nbsp;<\/p>\n<h3>Direcci\u00f3n y tribunal<\/h3>\n<ul>\n<li><strong>Director de la tesis<\/strong>\n<ul>\n<li>Sebastia Serrano Farrera<\/li>\n<\/ul>\n<\/li>\n<li><strong>Tribunal<\/strong>\n<ul>\n<li>Presidente del tribunal: Jes\u00fas javier Laborda gil <\/li>\n<li>xabier Falc\u00f3n ormaz\u00e1bal (vocal)<\/li>\n<li>josep Corbella duch (vocal)<\/li>\n<li>jaume Vernet i llobet (vocal)<\/li>\n<\/ul>\n<\/li>\n<\/ul>\n<p>&nbsp;<\/p>\n","protected":false},"excerpt":{"rendered":"<p>Tesis doctoral de Francesc Soler Fontrodona La tesis consta de una introducci\u00f3n y &#8211;. La primera trata de la normativa [&hellip;]<\/p>\n","protected":false},"author":1,"featured_media":0,"comment_status":"open","ping_status":"open","sticky":false,"template":"","format":"standard","meta":{"site-sidebar-layout":"default","site-content-layout":"","ast-site-content-layout":"","site-content-style":"default","site-sidebar-style":"default","ast-global-header-display":"","ast-banner-title-visibility":"","ast-main-header-display":"","ast-hfb-above-header-display":"","ast-hfb-below-header-display":"","ast-hfb-mobile-header-display":"","site-post-title":"","ast-breadcrumbs-content":"","ast-featured-img":"","footer-sml-layout":"","theme-transparent-header-meta":"","adv-header-id-meta":"","stick-header-meta":"","header-above-stick-meta":"","header-main-stick-meta":"","header-below-stick-meta":"","astra-migrate-meta-layouts":"default","ast-page-background-enabled":"default","ast-page-background-meta":{"desktop":{"background-color":"var(--ast-global-color-4)","background-image":"","background-repeat":"repeat","background-position":"center center","background-size":"auto","background-attachment":"scroll","background-type":"","background-media":"","overlay-type":"","overlay-color":"","overlay-gradient":""},"tablet":{"background-color":"","background-image":"","background-repeat":"repeat","background-position":"center center","background-size":"auto","background-attachment":"scroll","background-type":"","background-media":"","overlay-type":"","overlay-color":"","overlay-gradient":""},"mobile":{"background-color":"","background-image":"","background-repeat":"repeat","background-position":"center center","background-size":"auto","background-attachment":"scroll","background-type":"","background-media":"","overlay-type":"","overlay-color":"","overlay-gradient":""}},"ast-content-background-meta":{"desktop":{"background-color":"var(--ast-global-color-5)","background-image":"","background-repeat":"repeat","background-position":"center center","background-size":"auto","background-attachment":"scroll","background-type":"","background-media":"","overlay-type":"","overlay-color":"","overlay-gradient":""},"tablet":{"background-color":"var(--ast-global-color-5)","background-image":"","background-repeat":"repeat","background-position":"center center","background-size":"auto","background-attachment":"scroll","background-type":"","background-media":"","overlay-type":"","overlay-color":"","overlay-gradient":""},"mobile":{"background-color":"var(--ast-global-color-5)","background-image":"","background-repeat":"repeat","background-position":"center center","background-size":"auto","background-attachment":"scroll","background-type":"","background-media":"","overlay-type":"","overlay-color":"","overlay-gradient":""}},"footnotes":""},"categories":[951,59,62,980],"tags":[178745,27515,20228,178746,19172,46229],"class_list":["post-84676","post","type-post","status-publish","format-standard","hentry","category-barcelona","category-linguistica","category-linguistica-sincronica","category-semiologia","tag-francesc-soler-fontrodona","tag-jaume-vernet-i-llobet","tag-jesus-javier-laborda-gil","tag-josep-corbella-duch","tag-sebastia-serrano-farrera","tag-xabier-falcon-ormazabal"],"_links":{"self":[{"href":"https:\/\/www.deberes.net\/tesis\/wp-json\/wp\/v2\/posts\/84676","targetHints":{"allow":["GET"]}}],"collection":[{"href":"https:\/\/www.deberes.net\/tesis\/wp-json\/wp\/v2\/posts"}],"about":[{"href":"https:\/\/www.deberes.net\/tesis\/wp-json\/wp\/v2\/types\/post"}],"author":[{"embeddable":true,"href":"https:\/\/www.deberes.net\/tesis\/wp-json\/wp\/v2\/users\/1"}],"replies":[{"embeddable":true,"href":"https:\/\/www.deberes.net\/tesis\/wp-json\/wp\/v2\/comments?post=84676"}],"version-history":[{"count":0,"href":"https:\/\/www.deberes.net\/tesis\/wp-json\/wp\/v2\/posts\/84676\/revisions"}],"wp:attachment":[{"href":"https:\/\/www.deberes.net\/tesis\/wp-json\/wp\/v2\/media?parent=84676"}],"wp:term":[{"taxonomy":"category","embeddable":true,"href":"https:\/\/www.deberes.net\/tesis\/wp-json\/wp\/v2\/categories?post=84676"},{"taxonomy":"post_tag","embeddable":true,"href":"https:\/\/www.deberes.net\/tesis\/wp-json\/wp\/v2\/tags?post=84676"}],"curies":[{"name":"wp","href":"https:\/\/api.w.org\/{rel}","templated":true}]}}