{"id":84686,"date":"2018-03-10T00:08:59","date_gmt":"2018-03-10T00:08:59","guid":{"rendered":"https:\/\/www.deberes.net\/tesis\/sin-categoria\/evaluacion-de-la-calidad-de-vida-en-los-trabajadores-del-mar\/"},"modified":"2018-03-10T00:08:59","modified_gmt":"2018-03-10T00:08:59","slug":"evaluacion-de-la-calidad-de-vida-en-los-trabajadores-del-mar","status":"publish","type":"post","link":"https:\/\/www.deberes.net\/tesis\/ciencias-medicas\/evaluacion-de-la-calidad-de-vida-en-los-trabajadores-del-mar\/","title":{"rendered":"\u00abevaluaci\u00f3n de la calidad de vida en los trabajadores del mar\u00bb"},"content":{"rendered":"<h2>Tesis doctoral de <strong> Jorge Herrador Aguirre <\/strong><\/h2>\n<p>Estudio longitudinal de calidad de vida realizado en marinos. Selecci\u00f3n aleatoia en los centros de reconocimiento de gijon, aviles y luarca. Tama\u00f1o muestral 168 (p=q= 0,5 para ic del 95%-z=1,96-).  cuestionario pecvec(versi\u00f3n espa\u00f1ola del profil der lebensqualitat chronischkranker) mediciones en vacaciones, a las ocho semanas y a las 16 semanas de embarque.  an\u00e1lisis: procesador spss-x y programa inform\u00e1tico integral pecvec desarrollo por el area de medicina preventiva y salud p\u00fablica de la universidad de oviedo  principales resultados y conclusiones:  en todas las escalas se superan los m\u00ednimos est\u00e1ndares (0,7) del coeficiente alfa de cronbach, lo que demuestra la satisfactoria fiabilidad del test empleado.  un 42,8% de los sujetos ten\u00edan peor cvrs en la tercera medici\u00f3n respecto a la obtenida en vacaciones.  la comparaci\u00f3n de medias para mediciones repetidas revel\u00f3 diferencias significativas entre ellas, lo que significa un deterioro marcado de la calidad de vida cuando los sujetos se encuentran embarcados de forma permanente.<\/p>\n<p>&nbsp;<\/p>\n<h3>Datos acad\u00e9micos de la tesis doctoral \u00ab<strong>\u00abevaluaci\u00f3n de la calidad de vida en los trabajadores del mar\u00bb<\/strong>\u00ab<\/h3>\n<ul>\n<li><strong>T\u00edtulo de la tesis:<\/strong>\u00a0 \u00abevaluaci\u00f3n de la calidad de vida en los trabajadores del mar\u00bb <\/li>\n<li><strong>Autor:<\/strong>\u00a0 Jorge Herrador Aguirre <\/li>\n<li><strong>Universidad:<\/strong>\u00a0 Oviedo<\/li>\n<li><strong>Fecha de lectura de la tesis:<\/strong>\u00a0 26\/05\/2000<\/li>\n<\/ul>\n<p>&nbsp;<\/p>\n<h3>Direcci\u00f3n y tribunal<\/h3>\n<ul>\n<li><strong>Director de la tesis<\/strong>\n<ul>\n<li> Garcia Casas Juan  Bautista<\/li>\n<\/ul>\n<\/li>\n<li><strong>Tribunal<\/strong>\n<ul>\n<li>Presidente del tribunal: Antonio Cueto espinar <\/li>\n<li>serafin Balanza galindo (vocal)<\/li>\n<li>Antonio Burgos ojeda (vocal)<\/li>\n<li> Cuetos megido Jos\u00e9 Manuel (vocal)<\/li>\n<\/ul>\n<\/li>\n<\/ul>\n<p>&nbsp;<\/p>\n","protected":false},"excerpt":{"rendered":"<p>Tesis doctoral de Jorge Herrador Aguirre Estudio longitudinal de calidad de vida realizado en marinos. Selecci\u00f3n aleatoia en los centros [&hellip;]<\/p>\n","protected":false},"author":1,"featured_media":0,"comment_status":"open","ping_status":"open","sticky":false,"template":"","format":"standard","meta":{"site-sidebar-layout":"default","site-content-layout":"","ast-site-content-layout":"","site-content-style":"default","site-sidebar-style":"default","ast-global-header-display":"","ast-banner-title-visibility":"","ast-main-header-display":"","ast-hfb-above-header-display":"","ast-hfb-below-header-display":"","ast-hfb-mobile-header-display":"","site-post-title":"","ast-breadcrumbs-content":"","ast-featured-img":"","footer-sml-layout":"","theme-transparent-header-meta":"","adv-header-id-meta":"","stick-header-meta":"","header-above-stick-meta":"","header-main-stick-meta":"","header-below-stick-meta":"","astra-migrate-meta-layouts":"default","ast-page-background-enabled":"default","ast-page-background-meta":{"desktop":{"background-color":"var(--ast-global-color-4)","background-image":"","background-repeat":"repeat","background-position":"center center","background-size":"auto","background-attachment":"scroll","background-type":"","background-media":"","overlay-type":"","overlay-color":"","overlay-gradient":""},"tablet":{"background-color":"","background-image":"","background-repeat":"repeat","background-position":"center center","background-size":"auto","background-attachment":"scroll","background-type":"","background-media":"","overlay-type":"","overlay-color":"","overlay-gradient":""},"mobile":{"background-color":"","background-image":"","background-repeat":"repeat","background-position":"center center","background-size":"auto","background-attachment":"scroll","background-type":"","background-media":"","overlay-type":"","overlay-color":"","overlay-gradient":""}},"ast-content-background-meta":{"desktop":{"background-color":"var(--ast-global-color-5)","background-image":"","background-repeat":"repeat","background-position":"center center","background-size":"auto","background-attachment":"scroll","background-type":"","background-media":"","overlay-type":"","overlay-color":"","overlay-gradient":""},"tablet":{"background-color":"var(--ast-global-color-5)","background-image":"","background-repeat":"repeat","background-position":"center center","background-size":"auto","background-attachment":"scroll","background-type":"","background-media":"","overlay-type":"","overlay-color":"","overlay-gradient":""},"mobile":{"background-color":"var(--ast-global-color-5)","background-image":"","background-repeat":"repeat","background-position":"center center","background-size":"auto","background-attachment":"scroll","background-type":"","background-media":"","overlay-type":"","overlay-color":"","overlay-gradient":""}},"footnotes":""},"categories":[19815,9,435,8846,1295,7395,967,269],"tags":[1806,1937,178761,127210,178760,25984],"class_list":["post-84686","post","type-post","status-publish","format-standard","hentry","category-calidad-de-vida","category-ciencias-medicas","category-medicina-del-trabajo","category-oviedo","category-problemas-y-conflictos-sociales","category-salud-laboral","category-salud-publica","category-sociologia","tag-antonio-burgos-ojeda","tag-antonio-cueto-espinar","tag-cuetos-megido-jose-manuel","tag-garcia-casas-juan-bautista","tag-jorge-herrador-aguirre","tag-serafin-balanza-galindo"],"_links":{"self":[{"href":"https:\/\/www.deberes.net\/tesis\/wp-json\/wp\/v2\/posts\/84686","targetHints":{"allow":["GET"]}}],"collection":[{"href":"https:\/\/www.deberes.net\/tesis\/wp-json\/wp\/v2\/posts"}],"about":[{"href":"https:\/\/www.deberes.net\/tesis\/wp-json\/wp\/v2\/types\/post"}],"author":[{"embeddable":true,"href":"https:\/\/www.deberes.net\/tesis\/wp-json\/wp\/v2\/users\/1"}],"replies":[{"embeddable":true,"href":"https:\/\/www.deberes.net\/tesis\/wp-json\/wp\/v2\/comments?post=84686"}],"version-history":[{"count":0,"href":"https:\/\/www.deberes.net\/tesis\/wp-json\/wp\/v2\/posts\/84686\/revisions"}],"wp:attachment":[{"href":"https:\/\/www.deberes.net\/tesis\/wp-json\/wp\/v2\/media?parent=84686"}],"wp:term":[{"taxonomy":"category","embeddable":true,"href":"https:\/\/www.deberes.net\/tesis\/wp-json\/wp\/v2\/categories?post=84686"},{"taxonomy":"post_tag","embeddable":true,"href":"https:\/\/www.deberes.net\/tesis\/wp-json\/wp\/v2\/tags?post=84686"}],"curies":[{"name":"wp","href":"https:\/\/api.w.org\/{rel}","templated":true}]}}