{"id":84731,"date":"2018-03-10T00:09:03","date_gmt":"2018-03-10T00:09:03","guid":{"rendered":"https:\/\/www.deberes.net\/tesis\/sin-categoria\/las-nuevas-escuelas-madrilenas-fundamento-desarrollo-y-modernizacion-del-espacio-escolar-en-madrid\/"},"modified":"2018-03-10T00:09:03","modified_gmt":"2018-03-10T00:09:03","slug":"las-nuevas-escuelas-madrilenas-fundamento-desarrollo-y-modernizacion-del-espacio-escolar-en-madrid","status":"publish","type":"post","link":"https:\/\/www.deberes.net\/tesis\/ciencias-economicas\/las-nuevas-escuelas-madrilenas-fundamento-desarrollo-y-modernizacion-del-espacio-escolar-en-madrid\/","title":{"rendered":"\u00ablas nuevas escuelas madrile\u00f1as\u00bb fundamento, desarrollo y modernizaci\u00f3n del espacio escolar en Madrid."},"content":{"rendered":"<h2>Tesis doctoral de <strong>  Burgos Ruiz Francisco Jes\u00fas <\/strong><\/h2>\n<p>La tesis recoge la evoluci\u00f3n del espacio escolar en relaci\u00f3n con las cambiantes tendencias pedag\u00f3gicas. Se ha situando la cuesti\u00f3n en la ciudad de Madrid, pero siempre en el contexto espa\u00f1ol y con la arquitectura escolar europea como tel\u00f3n de fondo.  su discurso es cronol\u00f3gico. Se inicia en 1868, con los primeros modelos escolares oficiales, en los que la escuela est\u00e1 concebida como un espacio pan\u00f3ptico, y concluye en 1968, momento en el que se inicia una reforma del sistema educativo espa\u00f1ol que cuestiona la supervivencia del aula en su forma tradicional.  como corresponde a su t\u00edtulo, la tesis se detiene en aquellas arquitecturas que han encarnado una cierta renovaci\u00f3n, aquellas escuelas que han acusado en su morfolog\u00eda una determinada forma de ense\u00f1ar y que a lo largo del per\u00edodo que se examina han recibido una y otra vez el calificativo de nuevas.<\/p>\n<p>&nbsp;<\/p>\n<h3>Datos acad\u00e9micos de la tesis doctoral \u00ab<strong>\u00ablas nuevas escuelas madrile\u00f1as\u00bb fundamento, desarrollo y modernizaci\u00f3n del espacio escolar en Madrid.<\/strong>\u00ab<\/h3>\n<ul>\n<li><strong>T\u00edtulo de la tesis:<\/strong>\u00a0 \u00ablas nuevas escuelas madrile\u00f1as\u00bb fundamento, desarrollo y modernizaci\u00f3n del espacio escolar en Madrid. <\/li>\n<li><strong>Autor:<\/strong>\u00a0  Burgos Ruiz Francisco Jes\u00fas <\/li>\n<li><strong>Universidad:<\/strong>\u00a0 Polit\u00e9cnica de Madrid<\/li>\n<li><strong>Fecha de lectura de la tesis:<\/strong>\u00a0 29\/05\/2000<\/li>\n<\/ul>\n<p>&nbsp;<\/p>\n<h3>Direcci\u00f3n y tribunal<\/h3>\n<ul>\n<li><strong>Director de la tesis<\/strong>\n<ul>\n<li>Justo Fernandez Trapa De Isasi<\/li>\n<\/ul>\n<\/li>\n<li><strong>Tribunal<\/strong>\n<ul>\n<li>Presidente del tribunal: Luis Fernandez-galiano ruiz <\/li>\n<li>victor Perez escolano (vocal)<\/li>\n<li>josep Martorell codina (vocal)<\/li>\n<li> Hernandez leon Juan  Miguel (vocal)<\/li>\n<\/ul>\n<\/li>\n<\/ul>\n<p>&nbsp;<\/p>\n","protected":false},"excerpt":{"rendered":"<p>Tesis doctoral de Burgos Ruiz Francisco Jes\u00fas La tesis recoge la evoluci\u00f3n del espacio escolar en relaci\u00f3n con las cambiantes [&hellip;]<\/p>\n","protected":false},"author":1,"featured_media":0,"comment_status":"open","ping_status":"open","sticky":false,"template":"","format":"standard","meta":{"site-sidebar-layout":"default","site-content-layout":"","ast-site-content-layout":"","site-content-style":"default","site-sidebar-style":"default","ast-global-header-display":"","ast-banner-title-visibility":"","ast-main-header-display":"","ast-hfb-above-header-display":"","ast-hfb-below-header-display":"","ast-hfb-mobile-header-display":"","site-post-title":"","ast-breadcrumbs-content":"","ast-featured-img":"","footer-sml-layout":"","theme-transparent-header-meta":"","adv-header-id-meta":"","stick-header-meta":"","header-above-stick-meta":"","header-main-stick-meta":"","header-below-stick-meta":"","astra-migrate-meta-layouts":"default","ast-page-background-enabled":"default","ast-page-background-meta":{"desktop":{"background-color":"var(--ast-global-color-4)","background-image":"","background-repeat":"repeat","background-position":"center center","background-size":"auto","background-attachment":"scroll","background-type":"","background-media":"","overlay-type":"","overlay-color":"","overlay-gradient":""},"tablet":{"background-color":"","background-image":"","background-repeat":"repeat","background-position":"center center","background-size":"auto","background-attachment":"scroll","background-type":"","background-media":"","overlay-type":"","overlay-color":"","overlay-gradient":""},"mobile":{"background-color":"","background-image":"","background-repeat":"repeat","background-position":"center center","background-size":"auto","background-attachment":"scroll","background-type":"","background-media":"","overlay-type":"","overlay-color":"","overlay-gradient":""}},"ast-content-background-meta":{"desktop":{"background-color":"var(--ast-global-color-5)","background-image":"","background-repeat":"repeat","background-position":"center center","background-size":"auto","background-attachment":"scroll","background-type":"","background-media":"","overlay-type":"","overlay-color":"","overlay-gradient":""},"tablet":{"background-color":"var(--ast-global-color-5)","background-image":"","background-repeat":"repeat","background-position":"center center","background-size":"auto","background-attachment":"scroll","background-type":"","background-media":"","overlay-type":"","overlay-color":"","overlay-gradient":""},"mobile":{"background-color":"var(--ast-global-color-5)","background-image":"","background-repeat":"repeat","background-position":"center center","background-size":"auto","background-attachment":"scroll","background-type":"","background-media":"","overlay-type":"","overlay-color":"","overlay-gradient":""}},"footnotes":""},"categories":[4509,147,82,12564,963,16008,22393],"tags":[178832,47524,30385,43050,15635,11230],"class_list":["post-84731","post","type-post","status-publish","format-standard","hentry","category-arquitectura","category-ciencias-de-las-artes-y-las-letras","category-ciencias-economicas","category-diseno-arquitectonico","category-economia-sectorial","category-politecnica-de-madrid","category-sector-de-la-educacion","tag-burgos-ruiz-francisco-jesus","tag-hernandez-leon-juan-miguel","tag-josep-martorell-codina","tag-justo-fernandez-trapa-de-isasi","tag-luis-fernandez-galiano-ruiz","tag-victor-perez-escolano"],"_links":{"self":[{"href":"https:\/\/www.deberes.net\/tesis\/wp-json\/wp\/v2\/posts\/84731","targetHints":{"allow":["GET"]}}],"collection":[{"href":"https:\/\/www.deberes.net\/tesis\/wp-json\/wp\/v2\/posts"}],"about":[{"href":"https:\/\/www.deberes.net\/tesis\/wp-json\/wp\/v2\/types\/post"}],"author":[{"embeddable":true,"href":"https:\/\/www.deberes.net\/tesis\/wp-json\/wp\/v2\/users\/1"}],"replies":[{"embeddable":true,"href":"https:\/\/www.deberes.net\/tesis\/wp-json\/wp\/v2\/comments?post=84731"}],"version-history":[{"count":0,"href":"https:\/\/www.deberes.net\/tesis\/wp-json\/wp\/v2\/posts\/84731\/revisions"}],"wp:attachment":[{"href":"https:\/\/www.deberes.net\/tesis\/wp-json\/wp\/v2\/media?parent=84731"}],"wp:term":[{"taxonomy":"category","embeddable":true,"href":"https:\/\/www.deberes.net\/tesis\/wp-json\/wp\/v2\/categories?post=84731"},{"taxonomy":"post_tag","embeddable":true,"href":"https:\/\/www.deberes.net\/tesis\/wp-json\/wp\/v2\/tags?post=84731"}],"curies":[{"name":"wp","href":"https:\/\/api.w.org\/{rel}","templated":true}]}}