{"id":84739,"date":"2018-03-10T00:09:03","date_gmt":"2018-03-10T00:09:03","guid":{"rendered":"https:\/\/www.deberes.net\/tesis\/sin-categoria\/el-poder-redistributivo-del-presupuesto-de-la-union-europea-analisis-a-traves-de-los-flujos-fiscales-regionales\/"},"modified":"2018-03-10T00:09:03","modified_gmt":"2018-03-10T00:09:03","slug":"el-poder-redistributivo-del-presupuesto-de-la-union-europea-analisis-a-traves-de-los-flujos-fiscales-regionales","status":"publish","type":"post","link":"https:\/\/www.deberes.net\/tesis\/ciencias-economicas\/el-poder-redistributivo-del-presupuesto-de-la-union-europea-analisis-a-traves-de-los-flujos-fiscales-regionales\/","title":{"rendered":"El poder redistributivo del presupuesto de la uni\u00f3n europea, an\u00e1lisis a trav\u00e9s de los flujos fiscales regionales"},"content":{"rendered":"<h2>Tesis doctoral de <strong> Marta Espasa Queralt <\/strong><\/h2>\n<p>El objetivo de esta tesis doctoral es abordar desde un punto de vista te\u00f3rico-normativo y bajo la perspectiva de la teor\u00eda del federalismo fiscal el papel redistributivo que le corresponde a la uni\u00f3n europea como gobierno de \u00e1mbito supranacional y contrastar emp\u00edricamente cual ha sido la capacidad redistributiva del presupuesto comunitario durante los a\u00f1os 1995-97.  la tesis se estructura en cuatro grandes apartados que engloban ocho cap\u00edtulos.  la primera parte se tiene un car\u00e1cter introductorio y en ella se delimita la uni\u00f3n europea como administraci\u00f3n p\u00fablica, y se lleva a cabo un an\u00e1lisis de la evoluci\u00f3n su sistema de financiaci\u00f3n y de sus pol\u00edticas de gasto.  en la segunda parte de la tesis se desarrolla el marco te\u00f3rico sobre el que sustentar la asignaci\u00f3n de actuaciones redistributivas a nivel comunitario a partir de los postulados de la teor\u00eda del federalismo fiscal. En concreto, se revisan las aportaciones de dicha teor\u00eda en el campo de la redistribuci\u00f3n y se formula un modelo normativo, derivado del propuesto por tresch y adaptado a la realidad comunitaria, que permite asignar a la uni\u00f3n europea pol\u00edticas redistributivas, preferentemente, de \u00edndole territorial. Esta conclusi\u00f3n ha propiciado que se lleve a cabo un an\u00e1lisis de los desequilibrios territoriales en el nivel de renta en la uni\u00f3n europea y sus factores determinantes.  la tercera parte se dedica a la estimaci\u00f3n de los flujos fiscales nacionales y regionales derivados del presupuesto de la uni\u00f3n europea durante los a\u00f1os 1995-97 y a la cuantificaci\u00f3n del poder redistributivo del mismo. para ello, se detallan los aspectos metodol\u00f3gicos seguidos en la imputaci\u00f3n territorial de los ingresos y de los gastos comunitarios, se lleva a cabo la imputaci\u00f3n y se describen los resultados alcanzados de la imputaci\u00f3n de los ingresos, gastos y saldos fiscales derivados de la actividad presupuestaria de la uni\u00f3n europea con los quince pa\u00edses y las 12<\/p>\n<p>&nbsp;<\/p>\n<h3>Datos acad\u00e9micos de la tesis doctoral \u00ab<strong>El poder redistributivo del presupuesto de la uni\u00f3n europea, an\u00e1lisis a trav\u00e9s de los flujos fiscales regionales<\/strong>\u00ab<\/h3>\n<ul>\n<li><strong>T\u00edtulo de la tesis:<\/strong>\u00a0 El poder redistributivo del presupuesto de la uni\u00f3n europea, an\u00e1lisis a trav\u00e9s de los flujos fiscales regionales <\/li>\n<li><strong>Autor:<\/strong>\u00a0 Marta Espasa Queralt <\/li>\n<li><strong>Universidad:<\/strong>\u00a0 Barcelona<\/li>\n<li><strong>Fecha de lectura de la tesis:<\/strong>\u00a0 30\/05\/2000<\/li>\n<\/ul>\n<p>&nbsp;<\/p>\n<h3>Direcci\u00f3n y tribunal<\/h3>\n<ul>\n<li><strong>Director de la tesis<\/strong>\n<ul>\n<li>N\u00faria Bosch I Roca<\/li>\n<\/ul>\n<\/li>\n<li><strong>Tribunal<\/strong>\n<ul>\n<li>Presidente del tribunal: Juan  Ramon Cuadrado Roura <\/li>\n<li>Jos\u00e9 Mar\u00eda Jord\u00e1n Galduf (vocal)<\/li>\n<li>Antoni Castells Oliveres (vocal)<\/li>\n<li>Mart\u00ed Parellada Sabata (vocal)<\/li>\n<\/ul>\n<\/li>\n<\/ul>\n<p>&nbsp;<\/p>\n","protected":false},"excerpt":{"rendered":"<p>Tesis doctoral de Marta Espasa Queralt El objetivo de esta tesis doctoral es abordar desde un punto de vista te\u00f3rico-normativo [&hellip;]<\/p>\n","protected":false},"author":1,"featured_media":0,"comment_status":"open","ping_status":"open","sticky":false,"template":"","format":"standard","meta":{"site-sidebar-layout":"default","site-content-layout":"","ast-site-content-layout":"","site-content-style":"default","site-sidebar-style":"default","ast-global-header-display":"","ast-banner-title-visibility":"","ast-main-header-display":"","ast-hfb-above-header-display":"","ast-hfb-below-header-display":"","ast-hfb-mobile-header-display":"","site-post-title":"","ast-breadcrumbs-content":"","ast-featured-img":"","footer-sml-layout":"","theme-transparent-header-meta":"","adv-header-id-meta":"","stick-header-meta":"","header-above-stick-meta":"","header-main-stick-meta":"","header-below-stick-meta":"","astra-migrate-meta-layouts":"default","ast-page-background-enabled":"default","ast-page-background-meta":{"desktop":{"background-color":"var(--ast-global-color-4)","background-image":"","background-repeat":"repeat","background-position":"center center","background-size":"auto","background-attachment":"scroll","background-type":"","background-media":"","overlay-type":"","overlay-color":"","overlay-gradient":""},"tablet":{"background-color":"","background-image":"","background-repeat":"repeat","background-position":"center center","background-size":"auto","background-attachment":"scroll","background-type":"","background-media":"","overlay-type":"","overlay-color":"","overlay-gradient":""},"mobile":{"background-color":"","background-image":"","background-repeat":"repeat","background-position":"center center","background-size":"auto","background-attachment":"scroll","background-type":"","background-media":"","overlay-type":"","overlay-color":"","overlay-gradient":""}},"ast-content-background-meta":{"desktop":{"background-color":"var(--ast-global-color-5)","background-image":"","background-repeat":"repeat","background-position":"center center","background-size":"auto","background-attachment":"scroll","background-type":"","background-media":"","overlay-type":"","overlay-color":"","overlay-gradient":""},"tablet":{"background-color":"var(--ast-global-color-5)","background-image":"","background-repeat":"repeat","background-position":"center center","background-size":"auto","background-attachment":"scroll","background-type":"","background-media":"","overlay-type":"","overlay-color":"","overlay-gradient":""},"mobile":{"background-color":"var(--ast-global-color-5)","background-image":"","background-repeat":"repeat","background-position":"center center","background-size":"auto","background-attachment":"scroll","background-type":"","background-media":"","overlay-type":"","overlay-color":"","overlay-gradient":""}},"footnotes":""},"categories":[951,82,83,910,6838],"tags":[33579,11698,11760,178844,13428,80093],"class_list":["post-84739","post","type-post","status-publish","format-standard","hentry","category-barcelona","category-ciencias-economicas","category-economia-del-area-europea","category-economia-internacional","category-politica-fiscal-y-hacienda-publica-nacionales","tag-antoni-castells-oliveres","tag-jose-maria-jordan-galduf","tag-juan-ramon-cuadrado-roura","tag-marta-espasa-queralt","tag-marti-parellada-sabata","tag-nuria-bosch-i-roca"],"_links":{"self":[{"href":"https:\/\/www.deberes.net\/tesis\/wp-json\/wp\/v2\/posts\/84739","targetHints":{"allow":["GET"]}}],"collection":[{"href":"https:\/\/www.deberes.net\/tesis\/wp-json\/wp\/v2\/posts"}],"about":[{"href":"https:\/\/www.deberes.net\/tesis\/wp-json\/wp\/v2\/types\/post"}],"author":[{"embeddable":true,"href":"https:\/\/www.deberes.net\/tesis\/wp-json\/wp\/v2\/users\/1"}],"replies":[{"embeddable":true,"href":"https:\/\/www.deberes.net\/tesis\/wp-json\/wp\/v2\/comments?post=84739"}],"version-history":[{"count":0,"href":"https:\/\/www.deberes.net\/tesis\/wp-json\/wp\/v2\/posts\/84739\/revisions"}],"wp:attachment":[{"href":"https:\/\/www.deberes.net\/tesis\/wp-json\/wp\/v2\/media?parent=84739"}],"wp:term":[{"taxonomy":"category","embeddable":true,"href":"https:\/\/www.deberes.net\/tesis\/wp-json\/wp\/v2\/categories?post=84739"},{"taxonomy":"post_tag","embeddable":true,"href":"https:\/\/www.deberes.net\/tesis\/wp-json\/wp\/v2\/tags?post=84739"}],"curies":[{"name":"wp","href":"https:\/\/api.w.org\/{rel}","templated":true}]}}