{"id":84746,"date":"2018-03-10T00:09:03","date_gmt":"2018-03-10T00:09:03","guid":{"rendered":"https:\/\/www.deberes.net\/tesis\/sin-categoria\/variabilidad-del-estado-de-animo-y-consistencia-situacion-emocion-cognicion-conducta-en-jovenes-adultos\/"},"modified":"2018-03-10T00:09:03","modified_gmt":"2018-03-10T00:09:03","slug":"variabilidad-del-estado-de-animo-y-consistencia-situacion-emocion-cognicion-conducta-en-jovenes-adultos","status":"publish","type":"post","link":"https:\/\/www.deberes.net\/tesis\/psicologia\/variabilidad-del-estado-de-animo-y-consistencia-situacion-emocion-cognicion-conducta-en-jovenes-adultos\/","title":{"rendered":"Variabilidad del estado de \u00e1nimo y consistencia situaci\u00f3n-emoci\u00f3n-cognici\u00f3n-conducta en jovenes adultos."},"content":{"rendered":"<h2>Tesis doctoral de <strong> Margarita Gozalo Delgado <\/strong><\/h2>\n<p>Con el objeto de a\u00f1adir evidencias al debate sobre la consistencia de la conducta, desde un enfoque de proceso, se estudi\u00f3 la variabilidad del estado de un grupo de j\u00f3venes adultos(18-32 a\u00f1os), estudiantes de la universidad de salamanca. El objetivo principal de este trabajo ha sido el de constatar c\u00f3mo se dan los ciclos de variabilidad en el estado de \u00e1nimo de j\u00f3venes adultos y las relaciones que se pod\u00edan establecer entre los cambios en dichos ciclos y el patr\u00f3n de situaciones. Tambi\u00e9n nos propusimos estudiar las diferencias interindividuales en la variabilidad intra-individual.  se parti\u00f3 de un enfoque idiogr\u00e1fico y se estudi\u00f3, caso a caso, el afecto auto-informado diario de un grupo de 39 participantes, que fueron evaluados en dos ocasiones diarias, a lo largo de 70 d\u00edas, mediante autoinformes.  los resultados de los autoinformes diarios de cada sujeto fueron sometidos a an\u00e1lisis espectrales univariados y bivariados, con el objeto de descubrir la organizaci\u00f3n interna de los patrones de cambio en el estado de \u00e1nimo diario.<\/p>\n<p>&nbsp;<\/p>\n<h3>Datos acad\u00e9micos de la tesis doctoral \u00ab<strong>Variabilidad del estado de \u00e1nimo y consistencia situaci\u00f3n-emoci\u00f3n-cognici\u00f3n-conducta en jovenes adultos.<\/strong>\u00ab<\/h3>\n<ul>\n<li><strong>T\u00edtulo de la tesis:<\/strong>\u00a0 Variabilidad del estado de \u00e1nimo y consistencia situaci\u00f3n-emoci\u00f3n-cognici\u00f3n-conducta en jovenes adultos. <\/li>\n<li><strong>Autor:<\/strong>\u00a0 Margarita Gozalo Delgado <\/li>\n<li><strong>Universidad:<\/strong>\u00a0 Salamanca<\/li>\n<li><strong>Fecha de lectura de la tesis:<\/strong>\u00a0 30\/05\/2000<\/li>\n<\/ul>\n<p>&nbsp;<\/p>\n<h3>Direcci\u00f3n y tribunal<\/h3>\n<ul>\n<li><strong>Director de la tesis<\/strong>\n<ul>\n<li>Alejandro Avila Espada<\/li>\n<\/ul>\n<\/li>\n<li><strong>Tribunal<\/strong>\n<ul>\n<li>Presidente del tribunal: florencio Vicente castro <\/li>\n<li>pilar Sanchez lopez (vocal)<\/li>\n<li>Miguel angel Verdugo alonso (vocal)<\/li>\n<li> Ezquero garcia noblejas milagros (vocal)<\/li>\n<\/ul>\n<\/li>\n<\/ul>\n<p>&nbsp;<\/p>\n","protected":false},"excerpt":{"rendered":"<p>Tesis doctoral de Margarita Gozalo Delgado Con el objeto de a\u00f1adir evidencias al debate sobre la consistencia de la conducta, [&hellip;]<\/p>\n","protected":false},"author":1,"featured_media":0,"comment_status":"open","ping_status":"open","sticky":false,"template":"","format":"standard","meta":{"site-sidebar-layout":"default","site-content-layout":"","ast-site-content-layout":"","site-content-style":"default","site-sidebar-style":"default","ast-global-header-display":"","ast-banner-title-visibility":"","ast-main-header-display":"","ast-hfb-above-header-display":"","ast-hfb-below-header-display":"","ast-hfb-mobile-header-display":"","site-post-title":"","ast-breadcrumbs-content":"","ast-featured-img":"","footer-sml-layout":"","theme-transparent-header-meta":"","adv-header-id-meta":"","stick-header-meta":"","header-above-stick-meta":"","header-main-stick-meta":"","header-below-stick-meta":"","astra-migrate-meta-layouts":"default","ast-page-background-enabled":"default","ast-page-background-meta":{"desktop":{"background-color":"var(--ast-global-color-4)","background-image":"","background-repeat":"repeat","background-position":"center center","background-size":"auto","background-attachment":"scroll","background-type":"","background-media":"","overlay-type":"","overlay-color":"","overlay-gradient":""},"tablet":{"background-color":"","background-image":"","background-repeat":"repeat","background-position":"center center","background-size":"auto","background-attachment":"scroll","background-type":"","background-media":"","overlay-type":"","overlay-color":"","overlay-gradient":""},"mobile":{"background-color":"","background-image":"","background-repeat":"repeat","background-position":"center center","background-size":"auto","background-attachment":"scroll","background-type":"","background-media":"","overlay-type":"","overlay-color":"","overlay-gradient":""}},"ast-content-background-meta":{"desktop":{"background-color":"var(--ast-global-color-5)","background-image":"","background-repeat":"repeat","background-position":"center center","background-size":"auto","background-attachment":"scroll","background-type":"","background-media":"","overlay-type":"","overlay-color":"","overlay-gradient":""},"tablet":{"background-color":"var(--ast-global-color-5)","background-image":"","background-repeat":"repeat","background-position":"center center","background-size":"auto","background-attachment":"scroll","background-type":"","background-media":"","overlay-type":"","overlay-color":"","overlay-gradient":""},"mobile":{"background-color":"var(--ast-global-color-5)","background-image":"","background-repeat":"repeat","background-position":"center center","background-size":"auto","background-attachment":"scroll","background-type":"","background-media":"","overlay-type":"","overlay-color":"","overlay-gradient":""}},"footnotes":""},"categories":[6893,6894,324,9386],"tags":[7073,178856,7144,137799,9414,2875],"class_list":["post-84746","post","type-post","status-publish","format-standard","hentry","category-medida-de-la-personalidad","category-personalidad","category-psicologia","category-salamanca","tag-alejandro-avila-espada","tag-ezquero-garcia-noblejas-milagros","tag-florencio-vicente-castro","tag-margarita-gozalo-delgado","tag-miguel-angel-verdugo-alonso","tag-pilar-sanchez-lopez"],"_links":{"self":[{"href":"https:\/\/www.deberes.net\/tesis\/wp-json\/wp\/v2\/posts\/84746","targetHints":{"allow":["GET"]}}],"collection":[{"href":"https:\/\/www.deberes.net\/tesis\/wp-json\/wp\/v2\/posts"}],"about":[{"href":"https:\/\/www.deberes.net\/tesis\/wp-json\/wp\/v2\/types\/post"}],"author":[{"embeddable":true,"href":"https:\/\/www.deberes.net\/tesis\/wp-json\/wp\/v2\/users\/1"}],"replies":[{"embeddable":true,"href":"https:\/\/www.deberes.net\/tesis\/wp-json\/wp\/v2\/comments?post=84746"}],"version-history":[{"count":0,"href":"https:\/\/www.deberes.net\/tesis\/wp-json\/wp\/v2\/posts\/84746\/revisions"}],"wp:attachment":[{"href":"https:\/\/www.deberes.net\/tesis\/wp-json\/wp\/v2\/media?parent=84746"}],"wp:term":[{"taxonomy":"category","embeddable":true,"href":"https:\/\/www.deberes.net\/tesis\/wp-json\/wp\/v2\/categories?post=84746"},{"taxonomy":"post_tag","embeddable":true,"href":"https:\/\/www.deberes.net\/tesis\/wp-json\/wp\/v2\/tags?post=84746"}],"curies":[{"name":"wp","href":"https:\/\/api.w.org\/{rel}","templated":true}]}}