{"id":84766,"date":"2018-03-10T00:09:08","date_gmt":"2018-03-10T00:09:08","guid":{"rendered":"https:\/\/www.deberes.net\/tesis\/sin-categoria\/gobiernos-mercado-de-trabajo-y-formacion-profesional-un-analisis-comparativo-de-espana-y-gran-bretana\/"},"modified":"2018-03-10T00:09:08","modified_gmt":"2018-03-10T00:09:08","slug":"gobiernos-mercado-de-trabajo-y-formacion-profesional-un-analisis-comparativo-de-espana-y-gran-bretana","status":"publish","type":"post","link":"https:\/\/www.deberes.net\/tesis\/ciencias-economicas\/gobiernos-mercado-de-trabajo-y-formacion-profesional-un-analisis-comparativo-de-espana-y-gran-bretana\/","title":{"rendered":"Gobiernos, mercado de trabajo y formacion profesional: un analisis comparativo de espa\u00f1a y gran breta\u00f1a."},"content":{"rendered":"<h2>Tesis doctoral de <strong> Laura Cruz Castro <\/strong><\/h2>\n<p>La tesis describe y explica la adopci\u00f3n de politicas de formacion profesional en gran breta\u00f1a y en espa\u00f1a por gobiernos conservadores y socialdemocratas desde principios de los ochenta hasta mediados de los noventa. La tesis responde a 3 preguntas generales. En primer lugar como se explica que los gobiernos adopten estrategias distintas para influir en los niveles de formacion ante problemas de desempleo y deficits de cualificaciones similares. en segundo lugar c\u00f3mo pueden combinarse estas pol\u00edticas con las de empleo, protecci\u00f3n social y educacion. Por ultimo, como pueden combinarse estas politicas. La tesis mantiene que la selecci\u00f3n del conjunto de politicas destinadas a influir sobre el volumen de inversion en formacion, y a tratar de resolver el dilema entre empleo e igualdad inherente a estas politicas en epocas de crisis depende de los partidos politicas en el poder y de sus objetivos distributivos e ideas con respecto a las causas del paro y los determinantes y efectos de la formaci\u00f3n, conectadas con el perfil de su electorado.<\/p>\n<p>&nbsp;<\/p>\n<h3>Datos acad\u00e9micos de la tesis doctoral \u00ab<strong>Gobiernos, mercado de trabajo y formacion profesional: un analisis comparativo de espa\u00f1a y gran breta\u00f1a.<\/strong>\u00ab<\/h3>\n<ul>\n<li><strong>T\u00edtulo de la tesis:<\/strong>\u00a0 Gobiernos, mercado de trabajo y formacion profesional: un analisis comparativo de espa\u00f1a y gran breta\u00f1a. <\/li>\n<li><strong>Autor:<\/strong>\u00a0 Laura Cruz Castro <\/li>\n<li><strong>Universidad:<\/strong>\u00a0 Aut\u00f3noma de Madrid<\/li>\n<li><strong>Fecha de lectura de la tesis:<\/strong>\u00a0 31\/05\/2000<\/li>\n<\/ul>\n<p>&nbsp;<\/p>\n<h3>Direcci\u00f3n y tribunal<\/h3>\n<ul>\n<li><strong>Director de la tesis<\/strong>\n<ul>\n<li> Maravall Herrero Jos\u00e9 M.<\/li>\n<\/ul>\n<\/li>\n<li><strong>Tribunal<\/strong>\n<ul>\n<li>Presidente del tribunal: Miguel Beltran villalva <\/li>\n<li>joan Subirats humet (vocal)<\/li>\n<li>felipe Saez fernandez (vocal)<\/li>\n<li>Carlos Prieto rodriguez (vocal)<\/li>\n<\/ul>\n<\/li>\n<\/ul>\n<p>&nbsp;<\/p>\n","protected":false},"excerpt":{"rendered":"<p>Tesis doctoral de Laura Cruz Castro La tesis describe y explica la adopci\u00f3n de politicas de formacion profesional en gran [&hellip;]<\/p>\n","protected":false},"author":1,"featured_media":0,"comment_status":"open","ping_status":"open","sticky":false,"template":"","format":"standard","meta":{"site-sidebar-layout":"default","site-content-layout":"","ast-site-content-layout":"","site-content-style":"default","site-sidebar-style":"default","ast-global-header-display":"","ast-banner-title-visibility":"","ast-main-header-display":"","ast-hfb-above-header-display":"","ast-hfb-below-header-display":"","ast-hfb-mobile-header-display":"","site-post-title":"","ast-breadcrumbs-content":"","ast-featured-img":"","footer-sml-layout":"","theme-transparent-header-meta":"","adv-header-id-meta":"","stick-header-meta":"","header-above-stick-meta":"","header-main-stick-meta":"","header-below-stick-meta":"","astra-migrate-meta-layouts":"default","ast-page-background-enabled":"default","ast-page-background-meta":{"desktop":{"background-color":"var(--ast-global-color-4)","background-image":"","background-repeat":"repeat","background-position":"center center","background-size":"auto","background-attachment":"scroll","background-type":"","background-media":"","overlay-type":"","overlay-color":"","overlay-gradient":""},"tablet":{"background-color":"","background-image":"","background-repeat":"repeat","background-position":"center center","background-size":"auto","background-attachment":"scroll","background-type":"","background-media":"","overlay-type":"","overlay-color":"","overlay-gradient":""},"mobile":{"background-color":"","background-image":"","background-repeat":"repeat","background-position":"center center","background-size":"auto","background-attachment":"scroll","background-type":"","background-media":"","overlay-type":"","overlay-color":"","overlay-gradient":""}},"ast-content-background-meta":{"desktop":{"background-color":"var(--ast-global-color-5)","background-image":"","background-repeat":"repeat","background-position":"center center","background-size":"auto","background-attachment":"scroll","background-type":"","background-media":"","overlay-type":"","overlay-color":"","overlay-gradient":""},"tablet":{"background-color":"var(--ast-global-color-5)","background-image":"","background-repeat":"repeat","background-position":"center center","background-size":"auto","background-attachment":"scroll","background-type":"","background-media":"","overlay-type":"","overlay-color":"","overlay-gradient":""},"mobile":{"background-color":"var(--ast-global-color-5)","background-image":"","background-repeat":"repeat","background-position":"center center","background-size":"auto","background-attachment":"scroll","background-type":"","background-media":"","overlay-type":"","overlay-color":"","overlay-gradient":""}},"footnotes":""},"categories":[82,83,910,737,4725],"tags":[4641,12789,4177,178886,7284,7692],"class_list":["post-84766","post","type-post","status-publish","format-standard","hentry","category-ciencias-economicas","category-economia-del-area-europea","category-economia-internacional","category-teoria-economica","category-teoria-y-modelos-de-empleo","tag-carlos-prieto-rodriguez","tag-felipe-saez-fernandez","tag-joan-subirats-humet","tag-laura-cruz-castro","tag-maravall-herrero-jose-m","tag-miguel-beltran-villalva"],"_links":{"self":[{"href":"https:\/\/www.deberes.net\/tesis\/wp-json\/wp\/v2\/posts\/84766","targetHints":{"allow":["GET"]}}],"collection":[{"href":"https:\/\/www.deberes.net\/tesis\/wp-json\/wp\/v2\/posts"}],"about":[{"href":"https:\/\/www.deberes.net\/tesis\/wp-json\/wp\/v2\/types\/post"}],"author":[{"embeddable":true,"href":"https:\/\/www.deberes.net\/tesis\/wp-json\/wp\/v2\/users\/1"}],"replies":[{"embeddable":true,"href":"https:\/\/www.deberes.net\/tesis\/wp-json\/wp\/v2\/comments?post=84766"}],"version-history":[{"count":0,"href":"https:\/\/www.deberes.net\/tesis\/wp-json\/wp\/v2\/posts\/84766\/revisions"}],"wp:attachment":[{"href":"https:\/\/www.deberes.net\/tesis\/wp-json\/wp\/v2\/media?parent=84766"}],"wp:term":[{"taxonomy":"category","embeddable":true,"href":"https:\/\/www.deberes.net\/tesis\/wp-json\/wp\/v2\/categories?post=84766"},{"taxonomy":"post_tag","embeddable":true,"href":"https:\/\/www.deberes.net\/tesis\/wp-json\/wp\/v2\/tags?post=84766"}],"curies":[{"name":"wp","href":"https:\/\/api.w.org\/{rel}","templated":true}]}}