{"id":84775,"date":"2000-01-06T00:00:00","date_gmt":"2000-01-06T00:00:00","guid":{"rendered":"https:\/\/www.deberes.net\/tesis\/sin-categoria\/mecanismos-de-vision-del-color-en-tareas-de-deteccion-espacial-csf-cromatica-y-aplicaciones\/"},"modified":"2000-01-06T00:00:00","modified_gmt":"2000-01-06T00:00:00","slug":"mecanismos-de-vision-del-color-en-tareas-de-deteccion-espacial-csf-cromatica-y-aplicaciones","status":"publish","type":"post","link":"https:\/\/www.deberes.net\/tesis\/ciencias-medicas\/mecanismos-de-vision-del-color-en-tareas-de-deteccion-espacial-csf-cromatica-y-aplicaciones\/","title":{"rendered":"Mecanismos de vision del color en tareas de deteccion espacial: csf cromatica y aplicaciones."},"content":{"rendered":"<h2>Tesis doctoral de <strong> Eva Mar\u00eda Valero Benito <\/strong><\/h2>\n<p>El estudio se enmarca en el campo del precesado de la informaci\u00f3n espacial por los mecanismos oponentes crom\u00e1ticos. Tras repasar los principales antecedentes bibliogr\u00e1ficos en cuanto a visi\u00f3n espacial, interacci\u00f3n entre diferentes canales visuales,construcci\u00f3n de la curva de sensibilidad al contraste crom\u00e1tico y principales aplicaciones de la misma en el campo de la \u00f3ptica fisiol\u00f3gica, se expone el planteamiento y objetivos del trabajo. Despu\u00e9s se detallan las caracter\u00edsticas del dispositivo experimental utilizado (monitor crt color y cabina de observaci\u00f3n, junto conel sistema de calibrado), y los principales aspectos del m\u00e9todo experimental (selecci\u00f3n de los est\u00edmlulos de color, definici\u00f3n de constrste crom\u00e1tico, descripci\u00f3nd el m\u00e9todo de obtenci\u00f3nd e umbrales de sensibilidad y de la t\u00e9cnica utilizada en el aislamiento de los mecasnimso crom\u00e1ticos del de luminancia, que es la de fotometr\u00eda de parpadeo heterocrom\u00e1tica).  se pasa entonces a la exposici\u00f3n y discusi\u00f3n de los resultados obtendios, distribuidos en tres grandes bloques que corresponden conlos cuatro pirncipales objetivos del trabajo. En el primer bloque, se exponen los resultados relativos a la obtenci\u00f3n de la curva de sensibilidad al contrase crom\u00e1tico en los ejes cardinales rojo-verde y amarilo-azul, discuti\u00e9ndose sus caracter\u00edsticas en realci\u00f3na resultados previos obtenidos por otros autores. Tambi\u00e9n se examina la cuesti\u00f3n de la influencia del tama\u00f1o de campo y nivel de lumniancia media de las redes crom\u00e1ticas sobre la visibilidad umbral, discuti\u00e9ndose las posibles causas de las tendencias encontradas. El segundo bloque se refiere a los resultados relacionados con la interacci\u00f3n entre los dos canales oponentes crom\u00e1ticos: otenci\u00f3n de la curva de sensibilidad al contraste en ejes de modulaci\u00f3n simult\u00e1nea rojo-verde y amarillo-azul, comparaci\u00f3n conlos resultados obtenidos para los ejes cardinales, y valides de este esquema de trabajo<\/p>\n<p>&nbsp;<\/p>\n<h3>Datos acad\u00e9micos de la tesis doctoral \u00ab<strong>Mecanismos de vision del color en tareas de deteccion espacial: csf cromatica y aplicaciones.<\/strong>\u00ab<\/h3>\n<ul>\n<li><strong>T\u00edtulo de la tesis:<\/strong>\u00a0 Mecanismos de vision del color en tareas de deteccion espacial: csf cromatica y aplicaciones. <\/li>\n<li><strong>Autor:<\/strong>\u00a0 Eva Mar\u00eda Valero Benito <\/li>\n<li><strong>Universidad:<\/strong>\u00a0 Granada<\/li>\n<li><strong>Fecha de lectura de la tesis:<\/strong>\u00a0 01\/06\/2000<\/li>\n<\/ul>\n<p>&nbsp;<\/p>\n<h3>Direcci\u00f3n y tribunal<\/h3>\n<ul>\n<li><strong>Director de la tesis<\/strong>\n<ul>\n<li> Garcia Garcia Jos\u00e9 Antonio<\/li>\n<\/ul>\n<\/li>\n<li><strong>Tribunal<\/strong>\n<ul>\n<li>Presidente del tribunal: javier Romero mora <\/li>\n<li>Mar\u00eda sagrario Mill\u00e1n Garc\u00eda-varela (vocal)<\/li>\n<li>Rafael Navarro belsue (vocal)<\/li>\n<li> Artigas verde Jos\u00e9 m. (vocal)<\/li>\n<\/ul>\n<\/li>\n<\/ul>\n<p>&nbsp;<\/p>\n","protected":false},"excerpt":{"rendered":"<p>Tesis doctoral de Eva Mar\u00eda Valero Benito El estudio se enmarca en el campo del precesado de la informaci\u00f3n espacial [&hellip;]<\/p>\n","protected":false},"author":1,"featured_media":0,"comment_status":"open","ping_status":"open","sticky":false,"template":"","format":"standard","meta":{"site-sidebar-layout":"default","site-content-layout":"","ast-site-content-layout":"","site-content-style":"default","site-sidebar-style":"default","ast-global-header-display":"","ast-banner-title-visibility":"","ast-main-header-display":"","ast-hfb-above-header-display":"","ast-hfb-below-header-display":"","ast-hfb-mobile-header-display":"","site-post-title":"","ast-breadcrumbs-content":"","ast-featured-img":"","footer-sml-layout":"","theme-transparent-header-meta":"","adv-header-id-meta":"","stick-header-meta":"","header-above-stick-meta":"","header-main-stick-meta":"","header-below-stick-meta":"","astra-migrate-meta-layouts":"default","ast-page-background-enabled":"default","ast-page-background-meta":{"desktop":{"background-color":"var(--ast-global-color-4)","background-image":"","background-repeat":"repeat","background-position":"center center","background-size":"auto","background-attachment":"scroll","background-type":"","background-media":"","overlay-type":"","overlay-color":"","overlay-gradient":""},"tablet":{"background-color":"","background-image":"","background-repeat":"repeat","background-position":"center center","background-size":"auto","background-attachment":"scroll","background-type":"","background-media":"","overlay-type":"","overlay-color":"","overlay-gradient":""},"mobile":{"background-color":"","background-image":"","background-repeat":"repeat","background-position":"center center","background-size":"auto","background-attachment":"scroll","background-type":"","background-media":"","overlay-type":"","overlay-color":"","overlay-gradient":""}},"ast-content-background-meta":{"desktop":{"background-color":"var(--ast-global-color-5)","background-image":"","background-repeat":"repeat","background-position":"center center","background-size":"auto","background-attachment":"scroll","background-type":"","background-media":"","overlay-type":"","overlay-color":"","overlay-gradient":""},"tablet":{"background-color":"var(--ast-global-color-5)","background-image":"","background-repeat":"repeat","background-position":"center center","background-size":"auto","background-attachment":"scroll","background-type":"","background-media":"","overlay-type":"","overlay-color":"","overlay-gradient":""},"mobile":{"background-color":"var(--ast-global-color-5)","background-image":"","background-repeat":"repeat","background-position":"center center","background-size":"auto","background-attachment":"scroll","background-type":"","background-media":"","overlay-type":"","overlay-color":"","overlay-gradient":""}},"footnotes":""},"categories":[155,9,1526,199,1525,17468,487],"tags":[26881,178895,59303,21878,52243,26882],"class_list":["post-84775","post","type-post","status-publish","format-standard","hentry","category-ciencias-clinicas","category-ciencias-medicas","category-colorimetria","category-fisica","category-optica","category-optica-fisiologica","category-psicologia-clinica","tag-artigas-verde-jose-m","tag-eva-maria-valero-benito","tag-garcia-garcia-jose-antonio","tag-javier-romero-mora","tag-maria-sagrario-millan-garcia-varela","tag-rafael-navarro-belsue"],"_links":{"self":[{"href":"https:\/\/www.deberes.net\/tesis\/wp-json\/wp\/v2\/posts\/84775","targetHints":{"allow":["GET"]}}],"collection":[{"href":"https:\/\/www.deberes.net\/tesis\/wp-json\/wp\/v2\/posts"}],"about":[{"href":"https:\/\/www.deberes.net\/tesis\/wp-json\/wp\/v2\/types\/post"}],"author":[{"embeddable":true,"href":"https:\/\/www.deberes.net\/tesis\/wp-json\/wp\/v2\/users\/1"}],"replies":[{"embeddable":true,"href":"https:\/\/www.deberes.net\/tesis\/wp-json\/wp\/v2\/comments?post=84775"}],"version-history":[{"count":0,"href":"https:\/\/www.deberes.net\/tesis\/wp-json\/wp\/v2\/posts\/84775\/revisions"}],"wp:attachment":[{"href":"https:\/\/www.deberes.net\/tesis\/wp-json\/wp\/v2\/media?parent=84775"}],"wp:term":[{"taxonomy":"category","embeddable":true,"href":"https:\/\/www.deberes.net\/tesis\/wp-json\/wp\/v2\/categories?post=84775"},{"taxonomy":"post_tag","embeddable":true,"href":"https:\/\/www.deberes.net\/tesis\/wp-json\/wp\/v2\/tags?post=84775"}],"curies":[{"name":"wp","href":"https:\/\/api.w.org\/{rel}","templated":true}]}}