{"id":84800,"date":"2000-02-06T00:00:00","date_gmt":"2000-02-06T00:00:00","guid":{"rendered":"https:\/\/www.deberes.net\/tesis\/sin-categoria\/la-transmision-intergeneracional-del-maltrato-fa%c2%adsico-e-infantil\/"},"modified":"2000-02-06T00:00:00","modified_gmt":"2000-02-06T00:00:00","slug":"la-transmision-intergeneracional-del-maltrato-fa%c2%adsico-e-infantil","status":"publish","type":"post","link":"https:\/\/www.deberes.net\/tesis\/psicologia\/la-transmision-intergeneracional-del-maltrato-fa%c2%adsico-e-infantil\/","title":{"rendered":"La transmisi\u00f3n intergeneracional del maltrato f\u00edsico e infantil"},"content":{"rendered":"<h2>Tesis doctoral de <strong> Eva G\u00f3mez P\u00e9rez <\/strong><\/h2>\n<p>Esta tesis se centra fundamentalmente en comprobar la hip\u00f3tesis de la transmisi\u00f3n intergeneracional del maltratado f\u00edsico infantil as\u00ed como de analizar el rol protector que tanto el estilo de apego como el apoyo social recibido por las personas maltratadas f\u00edsicamente en la infancia tienen en dicho cilo. Tanto el estilo de apego como el apoyo social constituyen en estos momentos los factores protectores que la literatura especializada en el tema se\u00f1ala con mayor fuerza predictiva en la ruptura del ciclo de violencia a las siguiente generaci\u00f3n.  se ofrecen los resultados del estudio as\u00ed como la discusi\u00f3n de los mismos; en las cocnluiones finales se presentan algunas propuestas consideradas  de mayor int\u00e9res tanto de cara a la investigaci\u00f3n como a la intervenci\u00f3n en este fen\u00f3meno de la transmisi\u00f3n intergeneracional del maltrato infantil.  no se ha encontrado que el hecho de haber sufrido maltrato f\u00edsico en la infancia est\u00e9 relacionado con maltrato f\u00edsicoinfringido a sus hijos. sin embargo, si se ha podido comprobar que las personas que han sido maltratadas en su infancia tienen una mayor probabilidad de que los estilos de apego que desarrollen sean inseguros.  y por \u00fatlimo tambi\u00e9n se constata que aquellos sujetos que han recibido durante su infancia un alto apoyo social por parte del padre tienen una probabilidad sifnificativamente menor de maltratar f\u00edsicamente en el futuro.<\/p>\n<p>&nbsp;<\/p>\n<h3>Datos acad\u00e9micos de la tesis doctoral \u00ab<strong>La transmisi\u00f3n intergeneracional del maltrato f\u00edsico e infantil<\/strong>\u00ab<\/h3>\n<ul>\n<li><strong>T\u00edtulo de la tesis:<\/strong>\u00a0 La transmisi\u00f3n intergeneracional del maltrato f\u00edsico e infantil <\/li>\n<li><strong>Autor:<\/strong>\u00a0 Eva G\u00f3mez P\u00e9rez <\/li>\n<li><strong>Universidad:<\/strong>\u00a0 Pa\u00eds vasco\/euskal herriko unibertsitatea<\/li>\n<li><strong>Fecha de lectura de la tesis:<\/strong>\u00a0 02\/06\/2000<\/li>\n<\/ul>\n<p>&nbsp;<\/p>\n<h3>Direcci\u00f3n y tribunal<\/h3>\n<ul>\n<li><strong>Director de la tesis<\/strong>\n<ul>\n<li>Joaquin De Paul Ochotorena<\/li>\n<\/ul>\n<\/li>\n<li><strong>Tribunal<\/strong>\n<ul>\n<li>Presidente del tribunal: f\u00e9lix L\u00f3pez s\u00e1nchez <\/li>\n<li>sabino Ayestar\u00e1n etxebarria (vocal)<\/li>\n<li>ramon Alzate saez de heredia (vocal)<\/li>\n<li>Miguel angel Verdugo alonso (vocal)<\/li>\n<\/ul>\n<\/li>\n<\/ul>\n<p>&nbsp;<\/p>\n","protected":false},"excerpt":{"rendered":"<p>Tesis doctoral de Eva G\u00f3mez P\u00e9rez Esta tesis se centra fundamentalmente en comprobar la hip\u00f3tesis de la transmisi\u00f3n intergeneracional del [&hellip;]<\/p>\n","protected":false},"author":1,"featured_media":0,"comment_status":"open","ping_status":"open","sticky":false,"template":"","format":"standard","meta":{"site-sidebar-layout":"default","site-content-layout":"","ast-site-content-layout":"","site-content-style":"default","site-sidebar-style":"default","ast-global-header-display":"","ast-banner-title-visibility":"","ast-main-header-display":"","ast-hfb-above-header-display":"","ast-hfb-below-header-display":"","ast-hfb-mobile-header-display":"","site-post-title":"","ast-breadcrumbs-content":"","ast-featured-img":"","footer-sml-layout":"","theme-transparent-header-meta":"","adv-header-id-meta":"","stick-header-meta":"","header-above-stick-meta":"","header-main-stick-meta":"","header-below-stick-meta":"","astra-migrate-meta-layouts":"default","ast-page-background-enabled":"default","ast-page-background-meta":{"desktop":{"background-color":"var(--ast-global-color-4)","background-image":"","background-repeat":"repeat","background-position":"center center","background-size":"auto","background-attachment":"scroll","background-type":"","background-media":"","overlay-type":"","overlay-color":"","overlay-gradient":""},"tablet":{"background-color":"","background-image":"","background-repeat":"repeat","background-position":"center center","background-size":"auto","background-attachment":"scroll","background-type":"","background-media":"","overlay-type":"","overlay-color":"","overlay-gradient":""},"mobile":{"background-color":"","background-image":"","background-repeat":"repeat","background-position":"center center","background-size":"auto","background-attachment":"scroll","background-type":"","background-media":"","overlay-type":"","overlay-color":"","overlay-gradient":""}},"ast-content-background-meta":{"desktop":{"background-color":"var(--ast-global-color-5)","background-image":"","background-repeat":"repeat","background-position":"center center","background-size":"auto","background-attachment":"scroll","background-type":"","background-media":"","overlay-type":"","overlay-color":"","overlay-gradient":""},"tablet":{"background-color":"var(--ast-global-color-5)","background-image":"","background-repeat":"repeat","background-position":"center center","background-size":"auto","background-attachment":"scroll","background-type":"","background-media":"","overlay-type":"","overlay-color":"","overlay-gradient":""},"mobile":{"background-color":"var(--ast-global-color-5)","background-image":"","background-repeat":"repeat","background-position":"center center","background-size":"auto","background-attachment":"scroll","background-type":"","background-media":"","overlay-type":"","overlay-color":"","overlay-gradient":""}},"footnotes":""},"categories":[7071,10755,6025,12909,324,961,970,2758],"tags":[161853,40131,45199,9414,13291,26788],"class_list":["post-84800","post","type-post","status-publish","format-standard","hentry","category-desordenes-del-comportamiento","category-desviaciones-del-comportamiento","category-estudio-psicologico-de-cuestiones-sociales","category-pais-vasco-euskal-herriko-unibertsitatea","category-psicologia","category-psicologia-de-la-anormalidad","category-psicologia-del-nino-y-del-adolescente","category-psicologia-evolutiva","tag-eva-gomez-perez","tag-felix-lopez-sanchez","tag-joaquin-de-paul-ochotorena","tag-miguel-angel-verdugo-alonso","tag-ramon-alzate-saez-de-heredia","tag-sabino-ayestaran-etxebarria"],"_links":{"self":[{"href":"https:\/\/www.deberes.net\/tesis\/wp-json\/wp\/v2\/posts\/84800","targetHints":{"allow":["GET"]}}],"collection":[{"href":"https:\/\/www.deberes.net\/tesis\/wp-json\/wp\/v2\/posts"}],"about":[{"href":"https:\/\/www.deberes.net\/tesis\/wp-json\/wp\/v2\/types\/post"}],"author":[{"embeddable":true,"href":"https:\/\/www.deberes.net\/tesis\/wp-json\/wp\/v2\/users\/1"}],"replies":[{"embeddable":true,"href":"https:\/\/www.deberes.net\/tesis\/wp-json\/wp\/v2\/comments?post=84800"}],"version-history":[{"count":0,"href":"https:\/\/www.deberes.net\/tesis\/wp-json\/wp\/v2\/posts\/84800\/revisions"}],"wp:attachment":[{"href":"https:\/\/www.deberes.net\/tesis\/wp-json\/wp\/v2\/media?parent=84800"}],"wp:term":[{"taxonomy":"category","embeddable":true,"href":"https:\/\/www.deberes.net\/tesis\/wp-json\/wp\/v2\/categories?post=84800"},{"taxonomy":"post_tag","embeddable":true,"href":"https:\/\/www.deberes.net\/tesis\/wp-json\/wp\/v2\/tags?post=84800"}],"curies":[{"name":"wp","href":"https:\/\/api.w.org\/{rel}","templated":true}]}}