{"id":84822,"date":"2000-02-06T00:00:00","date_gmt":"2000-02-06T00:00:00","guid":{"rendered":"https:\/\/www.deberes.net\/tesis\/sin-categoria\/estudio-microhistorico-de-san-lorenzo-de-tamaraceite\/"},"modified":"2000-02-06T00:00:00","modified_gmt":"2000-02-06T00:00:00","slug":"estudio-microhistorico-de-san-lorenzo-de-tamaraceite","status":"publish","type":"post","link":"https:\/\/www.deberes.net\/tesis\/historia\/estudio-microhistorico-de-san-lorenzo-de-tamaraceite\/","title":{"rendered":"\u00abestudio microhistorico de san lorenzo de tamaraceite\u00bb"},"content":{"rendered":"<h2>Tesis doctoral de <strong>  Santana Dominguez Juan  Francisco <\/strong><\/h2>\n<p>Este trabajo de investigaci\u00f3n parte de la hip\u00f3tesis de trabajo de por que el municipio capitalino de las palmas de gran canaria quiere anexionarse otro municipio agrario y rural. Este punto de partida nos va a permitir no s\u00f3lo dar respuesta a dicha hip\u00f3tesis sino ir conociendo al municipio de san lorenzo, que fue anexionado a las palmas de gran canaria en el a\u00f1o 1939, y a pesar de no haber pasado un largo periodo de tiempo, la poblaci\u00f3n actual desconoce de san lorenzo hasta lo m\u00e1s esencial, cual es que fue un municipio independiente.  se ir\u00e1 estudiando su marco geogr\u00e1fico, la poblaci\u00f3n, la propiedad y su economia, la administraci\u00f3n municipal, la asistencia espiritual, educaci\u00f3n y comportamiento social. Se har\u00e1 especial menci\u00f3n a la anexi\u00f3n debido a que todo el proceso de la misma se hizo de forma ilegal, y se valorara la importancia de la anexi\u00f3n de san lorenzo a las palmas de gran canaria al aportar m\u00e1s de 20.000 nuevos habitantes y a doblar la extensi\u00f3n territorial de la capital de la isla de gran canaria.<\/p>\n<p>&nbsp;<\/p>\n<h3>Datos acad\u00e9micos de la tesis doctoral \u00ab<strong>\u00abestudio microhistorico de san lorenzo de tamaraceite\u00bb<\/strong>\u00ab<\/h3>\n<ul>\n<li><strong>T\u00edtulo de la tesis:<\/strong>\u00a0 \u00abestudio microhistorico de san lorenzo de tamaraceite\u00bb <\/li>\n<li><strong>Autor:<\/strong>\u00a0  Santana Dominguez Juan  Francisco <\/li>\n<li><strong>Universidad:<\/strong>\u00a0 Nacional de educaci\u00f3n a distancia<\/li>\n<li><strong>Fecha de lectura de la tesis:<\/strong>\u00a0 02\/06\/2000<\/li>\n<\/ul>\n<p>&nbsp;<\/p>\n<h3>Direcci\u00f3n y tribunal<\/h3>\n<ul>\n<li><strong>Director de la tesis<\/strong>\n<ul>\n<li> Bethencourt Massieu Antonio  De<\/li>\n<\/ul>\n<\/li>\n<li><strong>Tribunal<\/strong>\n<ul>\n<li>Presidente del tribunal: Carlos Martinez shaw <\/li>\n<li>Francisco Fajardo spinola (vocal)<\/li>\n<li> Gomez de las heras M\u00aa soledad (vocal)<\/li>\n<li>marion Reder gadow (vocal)<\/li>\n<\/ul>\n<\/li>\n<\/ul>\n<p>&nbsp;<\/p>\n","protected":false},"excerpt":{"rendered":"<p>Tesis doctoral de Santana Dominguez Juan Francisco Este trabajo de investigaci\u00f3n parte de la hip\u00f3tesis de trabajo de por que [&hellip;]<\/p>\n","protected":false},"author":1,"featured_media":0,"comment_status":"open","ping_status":"open","sticky":false,"template":"","format":"standard","meta":{"site-sidebar-layout":"default","site-content-layout":"","ast-site-content-layout":"","site-content-style":"default","site-sidebar-style":"default","ast-global-header-display":"","ast-banner-title-visibility":"","ast-main-header-display":"","ast-hfb-above-header-display":"","ast-hfb-below-header-display":"","ast-hfb-mobile-header-display":"","site-post-title":"","ast-breadcrumbs-content":"","ast-featured-img":"","footer-sml-layout":"","theme-transparent-header-meta":"","adv-header-id-meta":"","stick-header-meta":"","header-above-stick-meta":"","header-main-stick-meta":"","header-below-stick-meta":"","astra-migrate-meta-layouts":"default","ast-page-background-enabled":"default","ast-page-background-meta":{"desktop":{"background-color":"var(--ast-global-color-4)","background-image":"","background-repeat":"repeat","background-position":"center center","background-size":"auto","background-attachment":"scroll","background-type":"","background-media":"","overlay-type":"","overlay-color":"","overlay-gradient":""},"tablet":{"background-color":"","background-image":"","background-repeat":"repeat","background-position":"center center","background-size":"auto","background-attachment":"scroll","background-type":"","background-media":"","overlay-type":"","overlay-color":"","overlay-gradient":""},"mobile":{"background-color":"","background-image":"","background-repeat":"repeat","background-position":"center center","background-size":"auto","background-attachment":"scroll","background-type":"","background-media":"","overlay-type":"","overlay-color":"","overlay-gradient":""}},"ast-content-background-meta":{"desktop":{"background-color":"var(--ast-global-color-5)","background-image":"","background-repeat":"repeat","background-position":"center center","background-size":"auto","background-attachment":"scroll","background-type":"","background-media":"","overlay-type":"","overlay-color":"","overlay-gradient":""},"tablet":{"background-color":"var(--ast-global-color-5)","background-image":"","background-repeat":"repeat","background-position":"center center","background-size":"auto","background-attachment":"scroll","background-type":"","background-media":"","overlay-type":"","overlay-color":"","overlay-gradient":""},"mobile":{"background-color":"var(--ast-global-color-5)","background-image":"","background-repeat":"repeat","background-position":"center center","background-size":"auto","background-attachment":"scroll","background-type":"","background-media":"","overlay-type":"","overlay-color":"","overlay-gradient":""}},"footnotes":""},"categories":[104,639,2224,989,220,17070],"tags":[70445,1356,16639,178974,7852,178973],"class_list":["post-84822","post","type-post","status-publish","format-standard","hentry","category-historia","category-historia-de-paises","category-historia-local","category-historia-moderna","category-historia-por-epocas","category-nacional-de-educacion-a-distancia","tag-bethencourt-massieu-antonio-de","tag-carlos-Martinez-shaw","tag-francisco-fajardo-spinola","tag-gomez-de-las-heras-ma-soledad","tag-marion-reder-gadow","tag-santana-dominguez-juan-francisco"],"_links":{"self":[{"href":"https:\/\/www.deberes.net\/tesis\/wp-json\/wp\/v2\/posts\/84822","targetHints":{"allow":["GET"]}}],"collection":[{"href":"https:\/\/www.deberes.net\/tesis\/wp-json\/wp\/v2\/posts"}],"about":[{"href":"https:\/\/www.deberes.net\/tesis\/wp-json\/wp\/v2\/types\/post"}],"author":[{"embeddable":true,"href":"https:\/\/www.deberes.net\/tesis\/wp-json\/wp\/v2\/users\/1"}],"replies":[{"embeddable":true,"href":"https:\/\/www.deberes.net\/tesis\/wp-json\/wp\/v2\/comments?post=84822"}],"version-history":[{"count":0,"href":"https:\/\/www.deberes.net\/tesis\/wp-json\/wp\/v2\/posts\/84822\/revisions"}],"wp:attachment":[{"href":"https:\/\/www.deberes.net\/tesis\/wp-json\/wp\/v2\/media?parent=84822"}],"wp:term":[{"taxonomy":"category","embeddable":true,"href":"https:\/\/www.deberes.net\/tesis\/wp-json\/wp\/v2\/categories?post=84822"},{"taxonomy":"post_tag","embeddable":true,"href":"https:\/\/www.deberes.net\/tesis\/wp-json\/wp\/v2\/tags?post=84822"}],"curies":[{"name":"wp","href":"https:\/\/api.w.org\/{rel}","templated":true}]}}