{"id":84837,"date":"2000-05-06T00:00:00","date_gmt":"2000-05-06T00:00:00","guid":{"rendered":"https:\/\/www.deberes.net\/tesis\/sin-categoria\/la-filosofia-de-la-matematica-de-kant-basada-en-el-numero-como-esquema\/"},"modified":"2000-05-06T00:00:00","modified_gmt":"2000-05-06T00:00:00","slug":"la-filosofia-de-la-matematica-de-kant-basada-en-el-numero-como-esquema","status":"publish","type":"post","link":"https:\/\/www.deberes.net\/tesis\/filosofia\/la-filosofia-de-la-matematica-de-kant-basada-en-el-numero-como-esquema\/","title":{"rendered":"La filosofia de la matematica de kant basada en el numero como esquema"},"content":{"rendered":"<h2>Tesis doctoral de <strong> Enrique Gomez Caffarena <\/strong><\/h2>\n<p>Si se admite -al menos como fundadamente plausible-la hip\u00f3tesis de anacrismo(y consiguiente \u00abacriticismo\u00bb) del contenido de los metaphysische anfangsgunde der naturwissenschaft, publicados en 1786, la concepci\u00f3n kantiana de la matem\u00e1tica queda depurada de todo elemento emp\u00edrico y debidamente fundamentada en el esquematismo de los conceptos y en la s\u00edntesis de las formas puras a priori de la intuici\u00f3n, tiempo y espacio.  de esta manera, la filosofia de la matematica de kant, interpretada desde la \u00abdin\u00e1mica\u00bb del idealismo trascendental-realismo emp\u00edrico, no s\u00f3lo es perfectamente compatible con los modelos no euc\u00eddeos de la geometr\u00eda, sino que, al radicar en toda posible experiencia desde los propios l\u00edmites condicionantes de cualquiera experiencia, es una filosofia integra e integradoramente realista que responde, de forma un\u00edvoca y congruente,a los grandes problemas gnoseol\u00f3gicos de la matem\u00e1tica: su infalibilidad y, al mismo tiempo, su aplicabilidad a toda realidad fenom\u00e9nica y a toda ciencia que estudie esa realidad.<\/p>\n<p>&nbsp;<\/p>\n<h3>Datos acad\u00e9micos de la tesis doctoral \u00ab<strong>La filosofia de la matematica de kant basada en el numero como esquema<\/strong>\u00ab<\/h3>\n<ul>\n<li><strong>T\u00edtulo de la tesis:<\/strong>\u00a0 La filosofia de la matematica de kant basada en el numero como esquema <\/li>\n<li><strong>Autor:<\/strong>\u00a0 Enrique Gomez Caffarena <\/li>\n<li><strong>Universidad:<\/strong>\u00a0 Complutense de Madrid<\/li>\n<li><strong>Fecha de lectura de la tesis:<\/strong>\u00a0 05\/06\/2000<\/li>\n<\/ul>\n<p>&nbsp;<\/p>\n<h3>Direcci\u00f3n y tribunal<\/h3>\n<ul>\n<li><strong>Director de la tesis<\/strong>\n<ul>\n<li>Quintin Racionero Carmona<\/li>\n<\/ul>\n<\/li>\n<li><strong>Tribunal<\/strong>\n<ul>\n<li>Presidente del tribunal: Juan  manuel Navarro cordon <\/li>\n<li>Juan Arana ca\u00f1edo-arg\u00ed\u00bcelles (vocal)<\/li>\n<li>Miguel Guzman ozamiz (vocal)<\/li>\n<li>jacinto Rivera de rosales chacon (vocal)<\/li>\n<\/ul>\n<\/li>\n<\/ul>\n<p>&nbsp;<\/p>\n","protected":false},"excerpt":{"rendered":"<p>Tesis doctoral de Enrique Gomez Caffarena Si se admite -al menos como fundadamente plausible-la hip\u00f3tesis de anacrismo(y consiguiente \u00abacriticismo\u00bb) del [&hellip;]<\/p>\n","protected":false},"author":1,"featured_media":0,"comment_status":"open","ping_status":"open","sticky":false,"template":"","format":"standard","meta":{"site-sidebar-layout":"default","site-content-layout":"","ast-site-content-layout":"","site-content-style":"default","site-sidebar-style":"default","ast-global-header-display":"","ast-banner-title-visibility":"","ast-main-header-display":"","ast-hfb-above-header-display":"","ast-hfb-below-header-display":"","ast-hfb-mobile-header-display":"","site-post-title":"","ast-breadcrumbs-content":"","ast-featured-img":"","footer-sml-layout":"","theme-transparent-header-meta":"","adv-header-id-meta":"","stick-header-meta":"","header-above-stick-meta":"","header-main-stick-meta":"","header-below-stick-meta":"","astra-migrate-meta-layouts":"default","ast-page-background-enabled":"default","ast-page-background-meta":{"desktop":{"background-color":"var(--ast-global-color-4)","background-image":"","background-repeat":"repeat","background-position":"center center","background-size":"auto","background-attachment":"scroll","background-type":"","background-media":"","overlay-type":"","overlay-color":"","overlay-gradient":""},"tablet":{"background-color":"","background-image":"","background-repeat":"repeat","background-position":"center center","background-size":"auto","background-attachment":"scroll","background-type":"","background-media":"","overlay-type":"","overlay-color":"","overlay-gradient":""},"mobile":{"background-color":"","background-image":"","background-repeat":"repeat","background-position":"center center","background-size":"auto","background-attachment":"scroll","background-type":"","background-media":"","overlay-type":"","overlay-color":"","overlay-gradient":""}},"ast-content-background-meta":{"desktop":{"background-color":"var(--ast-global-color-5)","background-image":"","background-repeat":"repeat","background-position":"center center","background-size":"auto","background-attachment":"scroll","background-type":"","background-media":"","overlay-type":"","overlay-color":"","overlay-gradient":""},"tablet":{"background-color":"var(--ast-global-color-5)","background-image":"","background-repeat":"repeat","background-position":"center center","background-size":"auto","background-attachment":"scroll","background-type":"","background-media":"","overlay-type":"","overlay-color":"","overlay-gradient":""},"mobile":{"background-color":"var(--ast-global-color-5)","background-image":"","background-repeat":"repeat","background-position":"center center","background-size":"auto","background-attachment":"scroll","background-type":"","background-media":"","overlay-type":"","overlay-color":"","overlay-gradient":""}},"footnotes":""},"categories":[165,1076,28482],"tags":[178989,22840,18061,5344,40109,51149],"class_list":["post-84837","post","type-post","status-publish","format-standard","hentry","category-filosofia","category-filosofia-de-la-ciencia","category-filosofia-de-las-matematicas","tag-enrique-gomez-caffarena","tag-jacinto-rivera-de-rosales-chacon","tag-juan-arana-canedo-argielles","tag-juan-manuel-navarro-cordon","tag-miguel-guzman-ozamiz","tag-quintin-racionero-carmona"],"_links":{"self":[{"href":"https:\/\/www.deberes.net\/tesis\/wp-json\/wp\/v2\/posts\/84837","targetHints":{"allow":["GET"]}}],"collection":[{"href":"https:\/\/www.deberes.net\/tesis\/wp-json\/wp\/v2\/posts"}],"about":[{"href":"https:\/\/www.deberes.net\/tesis\/wp-json\/wp\/v2\/types\/post"}],"author":[{"embeddable":true,"href":"https:\/\/www.deberes.net\/tesis\/wp-json\/wp\/v2\/users\/1"}],"replies":[{"embeddable":true,"href":"https:\/\/www.deberes.net\/tesis\/wp-json\/wp\/v2\/comments?post=84837"}],"version-history":[{"count":0,"href":"https:\/\/www.deberes.net\/tesis\/wp-json\/wp\/v2\/posts\/84837\/revisions"}],"wp:attachment":[{"href":"https:\/\/www.deberes.net\/tesis\/wp-json\/wp\/v2\/media?parent=84837"}],"wp:term":[{"taxonomy":"category","embeddable":true,"href":"https:\/\/www.deberes.net\/tesis\/wp-json\/wp\/v2\/categories?post=84837"},{"taxonomy":"post_tag","embeddable":true,"href":"https:\/\/www.deberes.net\/tesis\/wp-json\/wp\/v2\/tags?post=84837"}],"curies":[{"name":"wp","href":"https:\/\/api.w.org\/{rel}","templated":true}]}}