{"id":84864,"date":"2000-06-06T00:00:00","date_gmt":"2000-06-06T00:00:00","guid":{"rendered":"https:\/\/www.deberes.net\/tesis\/sin-categoria\/la-afectacion-del-dominio-publico-urbano-municipal\/"},"modified":"2000-06-06T00:00:00","modified_gmt":"2000-06-06T00:00:00","slug":"la-afectacion-del-dominio-publico-urbano-municipal","status":"publish","type":"post","link":"https:\/\/www.deberes.net\/tesis\/ciencias-juridicas-y-derecho\/la-afectacion-del-dominio-publico-urbano-municipal\/","title":{"rendered":"La afectacion del dominio publico urbano municipal."},"content":{"rendered":"<h2>Tesis doctoral de <strong> Antonio Lluch Corell <\/strong><\/h2>\n<p>La tesis tiene por objeto efectuar un estudio de los procedimientos que sigue la afectaci\u00f3n, las mutaciones demaniales y la desafectaci\u00f3n de los bienes de dominio de car\u00e1cter urbano y titularidad municipal.  la regulaci\u00f3n que el actual ordenamiento positivo efect\u00faa de estas cuestiones se contiene, fundamentalmente, en el art\u00edculo 8 del reglamento de bienes de las entidades locales, sin perjuicio de que la legislaci\u00f3n urban\u00edstica contenga tambi\u00e9n referencias a la afectaci\u00f3n de los terrenos destinados por el plan a dotaciones p\u00fablicas y que son objeto de procesos institucionales de gesti\u00f3n urban\u00edstica. Dicha regulaci\u00f3n es totalmente insuficiente, limit\u00e1ndose la referida disposici\u00f3n a establecer que la alteraci\u00f3n de la calificaci\u00f3n jur\u00eddica de los bienes de las entidades locales (afectaci\u00f3n o desafectaci\u00f3n) ser\u00e1 una consecuencia autom\u00e1tica de la aprobaci\u00f3n del plan urban\u00edstico. sin embargo la realidad es bastante m\u00e1s compleja y diversa, siendo preciso diferenciar, por lo que respecta a la afectaci\u00f3n, varios supuestos, seg\u00fan se trate de bienes patrimoniales o extrapatrimoniales en el momento de la aprobaci\u00f3n del plan, y seg\u00fan se lleven a cabo o no procesos de gesti\u00f3n urban\u00edstica.  por otra parte la vinculaci\u00f3n que ejerce el plan sobre el r\u00e9gimen de afectaci\u00f3n y desafectaci\u00f3n de estos bienes es diferentes, seg\u00fan se trate de bienes de uso p\u00fablico o de servicio p\u00fablico.  finalmente, en cuanto al r\u00e9gimen que sigue la desafectaci\u00f3n, \u00e9sta no se producir\u00e1 con la aprobaci\u00f3n del plan, sino que, en los bienes de uso p\u00fablico, ser\u00e1 consecuencia de la aprobaci\u00f3n del instrumento de gesti\u00f3n correspondiente, y en los de servicio p\u00fablico tendr\u00e1 car\u00e1ct\u00e9r aut\u00f3nomo respecto de la ejecuci\u00f3n del plan.<\/p>\n<p>&nbsp;<\/p>\n<h3>Datos acad\u00e9micos de la tesis doctoral \u00ab<strong>La afectacion del dominio publico urbano municipal.<\/strong>\u00ab<\/h3>\n<ul>\n<li><strong>T\u00edtulo de la tesis:<\/strong>\u00a0 La afectacion del dominio publico urbano municipal. <\/li>\n<li><strong>Autor:<\/strong>\u00a0 Antonio Lluch Corell <\/li>\n<li><strong>Universidad:<\/strong>\u00a0 Universitat de val\u00e9ncia (estudi general)<\/li>\n<li><strong>Fecha de lectura de la tesis:<\/strong>\u00a0 06\/06\/2000<\/li>\n<\/ul>\n<p>&nbsp;<\/p>\n<h3>Direcci\u00f3n y tribunal<\/h3>\n<ul>\n<li><strong>Director de la tesis<\/strong>\n<ul>\n<li> Climent Barbera Juan  Ubaldo<\/li>\n<\/ul>\n<\/li>\n<li><strong>Tribunal<\/strong>\n<ul>\n<li>Presidente del tribunal:  Boquera oliver Jos\u00e9 Mar\u00eda <\/li>\n<li>\u00e1ngel S\u00e1nchez blanco (vocal)<\/li>\n<li>Fernando Romero saura (vocal)<\/li>\n<li>Jos\u00e9 ignacio Morillo-velarde perez (vocal)<\/li>\n<\/ul>\n<\/li>\n<\/ul>\n<p>&nbsp;<\/p>\n","protected":false},"excerpt":{"rendered":"<p>Tesis doctoral de Antonio Lluch Corell La tesis tiene por objeto efectuar un estudio de los procedimientos que sigue la [&hellip;]<\/p>\n","protected":false},"author":1,"featured_media":0,"comment_status":"open","ping_status":"open","sticky":false,"template":"","format":"standard","meta":{"site-sidebar-layout":"default","site-content-layout":"","ast-site-content-layout":"","site-content-style":"default","site-sidebar-style":"default","ast-global-header-display":"","ast-banner-title-visibility":"","ast-main-header-display":"","ast-hfb-above-header-display":"","ast-hfb-below-header-display":"","ast-hfb-mobile-header-display":"","site-post-title":"","ast-breadcrumbs-content":"","ast-featured-img":"","footer-sml-layout":"","theme-transparent-header-meta":"","adv-header-id-meta":"","stick-header-meta":"","header-above-stick-meta":"","header-main-stick-meta":"","header-below-stick-meta":"","astra-migrate-meta-layouts":"default","ast-page-background-enabled":"default","ast-page-background-meta":{"desktop":{"background-color":"var(--ast-global-color-4)","background-image":"","background-repeat":"repeat","background-position":"center center","background-size":"auto","background-attachment":"scroll","background-type":"","background-media":"","overlay-type":"","overlay-color":"","overlay-gradient":""},"tablet":{"background-color":"","background-image":"","background-repeat":"repeat","background-position":"center center","background-size":"auto","background-attachment":"scroll","background-type":"","background-media":"","overlay-type":"","overlay-color":"","overlay-gradient":""},"mobile":{"background-color":"","background-image":"","background-repeat":"repeat","background-position":"center center","background-size":"auto","background-attachment":"scroll","background-type":"","background-media":"","overlay-type":"","overlay-color":"","overlay-gradient":""}},"ast-content-background-meta":{"desktop":{"background-color":"var(--ast-global-color-5)","background-image":"","background-repeat":"repeat","background-position":"center center","background-size":"auto","background-attachment":"scroll","background-type":"","background-media":"","overlay-type":"","overlay-color":"","overlay-gradient":""},"tablet":{"background-color":"var(--ast-global-color-5)","background-image":"","background-repeat":"repeat","background-position":"center center","background-size":"auto","background-attachment":"scroll","background-type":"","background-media":"","overlay-type":"","overlay-color":"","overlay-gradient":""},"mobile":{"background-color":"var(--ast-global-color-5)","background-image":"","background-repeat":"repeat","background-position":"center center","background-size":"auto","background-attachment":"scroll","background-type":"","background-media":"","overlay-type":"","overlay-color":"","overlay-gradient":""}},"footnotes":""},"categories":[612,1442,979],"tags":[18554,179032,108343,26162,39108,48614],"class_list":["post-84864","post","type-post","status-publish","format-standard","hentry","category-ciencias-juridicas-y-derecho","category-derecho-administrativo","category-derecho-y-legislacion-nacionales","tag-angel-sanchez-blanco","tag-antonio-lluch-corell","tag-boquera-oliver-jose-maria","tag-climent-barbera-juan-ubaldo","tag-fernando-romero-saura","tag-jose-ignacio-morillo-velarde-perez"],"_links":{"self":[{"href":"https:\/\/www.deberes.net\/tesis\/wp-json\/wp\/v2\/posts\/84864","targetHints":{"allow":["GET"]}}],"collection":[{"href":"https:\/\/www.deberes.net\/tesis\/wp-json\/wp\/v2\/posts"}],"about":[{"href":"https:\/\/www.deberes.net\/tesis\/wp-json\/wp\/v2\/types\/post"}],"author":[{"embeddable":true,"href":"https:\/\/www.deberes.net\/tesis\/wp-json\/wp\/v2\/users\/1"}],"replies":[{"embeddable":true,"href":"https:\/\/www.deberes.net\/tesis\/wp-json\/wp\/v2\/comments?post=84864"}],"version-history":[{"count":0,"href":"https:\/\/www.deberes.net\/tesis\/wp-json\/wp\/v2\/posts\/84864\/revisions"}],"wp:attachment":[{"href":"https:\/\/www.deberes.net\/tesis\/wp-json\/wp\/v2\/media?parent=84864"}],"wp:term":[{"taxonomy":"category","embeddable":true,"href":"https:\/\/www.deberes.net\/tesis\/wp-json\/wp\/v2\/categories?post=84864"},{"taxonomy":"post_tag","embeddable":true,"href":"https:\/\/www.deberes.net\/tesis\/wp-json\/wp\/v2\/tags?post=84864"}],"curies":[{"name":"wp","href":"https:\/\/api.w.org\/{rel}","templated":true}]}}