{"id":8488,"date":"1995-01-01T00:00:00","date_gmt":"1995-01-01T00:00:00","guid":{"rendered":"https:\/\/www.deberes.net\/tesis\/1995\/01\/01\/lugares-peligrosos-psicologia-ambiental-y-miedo-al-delito\/"},"modified":"1995-01-01T00:00:00","modified_gmt":"1995-01-01T00:00:00","slug":"lugares-peligrosos-psicologia-ambiental-y-miedo-al-delito","status":"publish","type":"post","link":"https:\/\/www.deberes.net\/tesis\/sociologia\/lugares-peligrosos-psicologia-ambiental-y-miedo-al-delito\/","title":{"rendered":"Lugares peligrosos. psicolog\u00eda ambiental y miedo al delito."},"content":{"rendered":"<h2>Tesis doctoral de <strong> Baltasar Fern\u00e1ndez Ram\u00edrez <\/strong><\/h2>\n<p>Se realiza una investigacion sobre las relaciones entre el espacio urbano residencial y la existencia de sentimientos de miedo al delito. La revision teorica describe el interes de las ciencias sociales por el estudio urbano, desde los aspectos macrosociales y de nivel residencial, a los aspectos puramente microespaciales. Se define un modelo psicosocioambiental de \u00ablugares peligrosos\u00bb, entendidos como aquellos en que el individuo siente miedo ante la posibilidad de convertirse en victima de un delito. Se presentan dos estudios. Un cuestionario que interroga sobre situaciones de miedo al delito reales, con objetivo de validar el modelo y desarrollar una tipolog\u00eda de lugares peligrosos urbanos. El 2 es una aplicacion de los aspectos del dise\u00f1o urbano en la prediccion de lugares peligrosos, escogiendo el campus de cantoblanco como marco de estudio. Los resultados se refieren a las relaciones entre los diversos bloques de aspectos relacionados con el miedo al delito, asi como los aspectos sociofisicos que caracterizan a los lugares peligrosos.  palabras clave: psicolog\u00eda ambiental, miedo al delito, lugares peligrosos.<\/p>\n<p>&nbsp;<\/p>\n<h3>Datos acad\u00e9micos de la tesis doctoral \u00ab<strong>Lugares peligrosos. psicolog\u00eda ambiental y miedo al delito.<\/strong>\u00ab<\/h3>\n<ul>\n<li><strong>T\u00edtulo de la tesis:<\/strong>\u00a0 Lugares peligrosos. psicolog\u00eda ambiental y miedo al delito. <\/li>\n<li><strong>Autor:<\/strong>\u00a0 Baltasar Fern\u00e1ndez Ram\u00edrez <\/li>\n<li><strong>Universidad:<\/strong>\u00a0 Aut\u00f3noma de Madrid<\/li>\n<li><strong>Fecha de lectura de la tesis:<\/strong>\u00a0 01\/01\/1995<\/li>\n<\/ul>\n<p>&nbsp;<\/p>\n<h3>Direcci\u00f3n y tribunal<\/h3>\n<ul>\n<li><strong>Director de la tesis<\/strong>\n<ul>\n<li>Jos\u00e9 Antonio Corraliza Rodriguez<\/li>\n<\/ul>\n<\/li>\n<li><strong>Tribunal<\/strong>\n<ul>\n<li>Presidente del tribunal: Amalio Blanco Abarca <\/li>\n<li>Juan  Ignacio Aragon\u00e9s Tapia (vocal)<\/li>\n<li>Bernardo Hernandez Ruiz (vocal)<\/li>\n<li>Enric Pol Urrutia (vocal)<\/li>\n<\/ul>\n<\/li>\n<\/ul>\n<p>&nbsp;<\/p>\n","protected":false},"excerpt":{"rendered":"<p>Tesis doctoral de Baltasar Fern\u00e1ndez Ram\u00edrez Se realiza una investigacion sobre las relaciones entre el espacio urbano residencial y la [&hellip;]<\/p>\n","protected":false},"author":1,"featured_media":0,"comment_status":"open","ping_status":"open","sticky":false,"template":"","format":"standard","meta":{"site-sidebar-layout":"default","site-content-layout":"","ast-site-content-layout":"","site-content-style":"default","site-sidebar-style":"default","ast-global-header-display":"","ast-banner-title-visibility":"","ast-main-header-display":"","ast-hfb-above-header-display":"","ast-hfb-below-header-display":"","ast-hfb-mobile-header-display":"","site-post-title":"","ast-breadcrumbs-content":"","ast-featured-img":"","footer-sml-layout":"","theme-transparent-header-meta":"","adv-header-id-meta":"","stick-header-meta":"","header-above-stick-meta":"","header-main-stick-meta":"","header-below-stick-meta":"","astra-migrate-meta-layouts":"default","ast-page-background-enabled":"default","ast-page-background-meta":{"desktop":{"background-color":"var(--ast-global-color-4)","background-image":"","background-repeat":"repeat","background-position":"center center","background-size":"auto","background-attachment":"scroll","background-type":"","background-media":"","overlay-type":"","overlay-color":"","overlay-gradient":""},"tablet":{"background-color":"","background-image":"","background-repeat":"repeat","background-position":"center center","background-size":"auto","background-attachment":"scroll","background-type":"","background-media":"","overlay-type":"","overlay-color":"","overlay-gradient":""},"mobile":{"background-color":"","background-image":"","background-repeat":"repeat","background-position":"center center","background-size":"auto","background-attachment":"scroll","background-type":"","background-media":"","overlay-type":"","overlay-color":"","overlay-gradient":""}},"ast-content-background-meta":{"desktop":{"background-color":"var(--ast-global-color-5)","background-image":"","background-repeat":"repeat","background-position":"center center","background-size":"auto","background-attachment":"scroll","background-type":"","background-media":"","overlay-type":"","overlay-color":"","overlay-gradient":""},"tablet":{"background-color":"var(--ast-global-color-5)","background-image":"","background-repeat":"repeat","background-position":"center center","background-size":"auto","background-attachment":"scroll","background-type":"","background-media":"","overlay-type":"","overlay-color":"","overlay-gradient":""},"mobile":{"background-color":"var(--ast-global-color-5)","background-image":"","background-repeat":"repeat","background-position":"center center","background-size":"auto","background-attachment":"scroll","background-type":"","background-media":"","overlay-type":"","overlay-color":"","overlay-gradient":""}},"footnotes":""},"categories":[7757,1294,1295,324,996,269],"tags":[7128,29754,24663,26238,7231,7229],"class_list":["post-8488","post","type-post","status-publish","format-standard","hentry","category-actitudes-sociales","category-delincuencia","category-problemas-y-conflictos-sociales","category-psicologia","category-psicologia-social","category-sociologia","tag-amalio-blanco-abarca","tag-baltasar-fernandez-ramirez","tag-bernardo-hernandez-ruiz","tag-enric-pol-urrutia","tag-jose-antonio-corraliza-rodriguez","tag-juan-ignacio-aragones-tapia"],"_links":{"self":[{"href":"https:\/\/www.deberes.net\/tesis\/wp-json\/wp\/v2\/posts\/8488","targetHints":{"allow":["GET"]}}],"collection":[{"href":"https:\/\/www.deberes.net\/tesis\/wp-json\/wp\/v2\/posts"}],"about":[{"href":"https:\/\/www.deberes.net\/tesis\/wp-json\/wp\/v2\/types\/post"}],"author":[{"embeddable":true,"href":"https:\/\/www.deberes.net\/tesis\/wp-json\/wp\/v2\/users\/1"}],"replies":[{"embeddable":true,"href":"https:\/\/www.deberes.net\/tesis\/wp-json\/wp\/v2\/comments?post=8488"}],"version-history":[{"count":0,"href":"https:\/\/www.deberes.net\/tesis\/wp-json\/wp\/v2\/posts\/8488\/revisions"}],"wp:attachment":[{"href":"https:\/\/www.deberes.net\/tesis\/wp-json\/wp\/v2\/media?parent=8488"}],"wp:term":[{"taxonomy":"category","embeddable":true,"href":"https:\/\/www.deberes.net\/tesis\/wp-json\/wp\/v2\/categories?post=8488"},{"taxonomy":"post_tag","embeddable":true,"href":"https:\/\/www.deberes.net\/tesis\/wp-json\/wp\/v2\/tags?post=8488"}],"curies":[{"name":"wp","href":"https:\/\/api.w.org\/{rel}","templated":true}]}}