{"id":84895,"date":"2000-08-06T00:00:00","date_gmt":"2000-08-06T00:00:00","guid":{"rendered":"https:\/\/www.deberes.net\/tesis\/sin-categoria\/la-imposicion-societaria-y-el-principio-de-la-competencia-efectiva-del-mercado-en-la-comunidad-europea-la-propuesta-de-coordinacion-fiscal\/"},"modified":"2000-08-06T00:00:00","modified_gmt":"2000-08-06T00:00:00","slug":"la-imposicion-societaria-y-el-principio-de-la-competencia-efectiva-del-mercado-en-la-comunidad-europea-la-propuesta-de-coordinacion-fiscal","status":"publish","type":"post","link":"https:\/\/www.deberes.net\/tesis\/ciencias-economicas\/la-imposicion-societaria-y-el-principio-de-la-competencia-efectiva-del-mercado-en-la-comunidad-europea-la-propuesta-de-coordinacion-fiscal\/","title":{"rendered":"\u00abla imposici\u00f3n societaria y el principio de la competencia efectiva del mercado en la comunidad europea. la propuesta de coordinaci\u00f3n fiscal\u00bb."},"content":{"rendered":"<h2>Tesis doctoral de <strong>  Albillos Fernandez M. Luisa <\/strong><\/h2>\n<p>En esta tesis se estudia el cambio fundamental en el tratamiento institucional de la imposici\u00f3n societaria de los estados miembros en la comunidad europea, que significa la aprobacion del \u00abcodigo de conducta sobre la fiscalidad de las empresas\u00bb(ecofin,1 de diciembre 1997). Con esta adopci\u00f3n de la coordinacion fiscal entre las instituciones europeas y los estados miembros, caracterizada por una estricta naturaleza politica e inspirada en la diversidad fiscal vigentes, se instrumenta la necesaria respuesta institucional las distorsiones fiscales en el mercado interior, consecuencia previsible del fracaso de la armonizaci\u00f3n fiscal y unico efecto econ\u00f3mico contrario a las exigencias de la integraci\u00f3n que justifica el calificativo de \u00abcompetencia fiscal desleal\u00bb. La coordinaci\u00f3n fiscal europea se defiende por su capacidad para conjugar los intereses contrapuestos que representan, por una parte, el interes comun y general de una neutralidad tributaria de dimensi\u00f3n comunitaria y, por otra, los leg\u00edtimos intereses particulares de cada uno de los estados miembros en el ejercicio de su soberan\u00eda fiscal, que garantiza la subsidiaredad tributaria. En su concepci\u00f3n como una pol\u00edtica de regulaci\u00f3n econ\u00f3mica, esta coordinaci\u00f3n permite eliminar las deslocalizaciones de las inversiones exteriores directas intracomunitarias de las empresas europeas, que significan la sustituci\u00f3n del principio fundamental de la competencia efectiva del mercado por la competencia fiscal en el funcionamiento del mercado interior y que, como refleja la contrastaci\u00f3n emp\u00edrica, aparecen intrinsecamente ligadas a la aproximaci\u00f3n competitiva fiscal en el funcionamiento del mercado interior y que, como refleja la contrastaci\u00f3n emp\u00edrica, aparecen intrinsecamente ligadas a la aproximaci\u00f3n competitiva de las regulaciones fiscales de los ultimos a\u00f1os. Esta coordinaci\u00f3n fiscal constituye un instrumento m\u00e1s de la pol\u00edtica econ\u00f3mica de la comunidad que en su aplicac<\/p>\n<p>&nbsp;<\/p>\n<h3>Datos acad\u00e9micos de la tesis doctoral \u00ab<strong>\u00abla imposici\u00f3n societaria y el principio de la competencia efectiva del mercado en la comunidad europea. la propuesta de coordinaci\u00f3n fiscal\u00bb.<\/strong>\u00ab<\/h3>\n<ul>\n<li><strong>T\u00edtulo de la tesis:<\/strong>\u00a0 \u00abla imposici\u00f3n societaria y el principio de la competencia efectiva del mercado en la comunidad europea. la propuesta de coordinaci\u00f3n fiscal\u00bb. <\/li>\n<li><strong>Autor:<\/strong>\u00a0  Albillos Fernandez M. Luisa <\/li>\n<li><strong>Universidad:<\/strong>\u00a0 Valladolid<\/li>\n<li><strong>Fecha de lectura de la tesis:<\/strong>\u00a0 08\/06\/2000<\/li>\n<\/ul>\n<p>&nbsp;<\/p>\n<h3>Direcci\u00f3n y tribunal<\/h3>\n<ul>\n<li><strong>Director de la tesis<\/strong>\n<ul>\n<li>Avelino Garcia Villarejo<\/li>\n<\/ul>\n<\/li>\n<li><strong>Tribunal<\/strong>\n<ul>\n<li>Presidente del tribunal: Jos\u00e9 tom\u00e1s Raga gil <\/li>\n<li> Salinas sanchez f. Javier (vocal)<\/li>\n<li>Emilio Albi iba\u00f1ez (vocal)<\/li>\n<li> Guirola lopez Jos\u00e9 Manuel (vocal)<\/li>\n<\/ul>\n<\/li>\n<\/ul>\n<p>&nbsp;<\/p>\n","protected":false},"excerpt":{"rendered":"<p>Tesis doctoral de Albillos Fernandez M. Luisa En esta tesis se estudia el cambio fundamental en el tratamiento institucional de [&hellip;]<\/p>\n","protected":false},"author":1,"featured_media":0,"comment_status":"open","ping_status":"open","sticky":false,"template":"","format":"standard","meta":{"site-sidebar-layout":"default","site-content-layout":"","ast-site-content-layout":"","site-content-style":"default","site-sidebar-style":"default","ast-global-header-display":"","ast-banner-title-visibility":"","ast-main-header-display":"","ast-hfb-above-header-display":"","ast-hfb-below-header-display":"","ast-hfb-mobile-header-display":"","site-post-title":"","ast-breadcrumbs-content":"","ast-featured-img":"","footer-sml-layout":"","theme-transparent-header-meta":"","adv-header-id-meta":"","stick-header-meta":"","header-above-stick-meta":"","header-main-stick-meta":"","header-below-stick-meta":"","astra-migrate-meta-layouts":"default","ast-page-background-enabled":"default","ast-page-background-meta":{"desktop":{"background-color":"var(--ast-global-color-4)","background-image":"","background-repeat":"repeat","background-position":"center center","background-size":"auto","background-attachment":"scroll","background-type":"","background-media":"","overlay-type":"","overlay-color":"","overlay-gradient":""},"tablet":{"background-color":"","background-image":"","background-repeat":"repeat","background-position":"center center","background-size":"auto","background-attachment":"scroll","background-type":"","background-media":"","overlay-type":"","overlay-color":"","overlay-gradient":""},"mobile":{"background-color":"","background-image":"","background-repeat":"repeat","background-position":"center center","background-size":"auto","background-attachment":"scroll","background-type":"","background-media":"","overlay-type":"","overlay-color":"","overlay-gradient":""}},"ast-content-background-meta":{"desktop":{"background-color":"var(--ast-global-color-5)","background-image":"","background-repeat":"repeat","background-position":"center center","background-size":"auto","background-attachment":"scroll","background-type":"","background-media":"","overlay-type":"","overlay-color":"","overlay-gradient":""},"tablet":{"background-color":"var(--ast-global-color-5)","background-image":"","background-repeat":"repeat","background-position":"center center","background-size":"auto","background-attachment":"scroll","background-type":"","background-media":"","overlay-type":"","overlay-color":"","overlay-gradient":""},"mobile":{"background-color":"var(--ast-global-color-5)","background-image":"","background-repeat":"repeat","background-position":"center center","background-size":"auto","background-attachment":"scroll","background-type":"","background-media":"","overlay-type":"","overlay-color":"","overlay-gradient":""}},"footnotes":""},"categories":[82,612,797,979,83,910,13381,15475,2825,12451],"tags":[179077,57322,6840,6933,9861,179078],"class_list":["post-84895","post","type-post","status-publish","format-standard","hentry","category-ciencias-economicas","category-ciencias-juridicas-y-derecho","category-derecho-fiscal","category-derecho-y-legislacion-nacionales","category-economia-del-area-europea","category-economia-internacional","category-integracion-economica","category-inversion-exterior","category-organizacion-industrial-y-sector-publico","category-valladolid","tag-albillos-fernandez-m-luisa","tag-avelino-garcia-villarejo","tag-emilio-albi-ibanez","tag-guirola-lopez-jose-manuel","tag-jose-tomas-raga-gil","tag-salinas-sanchez-f-javier"],"_links":{"self":[{"href":"https:\/\/www.deberes.net\/tesis\/wp-json\/wp\/v2\/posts\/84895","targetHints":{"allow":["GET"]}}],"collection":[{"href":"https:\/\/www.deberes.net\/tesis\/wp-json\/wp\/v2\/posts"}],"about":[{"href":"https:\/\/www.deberes.net\/tesis\/wp-json\/wp\/v2\/types\/post"}],"author":[{"embeddable":true,"href":"https:\/\/www.deberes.net\/tesis\/wp-json\/wp\/v2\/users\/1"}],"replies":[{"embeddable":true,"href":"https:\/\/www.deberes.net\/tesis\/wp-json\/wp\/v2\/comments?post=84895"}],"version-history":[{"count":0,"href":"https:\/\/www.deberes.net\/tesis\/wp-json\/wp\/v2\/posts\/84895\/revisions"}],"wp:attachment":[{"href":"https:\/\/www.deberes.net\/tesis\/wp-json\/wp\/v2\/media?parent=84895"}],"wp:term":[{"taxonomy":"category","embeddable":true,"href":"https:\/\/www.deberes.net\/tesis\/wp-json\/wp\/v2\/categories?post=84895"},{"taxonomy":"post_tag","embeddable":true,"href":"https:\/\/www.deberes.net\/tesis\/wp-json\/wp\/v2\/tags?post=84895"}],"curies":[{"name":"wp","href":"https:\/\/api.w.org\/{rel}","templated":true}]}}