{"id":84906,"date":"2000-08-06T00:00:00","date_gmt":"2000-08-06T00:00:00","guid":{"rendered":"https:\/\/www.deberes.net\/tesis\/sin-categoria\/responsabilidad-extracontractual-de-la-administracion-relacion-de-causalidad-e-imputacion-del-dano\/"},"modified":"2000-08-06T00:00:00","modified_gmt":"2000-08-06T00:00:00","slug":"responsabilidad-extracontractual-de-la-administracion-relacion-de-causalidad-e-imputacion-del-dano","status":"publish","type":"post","link":"https:\/\/www.deberes.net\/tesis\/ciencias-juridicas-y-derecho\/responsabilidad-extracontractual-de-la-administracion-relacion-de-causalidad-e-imputacion-del-dano\/","title":{"rendered":"Responsabilidad extracontractual de la administraci\u00f3n: relaci\u00f3n de causalidad e imputacion del da\u00f1o"},"content":{"rendered":"<h2>Tesis doctoral de <strong> Cesar Gonzalez Ramos <\/strong><\/h2>\n<p>Se analiza la instituci\u00f3n de responsabilidad as\u00ed como su riqueza tipol\u00f3gica y en su gen\u00e9rico \u00e1mbito de aplicaci\u00f3n. Se define como aquel por el que se impone a un sujeto la obligaci\u00f3n de reparar el da\u00f1o causado sin que esta obligaci\u00f3n derive de la existencia de una relaci\u00f3n jur\u00eddica obligacional previa que pueda existir entre el agente causal y la victima del da\u00f1o.  se hace un repaso hist\u00f3rico en el que se delinea la responsabilidad extracontractual de la administraci\u00f3n por el derecho publico espa\u00f1ol del s. Xix; la validez de la culpa como criterio de imputaci\u00f3n de da\u00f1os a la organizaci\u00f3n impersonal administrativa y una referencia comparativa al derecho publico frances.  tambien se analizan los elementos arquet\u00edpicos del articulo 121 lef, fundamentalmente entorno al concepto de \u00abla lesi\u00f3n juridica\u00bb para estudiar a continuaci\u00f3n la relaci\u00f3n de causalidad.<\/p>\n<p>&nbsp;<\/p>\n<h3>Datos acad\u00e9micos de la tesis doctoral \u00ab<strong>Responsabilidad extracontractual de la administraci\u00f3n: relaci\u00f3n de causalidad e imputacion del da\u00f1o<\/strong>\u00ab<\/h3>\n<ul>\n<li><strong>T\u00edtulo de la tesis:<\/strong>\u00a0 Responsabilidad extracontractual de la administraci\u00f3n: relaci\u00f3n de causalidad e imputacion del da\u00f1o <\/li>\n<li><strong>Autor:<\/strong>\u00a0 Cesar Gonzalez Ramos <\/li>\n<li><strong>Universidad:<\/strong>\u00a0 Carlos III de Madrid<\/li>\n<li><strong>Fecha de lectura de la tesis:<\/strong>\u00a0 08\/06\/2000<\/li>\n<\/ul>\n<p>&nbsp;<\/p>\n<h3>Direcci\u00f3n y tribunal<\/h3>\n<ul>\n<li><strong>Director de la tesis<\/strong>\n<ul>\n<li> Parejo Alfonso Luciano J.<\/li>\n<\/ul>\n<\/li>\n<li><strong>Tribunal<\/strong>\n<ul>\n<li>Presidente del tribunal: tom\u00e1s De la quadra-salcedo fern\u00e1ndez del castillo <\/li>\n<li>Fernando Sainz moreno (vocal)<\/li>\n<li>Jes\u00fas Leguina villa (vocal)<\/li>\n<li>Manuel Rebollo puig (vocal)<\/li>\n<\/ul>\n<\/li>\n<\/ul>\n<p>&nbsp;<\/p>\n","protected":false},"excerpt":{"rendered":"<p>Tesis doctoral de Cesar Gonzalez Ramos Se analiza la instituci\u00f3n de responsabilidad as\u00ed como su riqueza tipol\u00f3gica y en su [&hellip;]<\/p>\n","protected":false},"author":1,"featured_media":0,"comment_status":"open","ping_status":"open","sticky":false,"template":"","format":"standard","meta":{"site-sidebar-layout":"default","site-content-layout":"","ast-site-content-layout":"","site-content-style":"default","site-sidebar-style":"default","ast-global-header-display":"","ast-banner-title-visibility":"","ast-main-header-display":"","ast-hfb-above-header-display":"","ast-hfb-below-header-display":"","ast-hfb-mobile-header-display":"","site-post-title":"","ast-breadcrumbs-content":"","ast-featured-img":"","footer-sml-layout":"","theme-transparent-header-meta":"","adv-header-id-meta":"","stick-header-meta":"","header-above-stick-meta":"","header-main-stick-meta":"","header-below-stick-meta":"","astra-migrate-meta-layouts":"default","ast-page-background-enabled":"default","ast-page-background-meta":{"desktop":{"background-color":"var(--ast-global-color-4)","background-image":"","background-repeat":"repeat","background-position":"center center","background-size":"auto","background-attachment":"scroll","background-type":"","background-media":"","overlay-type":"","overlay-color":"","overlay-gradient":""},"tablet":{"background-color":"","background-image":"","background-repeat":"repeat","background-position":"center center","background-size":"auto","background-attachment":"scroll","background-type":"","background-media":"","overlay-type":"","overlay-color":"","overlay-gradient":""},"mobile":{"background-color":"","background-image":"","background-repeat":"repeat","background-position":"center center","background-size":"auto","background-attachment":"scroll","background-type":"","background-media":"","overlay-type":"","overlay-color":"","overlay-gradient":""}},"ast-content-background-meta":{"desktop":{"background-color":"var(--ast-global-color-5)","background-image":"","background-repeat":"repeat","background-position":"center center","background-size":"auto","background-attachment":"scroll","background-type":"","background-media":"","overlay-type":"","overlay-color":"","overlay-gradient":""},"tablet":{"background-color":"var(--ast-global-color-5)","background-image":"","background-repeat":"repeat","background-position":"center center","background-size":"auto","background-attachment":"scroll","background-type":"","background-media":"","overlay-type":"","overlay-color":"","overlay-gradient":""},"mobile":{"background-color":"var(--ast-global-color-5)","background-image":"","background-repeat":"repeat","background-position":"center center","background-size":"auto","background-attachment":"scroll","background-type":"","background-media":"","overlay-type":"","overlay-color":"","overlay-gradient":""}},"footnotes":""},"categories":[18550,612,1442,979],"tags":[179091,7137,15541,2176,18454,37574],"class_list":["post-84906","post","type-post","status-publish","format-standard","hentry","category-carlos-iii-de-madrid","category-ciencias-juridicas-y-derecho","category-derecho-administrativo","category-derecho-y-legislacion-nacionales","tag-cesar-gonzalez-ramos","tag-fernando-sainz-moreno","tag-jesus-leguina-villa","tag-manuel-rebollo-puig","tag-parejo-alfonso-luciano-j","tag-tomas-de-la-quadra-salcedo-fernandez-del-castillo"],"_links":{"self":[{"href":"https:\/\/www.deberes.net\/tesis\/wp-json\/wp\/v2\/posts\/84906","targetHints":{"allow":["GET"]}}],"collection":[{"href":"https:\/\/www.deberes.net\/tesis\/wp-json\/wp\/v2\/posts"}],"about":[{"href":"https:\/\/www.deberes.net\/tesis\/wp-json\/wp\/v2\/types\/post"}],"author":[{"embeddable":true,"href":"https:\/\/www.deberes.net\/tesis\/wp-json\/wp\/v2\/users\/1"}],"replies":[{"embeddable":true,"href":"https:\/\/www.deberes.net\/tesis\/wp-json\/wp\/v2\/comments?post=84906"}],"version-history":[{"count":0,"href":"https:\/\/www.deberes.net\/tesis\/wp-json\/wp\/v2\/posts\/84906\/revisions"}],"wp:attachment":[{"href":"https:\/\/www.deberes.net\/tesis\/wp-json\/wp\/v2\/media?parent=84906"}],"wp:term":[{"taxonomy":"category","embeddable":true,"href":"https:\/\/www.deberes.net\/tesis\/wp-json\/wp\/v2\/categories?post=84906"},{"taxonomy":"post_tag","embeddable":true,"href":"https:\/\/www.deberes.net\/tesis\/wp-json\/wp\/v2\/tags?post=84906"}],"curies":[{"name":"wp","href":"https:\/\/api.w.org\/{rel}","templated":true}]}}