{"id":84983,"date":"2018-03-10T00:09:21","date_gmt":"2018-03-10T00:09:21","guid":{"rendered":"https:\/\/www.deberes.net\/tesis\/sin-categoria\/estudio-sobre-depresion-en-la-adolescencia-en-centros-de-atencion-primaria-utilizando-la-metodologia-tetradimensional\/"},"modified":"2018-03-10T00:09:21","modified_gmt":"2018-03-10T00:09:21","slug":"estudio-sobre-depresion-en-la-adolescencia-en-centros-de-atencion-primaria-utilizando-la-metodologia-tetradimensional","status":"publish","type":"post","link":"https:\/\/www.deberes.net\/tesis\/ciencias-medicas\/estudio-sobre-depresion-en-la-adolescencia-en-centros-de-atencion-primaria-utilizando-la-metodologia-tetradimensional\/","title":{"rendered":"Estudio sobre depresion en la adolescencia en centros de atencion primaria, utilizando la metodolog\u00eda tetradimensional."},"content":{"rendered":"<h2>Tesis doctoral de <strong>  Santos Palazzo Lilian Dos <\/strong><\/h2>\n<p>La adolescencia es un per\u00edodo de la vida en el que ocurren cambios improtantes a nivel corporal,ps\u00edquico e intelectual, lo que propicia la instalaci\u00f3n de cuadros depresivos que muchas veces no son diagnosticados y tratados en atenci\u00f3n primaria.  objetivos:  1- estudiar la tasa de depresi\u00f3n entre las quejas que motivan la b\u00fasqueda de atenci\u00f3n.  2- estudiar la relaci\u00f3n entre el diagn\u00f3stico, el tratamiento y la presencia de depresi\u00f3n.  3- conocer el perfil psicosocial de los j\u00f3venes.  4- estudiar determinados factores sociales y la relaci\u00f3n con la depresi\u00f3n.  metdolog\u00eda:  estudio descriptivo utilizando el cuestionario estructural para la depresi\u00f3n (cet-de) y una entrevista semiestructurada. Muestra = 463 adolescentes conedad entre 13 y 19 a\u00f1os que consultaron con m\u00e9dicos cl\u00ednicos endiez centros de atenci\u00f3n primaria de una comunidad brasile\u00f1a.  conclusiones:  1- la preValencia de depresi\u00f3n en los j\u00f3venes es elevada (31\/)  2- el tipo cl\u00ednico preponderante es el unidimensional y la dimensi\u00f3n m\u00e1s afectada es la ritmopat\u00eda.  3- alto \u00edndice de falsos diagn\u00f3sticos negativos para la depresi\u00f3n.  4- m\u00e1s quejas vinculadas a la sexualidad y menos al \u00e1mbito psicosocial.  5- asociaci\u00f3n entre depresi\u00f3n e idia sucidida.  6- cuanto m\u00e1s situaciones de p\u00e9rdida, sobrecarga, aislamiento y desarraigo viven los adolescentes m\u00e1s proprensi\u00f3n a la depresi\u00f3n presentan.<\/p>\n<p>&nbsp;<\/p>\n<h3>Datos acad\u00e9micos de la tesis doctoral \u00ab<strong>Estudio sobre depresion en la adolescencia en centros de atencion primaria, utilizando la metodolog\u00eda tetradimensional.<\/strong>\u00ab<\/h3>\n<ul>\n<li><strong>T\u00edtulo de la tesis:<\/strong>\u00a0 Estudio sobre depresion en la adolescencia en centros de atencion primaria, utilizando la metodolog\u00eda tetradimensional. <\/li>\n<li><strong>Autor:<\/strong>\u00a0  Santos Palazzo Lilian Dos <\/li>\n<li><strong>Universidad:<\/strong>\u00a0 Complutense de Madrid<\/li>\n<li><strong>Fecha de lectura de la tesis:<\/strong>\u00a0 13\/06\/2000<\/li>\n<\/ul>\n<p>&nbsp;<\/p>\n<h3>Direcci\u00f3n y tribunal<\/h3>\n<ul>\n<li><strong>Director de la tesis<\/strong>\n<ul>\n<li>Francisco Alonso Fernandez<\/li>\n<\/ul>\n<\/li>\n<li><strong>Tribunal<\/strong>\n<ul>\n<li>Presidente del tribunal: alfredo Calcedo ordo\u00f1ez <\/li>\n<li>Jos\u00e9 Manuel Gonz\u00e1lez infante (vocal)<\/li>\n<li> Poveda de agustin Jos\u00e9 Mar\u00eda (vocal)<\/li>\n<li>gregorio G\u00f3mez-jarabo Garc\u00eda (vocal)<\/li>\n<\/ul>\n<\/li>\n<\/ul>\n<p>&nbsp;<\/p>\n","protected":false},"excerpt":{"rendered":"<p>Tesis doctoral de Santos Palazzo Lilian Dos La adolescencia es un per\u00edodo de la vida en el que ocurren cambios [&hellip;]<\/p>\n","protected":false},"author":1,"featured_media":0,"comment_status":"open","ping_status":"open","sticky":false,"template":"","format":"standard","meta":{"site-sidebar-layout":"default","site-content-layout":"","ast-site-content-layout":"","site-content-style":"default","site-sidebar-style":"default","ast-global-header-display":"","ast-banner-title-visibility":"","ast-main-header-display":"","ast-hfb-above-header-display":"","ast-hfb-below-header-display":"","ast-hfb-mobile-header-display":"","site-post-title":"","ast-breadcrumbs-content":"","ast-featured-img":"","footer-sml-layout":"","theme-transparent-header-meta":"","adv-header-id-meta":"","stick-header-meta":"","header-above-stick-meta":"","header-main-stick-meta":"","header-below-stick-meta":"","astra-migrate-meta-layouts":"default","ast-page-background-enabled":"default","ast-page-background-meta":{"desktop":{"background-color":"var(--ast-global-color-4)","background-image":"","background-repeat":"repeat","background-position":"center center","background-size":"auto","background-attachment":"scroll","background-type":"","background-media":"","overlay-type":"","overlay-color":"","overlay-gradient":""},"tablet":{"background-color":"","background-image":"","background-repeat":"repeat","background-position":"center center","background-size":"auto","background-attachment":"scroll","background-type":"","background-media":"","overlay-type":"","overlay-color":"","overlay-gradient":""},"mobile":{"background-color":"","background-image":"","background-repeat":"repeat","background-position":"center center","background-size":"auto","background-attachment":"scroll","background-type":"","background-media":"","overlay-type":"","overlay-color":"","overlay-gradient":""}},"ast-content-background-meta":{"desktop":{"background-color":"var(--ast-global-color-5)","background-image":"","background-repeat":"repeat","background-position":"center center","background-size":"auto","background-attachment":"scroll","background-type":"","background-media":"","overlay-type":"","overlay-color":"","overlay-gradient":""},"tablet":{"background-color":"var(--ast-global-color-5)","background-image":"","background-repeat":"repeat","background-position":"center center","background-size":"auto","background-attachment":"scroll","background-type":"","background-media":"","overlay-type":"","overlay-color":"","overlay-gradient":""},"mobile":{"background-color":"var(--ast-global-color-5)","background-image":"","background-repeat":"repeat","background-position":"center center","background-size":"auto","background-attachment":"scroll","background-type":"","background-media":"","overlay-type":"","overlay-color":"","overlay-gradient":""}},"footnotes":""},"categories":[155,9,487,1408],"tags":[6500,294,105225,18145,78379,179198],"class_list":["post-84983","post","type-post","status-publish","format-standard","hentry","category-ciencias-clinicas","category-ciencias-medicas","category-psicologia-clinica","category-psiquiatria","tag-alfredo-calcedo-ordonez","tag-francisco-alonso-fernandez","tag-gregorio-gomez-jarabo-garcia","tag-jose-manuel-gonzalez-infante","tag-poveda-de-agustin-jose-maria","tag-santos-palazzo-lilian-dos"],"_links":{"self":[{"href":"https:\/\/www.deberes.net\/tesis\/wp-json\/wp\/v2\/posts\/84983","targetHints":{"allow":["GET"]}}],"collection":[{"href":"https:\/\/www.deberes.net\/tesis\/wp-json\/wp\/v2\/posts"}],"about":[{"href":"https:\/\/www.deberes.net\/tesis\/wp-json\/wp\/v2\/types\/post"}],"author":[{"embeddable":true,"href":"https:\/\/www.deberes.net\/tesis\/wp-json\/wp\/v2\/users\/1"}],"replies":[{"embeddable":true,"href":"https:\/\/www.deberes.net\/tesis\/wp-json\/wp\/v2\/comments?post=84983"}],"version-history":[{"count":0,"href":"https:\/\/www.deberes.net\/tesis\/wp-json\/wp\/v2\/posts\/84983\/revisions"}],"wp:attachment":[{"href":"https:\/\/www.deberes.net\/tesis\/wp-json\/wp\/v2\/media?parent=84983"}],"wp:term":[{"taxonomy":"category","embeddable":true,"href":"https:\/\/www.deberes.net\/tesis\/wp-json\/wp\/v2\/categories?post=84983"},{"taxonomy":"post_tag","embeddable":true,"href":"https:\/\/www.deberes.net\/tesis\/wp-json\/wp\/v2\/tags?post=84983"}],"curies":[{"name":"wp","href":"https:\/\/api.w.org\/{rel}","templated":true}]}}