{"id":85026,"date":"2018-03-10T00:09:25","date_gmt":"2018-03-10T00:09:25","guid":{"rendered":"https:\/\/www.deberes.net\/tesis\/sin-categoria\/la-proteccion-de-la-vejez-en-el-sistema-espanol-de-seguridad-social\/"},"modified":"2018-03-10T00:09:25","modified_gmt":"2018-03-10T00:09:25","slug":"la-proteccion-de-la-vejez-en-el-sistema-espanol-de-seguridad-social","status":"publish","type":"post","link":"https:\/\/www.deberes.net\/tesis\/ciencias-juridicas-y-derecho\/la-proteccion-de-la-vejez-en-el-sistema-espanol-de-seguridad-social\/","title":{"rendered":"La proteccion de la vejez en el sistema espa\u00f1ol de seguridad social"},"content":{"rendered":"<h2>Tesis doctoral de <strong> Juan  Antonio Maldonado Molina <\/strong><\/h2>\n<p>La presente tesis doctoral aborda el estudio de la vejez desde el punto de vista de su protecci\u00f3n p\u00fablica, se\u00f1aladamente desde la cobertura prestada por la seguridad social y su derecho, estructur\u00e1ndose en tres grandes apartados. el primero, referido a la delimitaci\u00f3n del objeto de estudio, trata la vejez como centro de imputaci\u00f3n de normas, destacando los principales problemas que suscita su cobertura(edad pensionable, cuant\u00eda de la prestaci\u00f3n y compatibilidad entre la percepci\u00f3n de la pensi\u00f3n y el trabajo), as\u00ed como los principales mecanismos articulados por los poderes p\u00fablicos para su cobertura. Enla segunda se realiza un an\u00e1lisis hist\u00f3rico-jur\u00eddico de la protecci\u00f3n de la vejez, desde las t\u00e9cnicas elementales de cobertura utilizadas en las antiguas civilizaciones hasta los actuales sistemas de seguridad social, entrando en sus sucesivas reformas. Por \u00faltimo, la tercera pare se centra en el an\u00e1lisis t\u00e9cnico-jur\u00eddico del principal mecanismo de cobertura de la ancianidad: la pensi\u00f3n de jubilaci\u00f3n.<\/p>\n<p>&nbsp;<\/p>\n<h3>Datos acad\u00e9micos de la tesis doctoral \u00ab<strong>La proteccion de la vejez en el sistema espa\u00f1ol de seguridad social<\/strong>\u00ab<\/h3>\n<ul>\n<li><strong>T\u00edtulo de la tesis:<\/strong>\u00a0 La proteccion de la vejez en el sistema espa\u00f1ol de seguridad social <\/li>\n<li><strong>Autor:<\/strong>\u00a0 Juan  Antonio Maldonado Molina <\/li>\n<li><strong>Universidad:<\/strong>\u00a0 Granada<\/li>\n<li><strong>Fecha de lectura de la tesis:<\/strong>\u00a0 15\/06\/2000<\/li>\n<\/ul>\n<p>&nbsp;<\/p>\n<h3>Direcci\u00f3n y tribunal<\/h3>\n<ul>\n<li><strong>Director de la tesis<\/strong>\n<ul>\n<li>Jose Vida Soria<\/li>\n<\/ul>\n<\/li>\n<li><strong>Tribunal<\/strong>\n<ul>\n<li>Presidente del tribunal: efren Borrajo dacruz <\/li>\n<li>Manuel Alvarez de la rosa (vocal)<\/li>\n<li>Luis enrique De la villa gil (vocal)<\/li>\n<li>Jos\u00e9 Luis Monereo perez (vocal)<\/li>\n<\/ul>\n<\/li>\n<\/ul>\n<p>&nbsp;<\/p>\n","protected":false},"excerpt":{"rendered":"<p>Tesis doctoral de Juan Antonio Maldonado Molina La presente tesis doctoral aborda el estudio de la vejez desde el punto [&hellip;]<\/p>\n","protected":false},"author":1,"featured_media":0,"comment_status":"open","ping_status":"open","sticky":false,"template":"","format":"standard","meta":{"site-sidebar-layout":"default","site-content-layout":"","ast-site-content-layout":"","site-content-style":"default","site-sidebar-style":"default","ast-global-header-display":"","ast-banner-title-visibility":"","ast-main-header-display":"","ast-hfb-above-header-display":"","ast-hfb-below-header-display":"","ast-hfb-mobile-header-display":"","site-post-title":"","ast-breadcrumbs-content":"","ast-featured-img":"","footer-sml-layout":"","theme-transparent-header-meta":"","adv-header-id-meta":"","stick-header-meta":"","header-above-stick-meta":"","header-main-stick-meta":"","header-below-stick-meta":"","astra-migrate-meta-layouts":"default","ast-page-background-enabled":"default","ast-page-background-meta":{"desktop":{"background-color":"var(--ast-global-color-4)","background-image":"","background-repeat":"repeat","background-position":"center center","background-size":"auto","background-attachment":"scroll","background-type":"","background-media":"","overlay-type":"","overlay-color":"","overlay-gradient":""},"tablet":{"background-color":"","background-image":"","background-repeat":"repeat","background-position":"center center","background-size":"auto","background-attachment":"scroll","background-type":"","background-media":"","overlay-type":"","overlay-color":"","overlay-gradient":""},"mobile":{"background-color":"","background-image":"","background-repeat":"repeat","background-position":"center center","background-size":"auto","background-attachment":"scroll","background-type":"","background-media":"","overlay-type":"","overlay-color":"","overlay-gradient":""}},"ast-content-background-meta":{"desktop":{"background-color":"var(--ast-global-color-5)","background-image":"","background-repeat":"repeat","background-position":"center center","background-size":"auto","background-attachment":"scroll","background-type":"","background-media":"","overlay-type":"","overlay-color":"","overlay-gradient":""},"tablet":{"background-color":"var(--ast-global-color-5)","background-image":"","background-repeat":"repeat","background-position":"center center","background-size":"auto","background-attachment":"scroll","background-type":"","background-media":"","overlay-type":"","overlay-color":"","overlay-gradient":""},"mobile":{"background-color":"var(--ast-global-color-5)","background-image":"","background-repeat":"repeat","background-position":"center center","background-size":"auto","background-attachment":"scroll","background-type":"","background-media":"","overlay-type":"","overlay-color":"","overlay-gradient":""}},"footnotes":""},"categories":[612,2170,979],"tags":[3703,28783,3700,179255,9455,27653],"class_list":["post-85026","post","type-post","status-publish","format-standard","hentry","category-ciencias-juridicas-y-derecho","category-derecho-del-trabajo-y-de-la-seguridad-social","category-derecho-y-legislacion-nacionales","tag-efren-borrajo-dacruz","tag-jose-luis-monereo-perez","tag-jose-vida-soria","tag-juan-antonio-maldonado-molina","tag-luis-enrique-de-la-villa-gil","tag-manuel-alvarez-de-la-rosa"],"_links":{"self":[{"href":"https:\/\/www.deberes.net\/tesis\/wp-json\/wp\/v2\/posts\/85026","targetHints":{"allow":["GET"]}}],"collection":[{"href":"https:\/\/www.deberes.net\/tesis\/wp-json\/wp\/v2\/posts"}],"about":[{"href":"https:\/\/www.deberes.net\/tesis\/wp-json\/wp\/v2\/types\/post"}],"author":[{"embeddable":true,"href":"https:\/\/www.deberes.net\/tesis\/wp-json\/wp\/v2\/users\/1"}],"replies":[{"embeddable":true,"href":"https:\/\/www.deberes.net\/tesis\/wp-json\/wp\/v2\/comments?post=85026"}],"version-history":[{"count":0,"href":"https:\/\/www.deberes.net\/tesis\/wp-json\/wp\/v2\/posts\/85026\/revisions"}],"wp:attachment":[{"href":"https:\/\/www.deberes.net\/tesis\/wp-json\/wp\/v2\/media?parent=85026"}],"wp:term":[{"taxonomy":"category","embeddable":true,"href":"https:\/\/www.deberes.net\/tesis\/wp-json\/wp\/v2\/categories?post=85026"},{"taxonomy":"post_tag","embeddable":true,"href":"https:\/\/www.deberes.net\/tesis\/wp-json\/wp\/v2\/tags?post=85026"}],"curies":[{"name":"wp","href":"https:\/\/api.w.org\/{rel}","templated":true}]}}