{"id":85032,"date":"2018-03-10T00:09:25","date_gmt":"2018-03-10T00:09:25","guid":{"rendered":"https:\/\/www.deberes.net\/tesis\/sin-categoria\/analisis-tematico-y-estructural-del-delirio\/"},"modified":"2018-03-10T00:09:25","modified_gmt":"2018-03-10T00:09:25","slug":"analisis-tematico-y-estructural-del-delirio","status":"publish","type":"post","link":"https:\/\/www.deberes.net\/tesis\/ciencias-medicas\/analisis-tematico-y-estructural-del-delirio\/","title":{"rendered":"An\u00e1lisis tem\u00e1tico y estructural del delirio"},"content":{"rendered":"<h2>Tesis doctoral de <strong>  Mediavilla Sanchez Jos\u00e9 Luis <\/strong><\/h2>\n<p>Revisi\u00f3n hist\u00f3rico-cl\u00ednica de la investigaci\u00f3n tem\u00e1tica del delirio, con exposici\u00f3n extensa y detallada de la doctrina del profesor ram\u00f3n sarr\u00f3 burbano, especialmente el an\u00e1lisis mitologem\u00e1tico y del homo demens.  han servido de base para el presente trabajo:  1- el an\u00e1lisis tem\u00e1tico e iconol\u00f3gico de cuarenta y dos historias cl\u00ednicas de pacientes esquizoprafr\u00e9nicos (pertenecientes a distitnas \u00e9pocas y de diversa procedencia geogr\u00e1fica).  2- un amplio anexo documental consituido por un epistolario del profesor ram\u00f3n sarr\u00f3 que abarca desde julio de 1975 a octubre de 1992; donde puede observarse la evoluci\u00f3n de su pensamiento desde sus trabajos sobre la psicolog\u00eda de la esquizofrenia, pensamiento presimb\u00f3lico y existencia m\u00edtica (tesis doctoral, 1931), el an\u00e1lisis mitologem\u00e1tico 1972, la iconograf\u00eda e iconolog\u00eda en los delirios, y el homo demens.  conclusiones:  &#8211; en el paciente delirante end\u00f3geno se encuentran alteradas las vivencias de la espacialidad, la temporalidad y la relaci\u00f3n yo-mundo.  &#8211; el delirio se muestra como un macrositema cosntituido por unidades (mitologemas o deliremas), con un comienzo y un final.  &#8211; la tem\u00e1tica del delirio propende a un final caracterizado por el etnogeocentrismo, la inmortaldiad o eternidad y la paz universal o pradis\u00edaca, vivencias psicopatol\u00f3gicas que definen al homo demens.<\/p>\n<p>&nbsp;<\/p>\n<h3>Datos acad\u00e9micos de la tesis doctoral \u00ab<strong>An\u00e1lisis tem\u00e1tico y estructural del delirio<\/strong>\u00ab<\/h3>\n<ul>\n<li><strong>T\u00edtulo de la tesis:<\/strong>\u00a0 An\u00e1lisis tem\u00e1tico y estructural del delirio <\/li>\n<li><strong>Autor:<\/strong>\u00a0  Mediavilla Sanchez Jos\u00e9 Luis <\/li>\n<li><strong>Universidad:<\/strong>\u00a0 Salamanca<\/li>\n<li><strong>Fecha de lectura de la tesis:<\/strong>\u00a0 15\/06\/2000<\/li>\n<\/ul>\n<p>&nbsp;<\/p>\n<h3>Direcci\u00f3n y tribunal<\/h3>\n<ul>\n<li><strong>Director de la tesis<\/strong>\n<ul>\n<li>Alfonso Ledesma Jimeno<\/li>\n<\/ul>\n<\/li>\n<li><strong>Tribunal<\/strong>\n<ul>\n<li>Presidente del tribunal: jose Giner ubago <\/li>\n<li>Antonio Seva diaz (vocal)<\/li>\n<li>pedro Ridruejo alonso (vocal)<\/li>\n<li> Diez manrique Jos\u00e9 Francisco (vocal)<\/li>\n<\/ul>\n<\/li>\n<\/ul>\n<p>&nbsp;<\/p>\n","protected":false},"excerpt":{"rendered":"<p>Tesis doctoral de Mediavilla Sanchez Jos\u00e9 Luis Revisi\u00f3n hist\u00f3rico-cl\u00ednica de la investigaci\u00f3n tem\u00e1tica del delirio, con exposici\u00f3n extensa y detallada [&hellip;]<\/p>\n","protected":false},"author":1,"featured_media":0,"comment_status":"open","ping_status":"open","sticky":false,"template":"","format":"standard","meta":{"site-sidebar-layout":"default","site-content-layout":"","ast-site-content-layout":"","site-content-style":"default","site-sidebar-style":"default","ast-global-header-display":"","ast-banner-title-visibility":"","ast-main-header-display":"","ast-hfb-above-header-display":"","ast-hfb-below-header-display":"","ast-hfb-mobile-header-display":"","site-post-title":"","ast-breadcrumbs-content":"","ast-featured-img":"","footer-sml-layout":"","theme-transparent-header-meta":"","adv-header-id-meta":"","stick-header-meta":"","header-above-stick-meta":"","header-main-stick-meta":"","header-below-stick-meta":"","astra-migrate-meta-layouts":"default","ast-page-background-enabled":"default","ast-page-background-meta":{"desktop":{"background-color":"var(--ast-global-color-4)","background-image":"","background-repeat":"repeat","background-position":"center center","background-size":"auto","background-attachment":"scroll","background-type":"","background-media":"","overlay-type":"","overlay-color":"","overlay-gradient":""},"tablet":{"background-color":"","background-image":"","background-repeat":"repeat","background-position":"center center","background-size":"auto","background-attachment":"scroll","background-type":"","background-media":"","overlay-type":"","overlay-color":"","overlay-gradient":""},"mobile":{"background-color":"","background-image":"","background-repeat":"repeat","background-position":"center center","background-size":"auto","background-attachment":"scroll","background-type":"","background-media":"","overlay-type":"","overlay-color":"","overlay-gradient":""}},"ast-content-background-meta":{"desktop":{"background-color":"var(--ast-global-color-5)","background-image":"","background-repeat":"repeat","background-position":"center center","background-size":"auto","background-attachment":"scroll","background-type":"","background-media":"","overlay-type":"","overlay-color":"","overlay-gradient":""},"tablet":{"background-color":"var(--ast-global-color-5)","background-image":"","background-repeat":"repeat","background-position":"center center","background-size":"auto","background-attachment":"scroll","background-type":"","background-media":"","overlay-type":"","overlay-color":"","overlay-gradient":""},"mobile":{"background-color":"var(--ast-global-color-5)","background-image":"","background-repeat":"repeat","background-position":"center center","background-size":"auto","background-attachment":"scroll","background-type":"","background-media":"","overlay-type":"","overlay-color":"","overlay-gradient":""}},"footnotes":""},"categories":[9,1408,9386],"tags":[6912,9787,179266,1971,179265,5939],"class_list":["post-85032","post","type-post","status-publish","format-standard","hentry","category-ciencias-medicas","category-psiquiatria","category-salamanca","tag-alfonso-ledesma-jimeno","tag-antonio-seva-diaz","tag-diez-manrique-jose-francisco","tag-jose-giner-ubago","tag-mediavilla-sanchez-jose-luis","tag-pedro-ridruejo-alonso"],"_links":{"self":[{"href":"https:\/\/www.deberes.net\/tesis\/wp-json\/wp\/v2\/posts\/85032","targetHints":{"allow":["GET"]}}],"collection":[{"href":"https:\/\/www.deberes.net\/tesis\/wp-json\/wp\/v2\/posts"}],"about":[{"href":"https:\/\/www.deberes.net\/tesis\/wp-json\/wp\/v2\/types\/post"}],"author":[{"embeddable":true,"href":"https:\/\/www.deberes.net\/tesis\/wp-json\/wp\/v2\/users\/1"}],"replies":[{"embeddable":true,"href":"https:\/\/www.deberes.net\/tesis\/wp-json\/wp\/v2\/comments?post=85032"}],"version-history":[{"count":0,"href":"https:\/\/www.deberes.net\/tesis\/wp-json\/wp\/v2\/posts\/85032\/revisions"}],"wp:attachment":[{"href":"https:\/\/www.deberes.net\/tesis\/wp-json\/wp\/v2\/media?parent=85032"}],"wp:term":[{"taxonomy":"category","embeddable":true,"href":"https:\/\/www.deberes.net\/tesis\/wp-json\/wp\/v2\/categories?post=85032"},{"taxonomy":"post_tag","embeddable":true,"href":"https:\/\/www.deberes.net\/tesis\/wp-json\/wp\/v2\/tags?post=85032"}],"curies":[{"name":"wp","href":"https:\/\/api.w.org\/{rel}","templated":true}]}}