{"id":85046,"date":"2018-03-10T00:09:25","date_gmt":"2018-03-10T00:09:25","guid":{"rendered":"https:\/\/www.deberes.net\/tesis\/sin-categoria\/la-denuncia-del-convenio-colectivo\/"},"modified":"2018-03-10T00:09:25","modified_gmt":"2018-03-10T00:09:25","slug":"la-denuncia-del-convenio-colectivo","status":"publish","type":"post","link":"https:\/\/www.deberes.net\/tesis\/ciencias-juridicas-y-derecho\/la-denuncia-del-convenio-colectivo\/","title":{"rendered":"La denuncia del convenio colectivo"},"content":{"rendered":"<h2>Tesis doctoral de <strong> Alberto Arufe Varela <\/strong><\/h2>\n<p>La tesis doctoral trata de negociacion colectiva y consta de seis capitulos que, sumados a la introduccion, constituyen las siete grandes partes en que aparece formalmente dividida. La introduccion posee autonomia y sustantividad propia, pues en ella se explica el concreto significado de la denuncia en la parcela de la negociaci\u00f3n colectiva, destacando su falta de eficacia extintiva. A esta parte introductoria sigue otra que se ocupa de la evoluci\u00f3n historica de la denuncia del convenio colectivo en espa\u00f1a. El cuerpo de la tesis lo constituye el analisis del derecho espa\u00f1ol vigente, sobre la base de un estudio lo m\u00e1s exhaustivo posible de las fuentes legales jurisprudenciales, convencionales y doctrinales se parte de un esquema sustancialmente dinamico,pues se trata de analizar la vida del convenio, desde su naciiento hasta su defuncion desde el prisma particular de la denuncia; todo lo cual cristaliza en la individualizacion de cinco etapas en la vida del convenio, que se corresponden con otros tantos capitulos de la tesis, relativos a: la del convenio colectivo todavia no denunciable, la del denunciable y no denunciado, la del denunciado pero no vencido, la del denunciado y vencido y, finalmente, la de sucesion del convenio denunciado y vencido.<\/p>\n<p>&nbsp;<\/p>\n<h3>Datos acad\u00e9micos de la tesis doctoral \u00ab<strong>La denuncia del convenio colectivo<\/strong>\u00ab<\/h3>\n<ul>\n<li><strong>T\u00edtulo de la tesis:<\/strong>\u00a0 La denuncia del convenio colectivo <\/li>\n<li><strong>Autor:<\/strong>\u00a0 Alberto Arufe Varela <\/li>\n<li><strong>Universidad:<\/strong>\u00a0 A coru\u00f1a<\/li>\n<li><strong>Fecha de lectura de la tesis:<\/strong>\u00a0 15\/06\/2000<\/li>\n<\/ul>\n<p>&nbsp;<\/p>\n<h3>Direcci\u00f3n y tribunal<\/h3>\n<ul>\n<li><strong>Director de la tesis<\/strong>\n<ul>\n<li>Jes\u00fas Mart\u00ednez Gir\u00f3n<\/li>\n<\/ul>\n<\/li>\n<li><strong>Tribunal<\/strong>\n<ul>\n<li>Presidente del tribunal: manuel Alonso olea <\/li>\n<li>Antonio  vicente Sempere navarro (vocal)<\/li>\n<li>Manuel Montoya ole (vocal)<\/li>\n<li>joaqu\u00edn Garc\u00eda murcia (vocal)<\/li>\n<\/ul>\n<\/li>\n<\/ul>\n<p>&nbsp;<\/p>\n","protected":false},"excerpt":{"rendered":"<p>Tesis doctoral de Alberto Arufe Varela La tesis doctoral trata de negociacion colectiva y consta de seis capitulos que, sumados [&hellip;]<\/p>\n","protected":false},"author":1,"featured_media":0,"comment_status":"open","ping_status":"open","sticky":false,"template":"","format":"standard","meta":{"site-sidebar-layout":"default","site-content-layout":"","ast-site-content-layout":"","site-content-style":"default","site-sidebar-style":"default","ast-global-header-display":"","ast-banner-title-visibility":"","ast-main-header-display":"","ast-hfb-above-header-display":"","ast-hfb-below-header-display":"","ast-hfb-mobile-header-display":"","site-post-title":"","ast-breadcrumbs-content":"","ast-featured-img":"","footer-sml-layout":"","theme-transparent-header-meta":"","adv-header-id-meta":"","stick-header-meta":"","header-above-stick-meta":"","header-main-stick-meta":"","header-below-stick-meta":"","astra-migrate-meta-layouts":"default","ast-page-background-enabled":"default","ast-page-background-meta":{"desktop":{"background-color":"var(--ast-global-color-4)","background-image":"","background-repeat":"repeat","background-position":"center center","background-size":"auto","background-attachment":"scroll","background-type":"","background-media":"","overlay-type":"","overlay-color":"","overlay-gradient":""},"tablet":{"background-color":"","background-image":"","background-repeat":"repeat","background-position":"center center","background-size":"auto","background-attachment":"scroll","background-type":"","background-media":"","overlay-type":"","overlay-color":"","overlay-gradient":""},"mobile":{"background-color":"","background-image":"","background-repeat":"repeat","background-position":"center center","background-size":"auto","background-attachment":"scroll","background-type":"","background-media":"","overlay-type":"","overlay-color":"","overlay-gradient":""}},"ast-content-background-meta":{"desktop":{"background-color":"var(--ast-global-color-5)","background-image":"","background-repeat":"repeat","background-position":"center center","background-size":"auto","background-attachment":"scroll","background-type":"","background-media":"","overlay-type":"","overlay-color":"","overlay-gradient":""},"tablet":{"background-color":"var(--ast-global-color-5)","background-image":"","background-repeat":"repeat","background-position":"center center","background-size":"auto","background-attachment":"scroll","background-type":"","background-media":"","overlay-type":"","overlay-color":"","overlay-gradient":""},"mobile":{"background-color":"var(--ast-global-color-5)","background-image":"","background-repeat":"repeat","background-position":"center center","background-size":"auto","background-attachment":"scroll","background-type":"","background-media":"","overlay-type":"","overlay-color":"","overlay-gradient":""}},"footnotes":""},"categories":[18576,612,4927,2170,23362,3894,979,3193],"tags":[136176,24532,5170,32506,4929,179297],"class_list":["post-85046","post","type-post","status-publish","format-standard","hentry","category-a-coruna","category-ciencias-juridicas-y-derecho","category-derecho-comparado","category-derecho-del-trabajo-y-de-la-seguridad-social","category-derecho-estatutario","category-derecho-privado","category-derecho-y-legislacion-nacionales","category-teoria-y-metodos-generales-del-derecho","tag-alberto-arufe-varela","tag-antonio-vicente-sempere-navarro","tag-jesus-Martinez-giron","tag-joaquin-garcia-murcia","tag-manuel-alonso-olea","tag-manuel-montoya-ole"],"_links":{"self":[{"href":"https:\/\/www.deberes.net\/tesis\/wp-json\/wp\/v2\/posts\/85046","targetHints":{"allow":["GET"]}}],"collection":[{"href":"https:\/\/www.deberes.net\/tesis\/wp-json\/wp\/v2\/posts"}],"about":[{"href":"https:\/\/www.deberes.net\/tesis\/wp-json\/wp\/v2\/types\/post"}],"author":[{"embeddable":true,"href":"https:\/\/www.deberes.net\/tesis\/wp-json\/wp\/v2\/users\/1"}],"replies":[{"embeddable":true,"href":"https:\/\/www.deberes.net\/tesis\/wp-json\/wp\/v2\/comments?post=85046"}],"version-history":[{"count":0,"href":"https:\/\/www.deberes.net\/tesis\/wp-json\/wp\/v2\/posts\/85046\/revisions"}],"wp:attachment":[{"href":"https:\/\/www.deberes.net\/tesis\/wp-json\/wp\/v2\/media?parent=85046"}],"wp:term":[{"taxonomy":"category","embeddable":true,"href":"https:\/\/www.deberes.net\/tesis\/wp-json\/wp\/v2\/categories?post=85046"},{"taxonomy":"post_tag","embeddable":true,"href":"https:\/\/www.deberes.net\/tesis\/wp-json\/wp\/v2\/tags?post=85046"}],"curies":[{"name":"wp","href":"https:\/\/api.w.org\/{rel}","templated":true}]}}