{"id":85058,"date":"2018-03-10T00:09:29","date_gmt":"2018-03-10T00:09:29","guid":{"rendered":"https:\/\/www.deberes.net\/tesis\/sin-categoria\/configuracion-juridica-del-salario\/"},"modified":"2018-03-10T00:09:29","modified_gmt":"2018-03-10T00:09:29","slug":"configuracion-juridica-del-salario","status":"publish","type":"post","link":"https:\/\/www.deberes.net\/tesis\/ciencias-juridicas-y-derecho\/configuracion-juridica-del-salario\/","title":{"rendered":"Configuracion juridica del salario"},"content":{"rendered":"<h2>Tesis doctoral de <strong> Jos\u00e9 Antonio Fernandez Aviles <\/strong><\/h2>\n<p>La finalidad primordial es la determinaci\u00f3n de los caracteres que conceptualizan y singularizan la obligaci\u00f3n salarial. En una primera parte se tratan las dificultades para establecer una concepci\u00f3n unitaria de salario, en la segunda, indagamos cr\u00edticamente sobre los caracteres de la obligaci\u00f3n salarial en el complejo contexto contractual que se inserta y la explicaci\u00f3n de sus importantes disfuncionalidades respecto de la dogm\u00e1tica com\u00fan del derecho de obligaciones. el salario, adem\u00e1s de ser un elemento esencial en la tipificaci\u00f3n legal de la relaci\u00f3n laboral es apto, en sus puntuales manifestaciones, para contribuir indiciariamente a la determinaci\u00f3n de la existencia de una relaci\u00f3n de tipo laboral. La modalidad de remuneraci\u00f3n puede ser un criterio complementario de diferenciaci\u00f3n muy \u00fatil en la formaci\u00f3n de presunciones judiciales. la noci\u00f3n jur\u00eddica de salario se adec\u00faa en gran medida a la econ\u00f3mica, pero las dos nociones no coinciden por la constricci\u00f3n que las normas jur\u00eddicas heter\u00f3nomas y los mecanismos de representaci\u00f3n colectiva de los trabajadores operan sobre la realidad econ\u00f3mica a los propios fines. Se produce as\u00ed una \u00abdesmercantilizaci\u00f3n\u00bb relativa del trabajo, mediante instrumentos de racionalizaci\u00f3n p\u00fablica y colectiva, que se sobrepone a su mera consideraci\u00f3n como coste del factor trabajo. dentro del ordenamiento jur\u00eddico, el salario se nos presenta como una figura poli\u00e9drica, epicentro de todo un sistema de medidas legales del alcance, finalidades y naturaleza jur\u00eddica distintos. Tanto en el sistema legislativo como en sede convencional o contractual encontramos una notable variedad de definiciones y nociones de la retribuci\u00f3n par\u00e1metro a utilizar a los fines del c\u00e1lculo de los diversos tratamientos. Aunque existe un concepto legal de salario en el marco normativo laboral, ello no supone que estemos ante una noci\u00f3n monol\u00edtica de salario, relevante a cualquier efecto para el entero r\u00e9gimen jur\u00eddico de la relaci\u00f3n de trabajo. Para finalidades espec\u00edficas pueden aparecer nociones jur\u00eddico retributivas particulares. se sostiene que de la originaria visi\u00f3n estrictamente cambiar\u00eda del contrato de trabajo, debe pasarse a la necesidad de un prisma comprensivo m\u00e1s complejo pero tambi\u00e9n m\u00e1s explicativo -a la luz del marco normativo- donde se pongan tambi\u00e9n especialmente de manifiesto los ingredientes organizativos (de viabilidad del aparato productivo) y las exigencias personalistas que se entrecruzan con la b\u00e1sica causa cambiar\u00eda. El salario tiene una inextricable dimensi\u00f3n social derivada de la funci\u00f3n de ser normalmente el medio exclusivo de satisfacci\u00f3n de sus necesidades vitales. La configuraci\u00f3n jur\u00eddica del salario hace que tambi\u00e9n el mismo tenga una funci\u00f3n de garant\u00eda instrumental de una serie de derechos e intereses del trabajador que le permita ser ciudadano de pleno derecho.<\/p>\n<p>&nbsp;<\/p>\n<h3>Datos acad\u00e9micos de la tesis doctoral \u00ab<strong>Configuracion juridica del salario<\/strong>\u00ab<\/h3>\n<ul>\n<li><strong>T\u00edtulo de la tesis:<\/strong>\u00a0 Configuracion juridica del salario <\/li>\n<li><strong>Autor:<\/strong>\u00a0 Jos\u00e9 Antonio Fernandez Aviles <\/li>\n<li><strong>Universidad:<\/strong>\u00a0 Granada<\/li>\n<li><strong>Fecha de lectura de la tesis:<\/strong>\u00a0 16\/06\/2000<\/li>\n<\/ul>\n<p>&nbsp;<\/p>\n<h3>Direcci\u00f3n y tribunal<\/h3>\n<ul>\n<li><strong>Director de la tesis<\/strong>\n<ul>\n<li>Jos\u00e9 Luis Monereo Perez<\/li>\n<\/ul>\n<\/li>\n<li><strong>Tribunal<\/strong>\n<ul>\n<li>Presidente del tribunal: efren Borrajo dacruz <\/li>\n<li>Juan Rivero lamas (vocal)<\/li>\n<li>Mar\u00eda  emilia Casas baamonde (vocal)<\/li>\n<li>Antonio Ojeda avil\u00e9s (vocal)<\/li>\n<\/ul>\n<\/li>\n<\/ul>\n<p>&nbsp;<\/p>\n","protected":false},"excerpt":{"rendered":"<p>Tesis doctoral de Jos\u00e9 Antonio Fernandez Aviles La finalidad primordial es la determinaci\u00f3n de los caracteres que conceptualizan y singularizan [&hellip;]<\/p>\n","protected":false},"author":1,"featured_media":0,"comment_status":"open","ping_status":"open","sticky":false,"template":"","format":"standard","meta":{"site-sidebar-layout":"default","site-content-layout":"","ast-site-content-layout":"","site-content-style":"default","site-sidebar-style":"default","ast-global-header-display":"","ast-banner-title-visibility":"","ast-main-header-display":"","ast-hfb-above-header-display":"","ast-hfb-below-header-display":"","ast-hfb-mobile-header-display":"","site-post-title":"","ast-breadcrumbs-content":"","ast-featured-img":"","footer-sml-layout":"","theme-transparent-header-meta":"","adv-header-id-meta":"","stick-header-meta":"","header-above-stick-meta":"","header-main-stick-meta":"","header-below-stick-meta":"","astra-migrate-meta-layouts":"default","ast-page-background-enabled":"default","ast-page-background-meta":{"desktop":{"background-color":"var(--ast-global-color-4)","background-image":"","background-repeat":"repeat","background-position":"center center","background-size":"auto","background-attachment":"scroll","background-type":"","background-media":"","overlay-type":"","overlay-color":"","overlay-gradient":""},"tablet":{"background-color":"","background-image":"","background-repeat":"repeat","background-position":"center center","background-size":"auto","background-attachment":"scroll","background-type":"","background-media":"","overlay-type":"","overlay-color":"","overlay-gradient":""},"mobile":{"background-color":"","background-image":"","background-repeat":"repeat","background-position":"center center","background-size":"auto","background-attachment":"scroll","background-type":"","background-media":"","overlay-type":"","overlay-color":"","overlay-gradient":""}},"ast-content-background-meta":{"desktop":{"background-color":"var(--ast-global-color-5)","background-image":"","background-repeat":"repeat","background-position":"center center","background-size":"auto","background-attachment":"scroll","background-type":"","background-media":"","overlay-type":"","overlay-color":"","overlay-gradient":""},"tablet":{"background-color":"var(--ast-global-color-5)","background-image":"","background-repeat":"repeat","background-position":"center center","background-size":"auto","background-attachment":"scroll","background-type":"","background-media":"","overlay-type":"","overlay-color":"","overlay-gradient":""},"mobile":{"background-color":"var(--ast-global-color-5)","background-image":"","background-repeat":"repeat","background-position":"center center","background-size":"auto","background-attachment":"scroll","background-type":"","background-media":"","overlay-type":"","overlay-color":"","overlay-gradient":""}},"footnotes":""},"categories":[612,2170,979],"tags":[39728,3703,179323,28783,23031,9456],"class_list":["post-85058","post","type-post","status-publish","format-standard","hentry","category-ciencias-juridicas-y-derecho","category-derecho-del-trabajo-y-de-la-seguridad-social","category-derecho-y-legislacion-nacionales","tag-antonio-ojeda-aviles","tag-efren-borrajo-dacruz","tag-jose-antonio-fernandez-aviles","tag-jose-luis-monereo-perez","tag-juan-rivero-lamas","tag-maria-emilia-casas-baamonde"],"_links":{"self":[{"href":"https:\/\/www.deberes.net\/tesis\/wp-json\/wp\/v2\/posts\/85058","targetHints":{"allow":["GET"]}}],"collection":[{"href":"https:\/\/www.deberes.net\/tesis\/wp-json\/wp\/v2\/posts"}],"about":[{"href":"https:\/\/www.deberes.net\/tesis\/wp-json\/wp\/v2\/types\/post"}],"author":[{"embeddable":true,"href":"https:\/\/www.deberes.net\/tesis\/wp-json\/wp\/v2\/users\/1"}],"replies":[{"embeddable":true,"href":"https:\/\/www.deberes.net\/tesis\/wp-json\/wp\/v2\/comments?post=85058"}],"version-history":[{"count":0,"href":"https:\/\/www.deberes.net\/tesis\/wp-json\/wp\/v2\/posts\/85058\/revisions"}],"wp:attachment":[{"href":"https:\/\/www.deberes.net\/tesis\/wp-json\/wp\/v2\/media?parent=85058"}],"wp:term":[{"taxonomy":"category","embeddable":true,"href":"https:\/\/www.deberes.net\/tesis\/wp-json\/wp\/v2\/categories?post=85058"},{"taxonomy":"post_tag","embeddable":true,"href":"https:\/\/www.deberes.net\/tesis\/wp-json\/wp\/v2\/tags?post=85058"}],"curies":[{"name":"wp","href":"https:\/\/api.w.org\/{rel}","templated":true}]}}