{"id":85076,"date":"2018-03-10T00:09:29","date_gmt":"2018-03-10T00:09:29","guid":{"rendered":"https:\/\/www.deberes.net\/tesis\/sin-categoria\/la-conflictividad-en-torno-al-aprovechamiento-y-al-ordenamiento-legal-del-bosque-guipuzcoano-en-la-edad-moderan-1548-1749\/"},"modified":"2018-03-10T00:09:29","modified_gmt":"2018-03-10T00:09:29","slug":"la-conflictividad-en-torno-al-aprovechamiento-y-al-ordenamiento-legal-del-bosque-guipuzcoano-en-la-edad-moderan-1548-1749","status":"publish","type":"post","link":"https:\/\/www.deberes.net\/tesis\/ciencias-economicas\/la-conflictividad-en-torno-al-aprovechamiento-y-al-ordenamiento-legal-del-bosque-guipuzcoano-en-la-edad-moderan-1548-1749\/","title":{"rendered":"La conflictividad en torno al aprovechamiento y al ordenamiento legal del bosque guipuzcoano en la edad moderan (1548-1749)"},"content":{"rendered":"<h2>Tesis doctoral de <strong> Alvaro Aragon Ruano <\/strong><\/h2>\n<p>La presente tesis doctoral analiza la conflictividad generada por la convivencia de los diferentes intereses surgidos en torno al bosque guipuzcoano en la edad moderna; conflicitividad que provoca modificaciones en el aprovechamiento y ordenamiento forestal a lo largo del per\u00edodo comprendido entre los siglos xv y xix.  para ello se profundiza en los factores geogr\u00e1ficos que condicionaron el paisaje foresta, en los antecedentes, para saber cu\u00e1l era su situaci\u00f3n en la edad media, se establecen tipolog\u00edas del bosque y de la conflicitividad, se analizan los modelos de aprovechamiento del bosque y, por \u00faltimo, la comercializaci\u00f3n de los productos forestales.<\/p>\n<p>&nbsp;<\/p>\n<h3>Datos acad\u00e9micos de la tesis doctoral \u00ab<strong>La conflictividad en torno al aprovechamiento y al ordenamiento legal del bosque guipuzcoano en la edad moderan (1548-1749)<\/strong>\u00ab<\/h3>\n<ul>\n<li><strong>T\u00edtulo de la tesis:<\/strong>\u00a0 La conflictividad en torno al aprovechamiento y al ordenamiento legal del bosque guipuzcoano en la edad moderan (1548-1749) <\/li>\n<li><strong>Autor:<\/strong>\u00a0 Alvaro Aragon Ruano <\/li>\n<li><strong>Universidad:<\/strong>\u00a0 Pa\u00eds vasco\/euskal herriko unibertsitatea<\/li>\n<li><strong>Fecha de lectura de la tesis:<\/strong>\u00a0 16\/06\/2000<\/li>\n<\/ul>\n<p>&nbsp;<\/p>\n<h3>Direcci\u00f3n y tribunal<\/h3>\n<ul>\n<li><strong>Director de la tesis<\/strong>\n<ul>\n<li>I\u00f1aki Reguera Acedo<\/li>\n<\/ul>\n<\/li>\n<li><strong>Tribunal<\/strong>\n<ul>\n<li>Presidente del tribunal:  Bilbao bilbao Luis Mar\u00eda <\/li>\n<li> Gelabert gonzalez Juan  eleoy (vocal)<\/li>\n<li>pere Molas ribalta (vocal)<\/li>\n<li>Rafael Uriarte ayo (vocal)<\/li>\n<\/ul>\n<\/li>\n<\/ul>\n<p>&nbsp;<\/p>\n","protected":false},"excerpt":{"rendered":"<p>Tesis doctoral de Alvaro Aragon Ruano La presente tesis doctoral analiza la conflictividad generada por la convivencia de los diferentes [&hellip;]<\/p>\n","protected":false},"author":1,"featured_media":0,"comment_status":"open","ping_status":"open","sticky":false,"template":"","format":"standard","meta":{"site-sidebar-layout":"default","site-content-layout":"","ast-site-content-layout":"","site-content-style":"default","site-sidebar-style":"default","ast-global-header-display":"","ast-banner-title-visibility":"","ast-main-header-display":"","ast-hfb-above-header-display":"","ast-hfb-below-header-display":"","ast-hfb-mobile-header-display":"","site-post-title":"","ast-breadcrumbs-content":"","ast-featured-img":"","footer-sml-layout":"","theme-transparent-header-meta":"","adv-header-id-meta":"","stick-header-meta":"","header-above-stick-meta":"","header-main-stick-meta":"","header-below-stick-meta":"","astra-migrate-meta-layouts":"default","ast-page-background-enabled":"default","ast-page-background-meta":{"desktop":{"background-color":"var(--ast-global-color-4)","background-image":"","background-repeat":"repeat","background-position":"center center","background-size":"auto","background-attachment":"scroll","background-type":"","background-media":"","overlay-type":"","overlay-color":"","overlay-gradient":""},"tablet":{"background-color":"","background-image":"","background-repeat":"repeat","background-position":"center center","background-size":"auto","background-attachment":"scroll","background-type":"","background-media":"","overlay-type":"","overlay-color":"","overlay-gradient":""},"mobile":{"background-color":"","background-image":"","background-repeat":"repeat","background-position":"center center","background-size":"auto","background-attachment":"scroll","background-type":"","background-media":"","overlay-type":"","overlay-color":"","overlay-gradient":""}},"ast-content-background-meta":{"desktop":{"background-color":"var(--ast-global-color-5)","background-image":"","background-repeat":"repeat","background-position":"center center","background-size":"auto","background-attachment":"scroll","background-type":"","background-media":"","overlay-type":"","overlay-color":"","overlay-gradient":""},"tablet":{"background-color":"var(--ast-global-color-5)","background-image":"","background-repeat":"repeat","background-position":"center center","background-size":"auto","background-attachment":"scroll","background-type":"","background-media":"","overlay-type":"","overlay-color":"","overlay-gradient":""},"mobile":{"background-color":"var(--ast-global-color-5)","background-image":"","background-repeat":"repeat","background-position":"center center","background-size":"auto","background-attachment":"scroll","background-type":"","background-media":"","overlay-type":"","overlay-color":"","overlay-gradient":""}},"footnotes":""},"categories":[82,963,104,639,989,220,981,12909,935],"tags":[179348,28012,179349,78142,314,80752],"class_list":["post-85076","post","type-post","status-publish","format-standard","hentry","category-ciencias-economicas","category-economia-sectorial","category-historia","category-historia-de-paises","category-historia-moderna","category-historia-por-epocas","category-historia-regional","category-pais-vasco-euskal-herriko-unibertsitatea","category-sector-de-agricultura-silvicultura-ganaderia-y-pesca","tag-alvaro-aragon-ruano","tag-bilbao-bilbao-luis-maria","tag-gelabert-gonzalez-juan-eleoy","tag-inaki-reguera-acedo","tag-pere-molas-ribalta","tag-rafael-uriarte-ayo"],"_links":{"self":[{"href":"https:\/\/www.deberes.net\/tesis\/wp-json\/wp\/v2\/posts\/85076","targetHints":{"allow":["GET"]}}],"collection":[{"href":"https:\/\/www.deberes.net\/tesis\/wp-json\/wp\/v2\/posts"}],"about":[{"href":"https:\/\/www.deberes.net\/tesis\/wp-json\/wp\/v2\/types\/post"}],"author":[{"embeddable":true,"href":"https:\/\/www.deberes.net\/tesis\/wp-json\/wp\/v2\/users\/1"}],"replies":[{"embeddable":true,"href":"https:\/\/www.deberes.net\/tesis\/wp-json\/wp\/v2\/comments?post=85076"}],"version-history":[{"count":0,"href":"https:\/\/www.deberes.net\/tesis\/wp-json\/wp\/v2\/posts\/85076\/revisions"}],"wp:attachment":[{"href":"https:\/\/www.deberes.net\/tesis\/wp-json\/wp\/v2\/media?parent=85076"}],"wp:term":[{"taxonomy":"category","embeddable":true,"href":"https:\/\/www.deberes.net\/tesis\/wp-json\/wp\/v2\/categories?post=85076"},{"taxonomy":"post_tag","embeddable":true,"href":"https:\/\/www.deberes.net\/tesis\/wp-json\/wp\/v2\/tags?post=85076"}],"curies":[{"name":"wp","href":"https:\/\/api.w.org\/{rel}","templated":true}]}}