{"id":85102,"date":"2018-03-10T00:09:29","date_gmt":"2018-03-10T00:09:29","guid":{"rendered":"https:\/\/www.deberes.net\/tesis\/sin-categoria\/configuracion-asimetrica-del-sistema-de-comunidades-autonomas\/"},"modified":"2018-03-10T00:09:29","modified_gmt":"2018-03-10T00:09:29","slug":"configuracion-asimetrica-del-sistema-de-comunidades-autonomas","status":"publish","type":"post","link":"https:\/\/www.deberes.net\/tesis\/ciencias-juridicas-y-derecho\/configuracion-asimetrica-del-sistema-de-comunidades-autonomas\/","title":{"rendered":"Configuraci\u00f3n asim\u00e9trica del sistema de comunidades aut\u00f3nomas."},"content":{"rendered":"<h2>Tesis doctoral de <strong> Mar\u00eda  Esther Seijas Villadangos <\/strong><\/h2>\n<p>La asimetria en el contexto del derecho contitucional, concretamente en lo atinente al estudio de las formas territoriales de estado supone una modelidad de estructuraci\u00f3n territorial que presentan determinados estados en los que los entes dotados de autonom\u00eda pol\u00edtica que lo componen disfrutan de un trato constitucional diferenciado. Legitimado por el reconocimiento positivo de disponer de singularidades de diversa indole(ling\u00ed\u00bcisticas, culturales, jur\u00eddicas o financieras) con relaci\u00f3n a los restantes componentes del estado.  las principales asimetrias que se han identificado en el sistema espa\u00f1ol de comunidades aut\u00f3nomas nos remiten a los siguientes concretos supuestos: la foralidad; asimetrias financieras, b\u00e1sicamente el concierto y el convenio econ\u00f3mico; la cooficialidad ling\u00ed\u00afstica; la insolaridad y la extrapeninsularidad de ceuta y melilla.  esta situaci\u00f3n conlleva una llamada a la aptitud a la toma de conciencia activa de estas peculiaridades asim\u00e9tricas en el proceso de adopci\u00f3n de las decisiones que identifican al estado espa\u00f1ol, marcadas por el derecho u.E y la globalidad.<\/p>\n<p>&nbsp;<\/p>\n<h3>Datos acad\u00e9micos de la tesis doctoral \u00ab<strong>Configuraci\u00f3n asim\u00e9trica del sistema de comunidades aut\u00f3nomas.<\/strong>\u00ab<\/h3>\n<ul>\n<li><strong>T\u00edtulo de la tesis:<\/strong>\u00a0 Configuraci\u00f3n asim\u00e9trica del sistema de comunidades aut\u00f3nomas. <\/li>\n<li><strong>Autor:<\/strong>\u00a0 Mar\u00eda  Esther Seijas Villadangos <\/li>\n<li><strong>Universidad:<\/strong>\u00a0 Le\u00f3n<\/li>\n<li><strong>Fecha de lectura de la tesis:<\/strong>\u00a0 17\/06\/2000<\/li>\n<\/ul>\n<p>&nbsp;<\/p>\n<h3>Direcci\u00f3n y tribunal<\/h3>\n<ul>\n<li><strong>Director de la tesis<\/strong>\n<ul>\n<li> Garcia Alvarez Manuel Benigno<\/li>\n<\/ul>\n<\/li>\n<li><strong>Tribunal<\/strong>\n<ul>\n<li>Presidente del tribunal: pedro De vega garcia <\/li>\n<li>Francisco Fern\u00e1ndez segado (vocal)<\/li>\n<li>remedio Sanchez ferriz (vocal)<\/li>\n<li> Ordo\u00f1ez robina Jos\u00e9 Mar\u00eda (vocal)<\/li>\n<\/ul>\n<\/li>\n<\/ul>\n<p>&nbsp;<\/p>\n","protected":false},"excerpt":{"rendered":"<p>Tesis doctoral de Mar\u00eda Esther Seijas Villadangos La asimetria en el contexto del derecho contitucional, concretamente en lo atinente al [&hellip;]<\/p>\n","protected":false},"author":1,"featured_media":0,"comment_status":"open","ping_status":"open","sticky":false,"template":"","format":"standard","meta":{"site-sidebar-layout":"default","site-content-layout":"","ast-site-content-layout":"","site-content-style":"default","site-sidebar-style":"default","ast-global-header-display":"","ast-banner-title-visibility":"","ast-main-header-display":"","ast-hfb-above-header-display":"","ast-hfb-below-header-display":"","ast-hfb-mobile-header-display":"","site-post-title":"","ast-breadcrumbs-content":"","ast-featured-img":"","footer-sml-layout":"","theme-transparent-header-meta":"","adv-header-id-meta":"","stick-header-meta":"","header-above-stick-meta":"","header-main-stick-meta":"","header-below-stick-meta":"","astra-migrate-meta-layouts":"default","ast-page-background-enabled":"default","ast-page-background-meta":{"desktop":{"background-color":"var(--ast-global-color-4)","background-image":"","background-repeat":"repeat","background-position":"center center","background-size":"auto","background-attachment":"scroll","background-type":"","background-media":"","overlay-type":"","overlay-color":"","overlay-gradient":""},"tablet":{"background-color":"","background-image":"","background-repeat":"repeat","background-position":"center center","background-size":"auto","background-attachment":"scroll","background-type":"","background-media":"","overlay-type":"","overlay-color":"","overlay-gradient":""},"mobile":{"background-color":"","background-image":"","background-repeat":"repeat","background-position":"center center","background-size":"auto","background-attachment":"scroll","background-type":"","background-media":"","overlay-type":"","overlay-color":"","overlay-gradient":""}},"ast-content-background-meta":{"desktop":{"background-color":"var(--ast-global-color-5)","background-image":"","background-repeat":"repeat","background-position":"center center","background-size":"auto","background-attachment":"scroll","background-type":"","background-media":"","overlay-type":"","overlay-color":"","overlay-gradient":""},"tablet":{"background-color":"var(--ast-global-color-5)","background-image":"","background-repeat":"repeat","background-position":"center center","background-size":"auto","background-attachment":"scroll","background-type":"","background-media":"","overlay-type":"","overlay-color":"","overlay-gradient":""},"mobile":{"background-color":"var(--ast-global-color-5)","background-image":"","background-repeat":"repeat","background-position":"center center","background-size":"auto","background-attachment":"scroll","background-type":"","background-media":"","overlay-type":"","overlay-color":"","overlay-gradient":""}},"footnotes":""},"categories":[612,1450,979,4430],"tags":[24409,179387,179386,65755,9449,45416],"class_list":["post-85102","post","type-post","status-publish","format-standard","hentry","category-ciencias-juridicas-y-derecho","category-derecho-constitucional","category-derecho-y-legislacion-nacionales","category-leon","tag-francisco-fernandez-segado","tag-garcia-alvarez-manuel-benigno","tag-maria-esther-seijas-villadangos","tag-ordonez-robina-jose-maria","tag-pedro-de-vega-garcia","tag-remedio-sanchez-ferriz"],"_links":{"self":[{"href":"https:\/\/www.deberes.net\/tesis\/wp-json\/wp\/v2\/posts\/85102","targetHints":{"allow":["GET"]}}],"collection":[{"href":"https:\/\/www.deberes.net\/tesis\/wp-json\/wp\/v2\/posts"}],"about":[{"href":"https:\/\/www.deberes.net\/tesis\/wp-json\/wp\/v2\/types\/post"}],"author":[{"embeddable":true,"href":"https:\/\/www.deberes.net\/tesis\/wp-json\/wp\/v2\/users\/1"}],"replies":[{"embeddable":true,"href":"https:\/\/www.deberes.net\/tesis\/wp-json\/wp\/v2\/comments?post=85102"}],"version-history":[{"count":0,"href":"https:\/\/www.deberes.net\/tesis\/wp-json\/wp\/v2\/posts\/85102\/revisions"}],"wp:attachment":[{"href":"https:\/\/www.deberes.net\/tesis\/wp-json\/wp\/v2\/media?parent=85102"}],"wp:term":[{"taxonomy":"category","embeddable":true,"href":"https:\/\/www.deberes.net\/tesis\/wp-json\/wp\/v2\/categories?post=85102"},{"taxonomy":"post_tag","embeddable":true,"href":"https:\/\/www.deberes.net\/tesis\/wp-json\/wp\/v2\/tags?post=85102"}],"curies":[{"name":"wp","href":"https:\/\/api.w.org\/{rel}","templated":true}]}}